{"id":87,"count":858,"description":"Rad Vije\u0107a za elektroni\u010dke medije je javan.\r\n\r\nSukladno svom Poslovniku o radu, Vije\u0107e radi na sjednicama koje se odr\u017eavaju prema potrebi, a u pravilu tjedno i to naj\u010de\u0161\u0107e srijedom u 11,00 sati. Vije\u0107e pridr\u017eava pravo izmijeniti termin odr\u017eavanja sjednice, a time i rok za prethodnu najavu dolaska javnosti.\r\n\r\nSvi zaklju\u010dci i odluke iz dnevnog reda o kojima se na sjednicama raspravlja redovito se objavljuju na web stranici Agencije za elektroni\u010dke medije. Temeljem \u010dlanka 12. Zakona o pravu na pristup informacijama, Vije\u0107e osigurava javnost svog rada objavom zapisnika sa sjednica Vije\u0107a te objavom informacije o mogu\u0107nosti neposrednog uvida u njegov rad.\r\n\r\nSjednici Vije\u0107a mo\u017ee prisustvovati javnost uz prethodnu najavu dolaska najkasnije do petka u 14,00 sati za sjednicu Vije\u0107a koja \u0107e se odr\u017eati idu\u0107i tjedan. Za svaku sjednicu Vije\u0107a potrebno je najaviti dolazak na opisani na\u010din. Istodobno sjednici mo\u017ee prisustvovati najvi\u0161e sedam predstavnika javnosti, sukladno prostornim kapacitetima vije\u0107nice. Pravo prvenstva za sudjelovanje na sjednici utvr\u0111uje se prema redoslijedu prijavljivanja. Zahtjev za prisustvovanje sjednicama podnosi se putem <a href=\"https:\/\/docs.google.com\/forms\/d\/e\/1FAIpQLSche0LDjot1PnDloLDIE6exBrN-UsdKdooiKfv84DfrVRrDzA\/viewform\"> predvi\u0111enog obrasca.<\/a>\r\n\r\nPredstavnici javnosti na sjednicama Vije\u0107a za elektroni\u010dke medije nemaju pravo glasa, nemaju mogu\u0107nost raspravljanja i\/ili postavljanja pitanja, izno\u0161enja mi\u0161ljenja i sl. te se ne smiju slu\u017eiti mobilnim ure\u0111ajima, snima\u010dima, kamerama i sl. ure\u0111ajima. \r\n\r\nVije\u0107e nije du\u017eno osigurati neposredan uvid u svoj rad kada se radi o pitanjima u kojima se po zakonu javnost mora isklju\u010diti, odnosno ako se radi o informacijama za koje postoje ograni\u010denja prava na pristup prema odredbama Zakona o pravu na pristup informacijama.","link":"https:\/\/aem.hr\/en\/kategorija\/sjednice-vijeca\/","name":"Sjednice Vije\u0107a","slug":"sjednice-vijeca","taxonomy":"category","parent":0,"meta":[],"acf":[],"yoast_head":"<!-- This site is optimized with the Yoast SEO plugin v25.7 - https:\/\/yoast.com\/wordpress\/plugins\/seo\/ -->\n<title>Arhiva Sjednice Vije\u0107a - Agencija za elektroni\u010dke medije<\/title>\n<meta name=\"robots\" content=\"index, follow, max-snippet:-1, max-image-preview:large, max-video-preview:-1\" \/>\n<link rel=\"canonical\" href=\"https:\/\/aem.hr\/kategorija\/sjednice-vijeca\/\" \/>\n<meta property=\"og:locale\" content=\"en_US\" \/>\n<meta property=\"og:type\" content=\"article\" \/>\n<meta property=\"og:title\" content=\"Arhiva Sjednice Vije\u0107a - Agencija za elektroni\u010dke medije\" \/>\n<meta property=\"og:description\" content=\"Rad Vije\u0107a za elektroni\u010dke medije je javan. Sukladno svom Poslovniku o radu, Vije\u0107e radi na sjednicama koje se odr\u017eavaju prema potrebi, a u pravilu tjedno i to naj\u010de\u0161\u0107e srijedom u 11,00 sati. Vije\u0107e pridr\u017eava pravo izmijeniti termin odr\u017eavanja sjednice, a time i rok za prethodnu najavu dolaska javnosti. Svi zaklju\u010dci i odluke iz dnevnog reda o kojima se na sjednicama raspravlja redovito se objavljuju na web stranici Agencije za elektroni\u010dke medije. Temeljem \u010dlanka 12. Zakona o pravu na pristup informacijama, Vije\u0107e osigurava javnost svog rada objavom zapisnika sa sjednica Vije\u0107a te objavom informacije o mogu\u0107nosti neposrednog uvida u njegov rad. Sjednici Vije\u0107a mo\u017ee prisustvovati javnost uz prethodnu najavu dolaska najkasnije do petka u 14,00 sati za sjednicu Vije\u0107a koja \u0107e se odr\u017eati idu\u0107i tjedan. Za svaku sjednicu Vije\u0107a potrebno je najaviti dolazak na opisani na\u010din. Istodobno sjednici mo\u017ee prisustvovati najvi\u0161e sedam predstavnika javnosti, sukladno prostornim kapacitetima vije\u0107nice. Pravo prvenstva za sudjelovanje na sjednici utvr\u0111uje se prema redoslijedu prijavljivanja. Zahtjev za prisustvovanje sjednicama podnosi se putem predvi\u0111enog obrasca. Predstavnici javnosti na sjednicama Vije\u0107a za elektroni\u010dke medije nemaju pravo glasa, nemaju mogu\u0107nost raspravljanja i\/ili postavljanja pitanja, izno\u0161enja mi\u0161ljenja i sl. te se ne smiju slu\u017eiti mobilnim ure\u0111ajima, snima\u010dima, kamerama i sl. ure\u0111ajima. Vije\u0107e nije du\u017eno osigurati neposredan uvid u svoj rad kada se radi o pitanjima u kojima se po zakonu javnost mora isklju\u010diti, odnosno ako se radi o informacijama za koje postoje ograni\u010denja prava na pristup prema odredbama Zakona o pravu na pristup informacijama.\" \/>\n<meta property=\"og:url\" content=\"https:\/\/aem.hr\/kategorija\/sjednice-vijeca\/\" \/>\n<meta property=\"og:site_name\" content=\"Agencija za elektroni\u010dke medije\" \/>\n<meta name=\"twitter:card\" content=\"summary_large_image\" \/>\n<script type=\"application\/ld+json\" class=\"yoast-schema-graph\">{\"@context\":\"https:\/\/schema.org\",\"@graph\":[{\"@type\":\"CollectionPage\",\"@id\":\"https:\/\/aem.hr\/kategorija\/sjednice-vijeca\/\",\"url\":\"https:\/\/aem.hr\/kategorija\/sjednice-vijeca\/\",\"name\":\"Arhiva Sjednice Vije\u0107a - Agencija za elektroni\u010dke medije\",\"isPartOf\":{\"@id\":\"https:\/\/aem.hr\/#website\"},\"breadcrumb\":{\"@id\":\"https:\/\/aem.hr\/kategorija\/sjednice-vijeca\/#breadcrumb\"},\"inLanguage\":\"en-US\"},{\"@type\":\"BreadcrumbList\",\"@id\":\"https:\/\/aem.hr\/kategorija\/sjednice-vijeca\/#breadcrumb\",\"itemListElement\":[{\"@type\":\"ListItem\",\"position\":1,\"name\":\"Po\u010detna stranica\",\"item\":\"https:\/\/aem.hr\/\"},{\"@type\":\"ListItem\",\"position\":2,\"name\":\"Sjednice Vije\u0107a\"}]},{\"@type\":\"WebSite\",\"@id\":\"https:\/\/aem.hr\/#website\",\"url\":\"https:\/\/aem.hr\/\",\"name\":\"Agencija za elektroni\u010dke medije\",\"description\":\"\",\"potentialAction\":[{\"@type\":\"SearchAction\",\"target\":{\"@type\":\"EntryPoint\",\"urlTemplate\":\"https:\/\/aem.hr\/?s={search_term_string}\"},\"query-input\":{\"@type\":\"PropertyValueSpecification\",\"valueRequired\":true,\"valueName\":\"search_term_string\"}}],\"inLanguage\":\"en-US\"}]}<\/script>\n<!-- \/ Yoast SEO plugin. -->","yoast_head_json":{"title":"Arhiva Sjednice Vije\u0107a - Agencija za elektroni\u010dke medije","robots":{"index":"index","follow":"follow","max-snippet":"max-snippet:-1","max-image-preview":"max-image-preview:large","max-video-preview":"max-video-preview:-1"},"canonical":"https:\/\/aem.hr\/kategorija\/sjednice-vijeca\/","og_locale":"en_US","og_type":"article","og_title":"Arhiva Sjednice Vije\u0107a - Agencija za elektroni\u010dke medije","og_description":"Rad Vije\u0107a za elektroni\u010dke medije je javan. Sukladno svom Poslovniku o radu, Vije\u0107e radi na sjednicama koje se odr\u017eavaju prema potrebi, a u pravilu tjedno i to naj\u010de\u0161\u0107e srijedom u 11,00 sati. Vije\u0107e pridr\u017eava pravo izmijeniti termin odr\u017eavanja sjednice, a time i rok za prethodnu najavu dolaska javnosti. Svi zaklju\u010dci i odluke iz dnevnog reda o kojima se na sjednicama raspravlja redovito se objavljuju na web stranici Agencije za elektroni\u010dke medije. Temeljem \u010dlanka 12. Zakona o pravu na pristup informacijama, Vije\u0107e osigurava javnost svog rada objavom zapisnika sa sjednica Vije\u0107a te objavom informacije o mogu\u0107nosti neposrednog uvida u njegov rad. Sjednici Vije\u0107a mo\u017ee prisustvovati javnost uz prethodnu najavu dolaska najkasnije do petka u 14,00 sati za sjednicu Vije\u0107a koja \u0107e se odr\u017eati idu\u0107i tjedan. Za svaku sjednicu Vije\u0107a potrebno je najaviti dolazak na opisani na\u010din. Istodobno sjednici mo\u017ee prisustvovati najvi\u0161e sedam predstavnika javnosti, sukladno prostornim kapacitetima vije\u0107nice. Pravo prvenstva za sudjelovanje na sjednici utvr\u0111uje se prema redoslijedu prijavljivanja. Zahtjev za prisustvovanje sjednicama podnosi se putem predvi\u0111enog obrasca. Predstavnici javnosti na sjednicama Vije\u0107a za elektroni\u010dke medije nemaju pravo glasa, nemaju mogu\u0107nost raspravljanja i\/ili postavljanja pitanja, izno\u0161enja mi\u0161ljenja i sl. te se ne smiju slu\u017eiti mobilnim ure\u0111ajima, snima\u010dima, kamerama i sl. ure\u0111ajima. Vije\u0107e nije du\u017eno osigurati neposredan uvid u svoj rad kada se radi o pitanjima u kojima se po zakonu javnost mora isklju\u010diti, odnosno ako se radi o informacijama za koje postoje ograni\u010denja prava na pristup prema odredbama Zakona o pravu na pristup informacijama.","og_url":"https:\/\/aem.hr\/kategorija\/sjednice-vijeca\/","og_site_name":"Agencija za elektroni\u010dke medije","twitter_card":"summary_large_image","schema":{"@context":"https:\/\/schema.org","@graph":[{"@type":"CollectionPage","@id":"https:\/\/aem.hr\/kategorija\/sjednice-vijeca\/","url":"https:\/\/aem.hr\/kategorija\/sjednice-vijeca\/","name":"Arhiva Sjednice Vije\u0107a - Agencija za elektroni\u010dke medije","isPartOf":{"@id":"https:\/\/aem.hr\/#website"},"breadcrumb":{"@id":"https:\/\/aem.hr\/kategorija\/sjednice-vijeca\/#breadcrumb"},"inLanguage":"en-US"},{"@type":"BreadcrumbList","@id":"https:\/\/aem.hr\/kategorija\/sjednice-vijeca\/#breadcrumb","itemListElement":[{"@type":"ListItem","position":1,"name":"Po\u010detna stranica","item":"https:\/\/aem.hr\/"},{"@type":"ListItem","position":2,"name":"Sjednice Vije\u0107a"}]},{"@type":"WebSite","@id":"https:\/\/aem.hr\/#website","url":"https:\/\/aem.hr\/","name":"Agencija za elektroni\u010dke medije","description":"","potentialAction":[{"@type":"SearchAction","target":{"@type":"EntryPoint","urlTemplate":"https:\/\/aem.hr\/?s={search_term_string}"},"query-input":{"@type":"PropertyValueSpecification","valueRequired":true,"valueName":"search_term_string"}}],"inLanguage":"en-US"}]}},"_links":{"self":[{"href":"https:\/\/aem.hr\/en\/wp-json\/wp\/v2\/categories\/87","targetHints":{"allow":["GET"]}}],"collection":[{"href":"https:\/\/aem.hr\/en\/wp-json\/wp\/v2\/categories"}],"about":[{"href":"https:\/\/aem.hr\/en\/wp-json\/wp\/v2\/taxonomies\/category"}],"wp:post_type":[{"href":"https:\/\/aem.hr\/en\/wp-json\/wp\/v2\/posts?categories=87"},{"href":"https:\/\/aem.hr\/en\/wp-json\/wp\/v2\/media?categories=87"},{"href":"https:\/\/aem.hr\/en\/wp-json\/wp\/v2\/tender?categories=87"}],"curies":[{"name":"wp","href":"https:\/\/api.w.org\/{rel}","templated":true}]}}