{"id":139,"date":"2018-11-06T09:41:06","date_gmt":"2018-11-06T08:41:06","guid":{"rendered":"http:\/\/emediji.inspirium.hr\/?p=139"},"modified":"2018-11-06T09:41:06","modified_gmt":"2018-11-06T08:41:06","slug":"europski-parlament-odobrio-revidiranu-direktivu-o-audiovizualnim-medijskim-uslugama","status":"publish","type":"post","link":"https:\/\/aem.hr\/en\/blog\/2018\/11\/06\/europski-parlament-odobrio-revidiranu-direktivu-o-audiovizualnim-medijskim-uslugama\/","title":{"rendered":"Europski parlament odobrio revidiranu Direktivu o audiovizualnim medijskim uslugama"},"content":{"rendered":"\n<p>Na svojoj plenarnoj sjednici Europski je parlament odobrio revidiranu Direktivu o audiovizualnim medijskim uslugama.<\/p>\n\n\n\n<p>Direktiva je dio Strategije jedinstvenog digitalnog tr\u017ei\u0161ta te se njezinim novim pravilima \u017eeli otvoriti put za pravednije regulativno okru\u017eenje u cjelokupnom audiovizualnom sektoru, uklju\u010duju\u0107i usluge na zahtjev i platforme za dijeljenje video sadr\u017eaja.&nbsp;<\/p>\n\n\n\n<p>Nova pravila Direktive poti\u010du europsku audiovizualnu produkciju i jam\u010de neovisnost audiovizualnih regulatora, ja\u010daju za\u0161titu maloljetnika te stavljaju naglasak na borbu protiv govora mr\u017enje u cjelokupnom audiovizualnom sadr\u017eaju.&nbsp;<\/p>\n\n\n\n<p>Nova Direktiva dodatno promovira europska djela garantiraju\u0107i udio od 30% europskih djela u katalozima pru\u017eatelja usluga na zahtjev te zadr\u017eava na\u010delo zemlje porijekla kao osnove regulacije audiovizualnih medija u zemljama \u010dlanicama EU, uz poja\u0161njenja vezana uz pitanja primjene pravila pojedine zemlje u pojedinim slu\u010dajevima.&nbsp;<\/p>\n\n\n\n<p>Andrus Ansip, potpredsjednik Europske komisije zadu\u017een za Jedinstveno digitalno tr\u017ei\u0161te i povjerenica Mariya Gabriel, zadu\u017eena za Digitalno gospodarstvo i dru\u0161tvo, pozdravili su izglasavanje ovog dokumenta: \u201eEuropa treba audiovizualna pravila prilago\u0111ena promjenjivom audiovizualnom okru\u017eenju. Svi dionici sada \u0107e biti dio pravednijeg regulativnog okru\u017eenja, u kojem su Europljani, posebice djeca, bolje za\u0161ti\u0107eni od govora mr\u017enje i \u0161tetnog sadr\u017eaja i u kojem europska produkcija mo\u017ee do\u017eivjeti procvat.\u201c&nbsp;<\/p>\n\n\n\n<p>Idu\u0107i korak je odobrenje revidirane Direktive o audiovizualnim medijskim uslugama od strane Europskog vije\u0107a u idu\u0107ih nekoliko tjedana, prije njezinog stupanja na snagu krajem ove godine. Nakon formalnog odobrenja, zemlje \u010dlanice EU imat \u0107e razdoblje od 21 mjeseca za transpoziciju nove Direktive u svoje nacionalno zakonodavstvo.<\/p>\n","protected":false},"excerpt":{"rendered":"<p>Na svojoj plenarnoj sjednici Europski je parlament odobrio revidiranu Direktivu o audiovizualnim medijskim uslugama. Direktiva je dio Strategije jedinstvenog digitalnog tr\u017ei\u0161ta te se njezinim novim pravilima \u017eeli otvoriti put za pravednije regulativno okru\u017eenje u cjelokupnom audiovizualnom sektoru, uklju\u010duju\u0107i usluge na zahtjev i platforme za dijeljenje video sadr\u017eaja.&nbsp; Nova pravila Direktive poti\u010du europsku audiovizualnu produkciju i [&hellip;]<\/p>\n","protected":false},"author":2,"featured_media":141,"comment_status":"open","ping_status":"open","sticky":false,"template":"","format":"standard","meta":{"_acf_changed":false,"inline_featured_image":false,"advgb_blocks_editor_width":"","advgb_blocks_columns_visual_guide":"","_links_to":"","_links_to_type":0,"footnotes":""},"categories":[5],"tags":[],"class_list":["post-139","post","type-post","status-publish","format-standard","has-post-thumbnail","hentry","category-vijesti"],"acf":[],"yoast_head":"<!-- This site is optimized with the Yoast SEO plugin v25.7 - https:\/\/yoast.com\/wordpress\/plugins\/seo\/ -->\n<title>Europski parlament odobrio revidiranu Direktivu o audiovizualnim medijskim uslugama - Agencija za elektroni\u010dke medije<\/title>\n<meta name=\"robots\" content=\"index, follow, max-snippet:-1, max-image-preview:large, max-video-preview:-1\" \/>\n<link rel=\"canonical\" href=\"https:\/\/aem.hr\/blog\/2018\/11\/06\/europski-parlament-odobrio-revidiranu-direktivu-o-audiovizualnim-medijskim-uslugama\/\" \/>\n<meta property=\"og:locale\" content=\"en_US\" \/>\n<meta property=\"og:type\" content=\"article\" \/>\n<meta property=\"og:title\" content=\"Europski parlament odobrio revidiranu Direktivu o audiovizualnim medijskim uslugama - Agencija za elektroni\u010dke medije\" \/>\n<meta property=\"og:description\" content=\"Na svojoj plenarnoj sjednici Europski je parlament odobrio revidiranu Direktivu o audiovizualnim medijskim uslugama. Direktiva je dio Strategije jedinstvenog digitalnog tr\u017ei\u0161ta te se njezinim novim pravilima \u017eeli otvoriti put za pravednije regulativno okru\u017eenje u cjelokupnom audiovizualnom sektoru, uklju\u010duju\u0107i usluge na zahtjev i platforme za dijeljenje video sadr\u017eaja.&nbsp; Nova pravila Direktive poti\u010du europsku audiovizualnu produkciju i [&hellip;]\" \/>\n<meta property=\"og:url\" content=\"https:\/\/aem.hr\/blog\/2018\/11\/06\/europski-parlament-odobrio-revidiranu-direktivu-o-audiovizualnim-medijskim-uslugama\/\" \/>\n<meta property=\"og:site_name\" content=\"Agencija za elektroni\u010dke medije\" \/>\n<meta property=\"article:published_time\" content=\"2018-11-06T08:41:06+00:00\" \/>\n<meta property=\"og:image\" content=\"https:\/\/aem.hr\/wp-content\/uploads\/2018\/11\/439828-PEIUGJ-539-1024x683.jpg\" \/>\n\t<meta property=\"og:image:width\" content=\"1024\" \/>\n\t<meta property=\"og:image:height\" content=\"683\" \/>\n\t<meta property=\"og:image:type\" content=\"image\/jpeg\" \/>\n<meta name=\"author\" content=\"stjepan\" \/>\n<meta name=\"twitter:card\" content=\"summary_large_image\" \/>\n<meta name=\"twitter:label1\" content=\"Written by\" \/>\n\t<meta name=\"twitter:data1\" content=\"stjepan\" \/>\n\t<meta name=\"twitter:label2\" content=\"Est. reading time\" \/>\n\t<meta name=\"twitter:data2\" content=\"1 minute\" \/>\n<script type=\"application\/ld+json\" class=\"yoast-schema-graph\">{\"@context\":\"https:\/\/schema.org\",\"@graph\":[{\"@type\":\"WebPage\",\"@id\":\"https:\/\/aem.hr\/blog\/2018\/11\/06\/europski-parlament-odobrio-revidiranu-direktivu-o-audiovizualnim-medijskim-uslugama\/\",\"url\":\"https:\/\/aem.hr\/blog\/2018\/11\/06\/europski-parlament-odobrio-revidiranu-direktivu-o-audiovizualnim-medijskim-uslugama\/\",\"name\":\"Europski parlament odobrio revidiranu Direktivu o audiovizualnim medijskim uslugama - Agencija za elektroni\u010dke medije\",\"isPartOf\":{\"@id\":\"https:\/\/aem.hr\/#website\"},\"primaryImageOfPage\":{\"@id\":\"https:\/\/aem.hr\/blog\/2018\/11\/06\/europski-parlament-odobrio-revidiranu-direktivu-o-audiovizualnim-medijskim-uslugama\/#primaryimage\"},\"image\":{\"@id\":\"https:\/\/aem.hr\/blog\/2018\/11\/06\/europski-parlament-odobrio-revidiranu-direktivu-o-audiovizualnim-medijskim-uslugama\/#primaryimage\"},\"thumbnailUrl\":\"https:\/\/aem.hr\/wp-content\/uploads\/2018\/11\/439828-PEIUGJ-539.jpg\",\"datePublished\":\"2018-11-06T08:41:06+00:00\",\"author\":{\"@id\":\"https:\/\/aem.hr\/#\/schema\/person\/b4d2aa4a78527314eb2b18d5805a1cc7\"},\"breadcrumb\":{\"@id\":\"https:\/\/aem.hr\/blog\/2018\/11\/06\/europski-parlament-odobrio-revidiranu-direktivu-o-audiovizualnim-medijskim-uslugama\/#breadcrumb\"},\"inLanguage\":\"en-US\",\"potentialAction\":[{\"@type\":\"ReadAction\",\"target\":[\"https:\/\/aem.hr\/blog\/2018\/11\/06\/europski-parlament-odobrio-revidiranu-direktivu-o-audiovizualnim-medijskim-uslugama\/\"]}]},{\"@type\":\"ImageObject\",\"inLanguage\":\"en-US\",\"@id\":\"https:\/\/aem.hr\/blog\/2018\/11\/06\/europski-parlament-odobrio-revidiranu-direktivu-o-audiovizualnim-medijskim-uslugama\/#primaryimage\",\"url\":\"https:\/\/aem.hr\/wp-content\/uploads\/2018\/11\/439828-PEIUGJ-539.jpg\",\"contentUrl\":\"https:\/\/aem.hr\/wp-content\/uploads\/2018\/11\/439828-PEIUGJ-539.jpg\",\"width\":5206,\"height\":3471},{\"@type\":\"BreadcrumbList\",\"@id\":\"https:\/\/aem.hr\/blog\/2018\/11\/06\/europski-parlament-odobrio-revidiranu-direktivu-o-audiovizualnim-medijskim-uslugama\/#breadcrumb\",\"itemListElement\":[{\"@type\":\"ListItem\",\"position\":1,\"name\":\"Po\u010detna stranica\",\"item\":\"https:\/\/aem.hr\/\"},{\"@type\":\"ListItem\",\"position\":2,\"name\":\"Europski parlament odobrio revidiranu Direktivu o audiovizualnim medijskim uslugama\"}]},{\"@type\":\"WebSite\",\"@id\":\"https:\/\/aem.hr\/#website\",\"url\":\"https:\/\/aem.hr\/\",\"name\":\"Agencija za elektroni\u010dke medije\",\"description\":\"\",\"potentialAction\":[{\"@type\":\"SearchAction\",\"target\":{\"@type\":\"EntryPoint\",\"urlTemplate\":\"https:\/\/aem.hr\/?s={search_term_string}\"},\"query-input\":{\"@type\":\"PropertyValueSpecification\",\"valueRequired\":true,\"valueName\":\"search_term_string\"}}],\"inLanguage\":\"en-US\"},{\"@type\":\"Person\",\"@id\":\"https:\/\/aem.hr\/#\/schema\/person\/b4d2aa4a78527314eb2b18d5805a1cc7\",\"name\":\"stjepan\",\"url\":\"https:\/\/aem.hr\/en\/blog\/author\/stjepan\/\"}]}<\/script>\n<!-- \/ Yoast SEO plugin. -->","yoast_head_json":{"title":"Europski parlament odobrio revidiranu Direktivu o audiovizualnim medijskim uslugama - Agencija za elektroni\u010dke medije","robots":{"index":"index","follow":"follow","max-snippet":"max-snippet:-1","max-image-preview":"max-image-preview:large","max-video-preview":"max-video-preview:-1"},"canonical":"https:\/\/aem.hr\/blog\/2018\/11\/06\/europski-parlament-odobrio-revidiranu-direktivu-o-audiovizualnim-medijskim-uslugama\/","og_locale":"en_US","og_type":"article","og_title":"Europski parlament odobrio revidiranu Direktivu o audiovizualnim medijskim uslugama - Agencija za elektroni\u010dke medije","og_description":"Na svojoj plenarnoj sjednici Europski je parlament odobrio revidiranu Direktivu o audiovizualnim medijskim uslugama. Direktiva je dio Strategije jedinstvenog digitalnog tr\u017ei\u0161ta te se njezinim novim pravilima \u017eeli otvoriti put za pravednije regulativno okru\u017eenje u cjelokupnom audiovizualnom sektoru, uklju\u010duju\u0107i usluge na zahtjev i platforme za dijeljenje video sadr\u017eaja.&nbsp; Nova pravila Direktive poti\u010du europsku audiovizualnu produkciju i [&hellip;]","og_url":"https:\/\/aem.hr\/blog\/2018\/11\/06\/europski-parlament-odobrio-revidiranu-direktivu-o-audiovizualnim-medijskim-uslugama\/","og_site_name":"Agencija za elektroni\u010dke medije","article_published_time":"2018-11-06T08:41:06+00:00","og_image":[{"width":1024,"height":683,"url":"https:\/\/aem.hr\/wp-content\/uploads\/2018\/11\/439828-PEIUGJ-539-1024x683.jpg","type":"image\/jpeg"}],"author":"stjepan","twitter_card":"summary_large_image","twitter_misc":{"Written by":"stjepan","Est. reading time":"1 minute"},"schema":{"@context":"https:\/\/schema.org","@graph":[{"@type":"WebPage","@id":"https:\/\/aem.hr\/blog\/2018\/11\/06\/europski-parlament-odobrio-revidiranu-direktivu-o-audiovizualnim-medijskim-uslugama\/","url":"https:\/\/aem.hr\/blog\/2018\/11\/06\/europski-parlament-odobrio-revidiranu-direktivu-o-audiovizualnim-medijskim-uslugama\/","name":"Europski parlament odobrio revidiranu Direktivu o audiovizualnim medijskim uslugama - Agencija za elektroni\u010dke medije","isPartOf":{"@id":"https:\/\/aem.hr\/#website"},"primaryImageOfPage":{"@id":"https:\/\/aem.hr\/blog\/2018\/11\/06\/europski-parlament-odobrio-revidiranu-direktivu-o-audiovizualnim-medijskim-uslugama\/#primaryimage"},"image":{"@id":"https:\/\/aem.hr\/blog\/2018\/11\/06\/europski-parlament-odobrio-revidiranu-direktivu-o-audiovizualnim-medijskim-uslugama\/#primaryimage"},"thumbnailUrl":"https:\/\/aem.hr\/wp-content\/uploads\/2018\/11\/439828-PEIUGJ-539.jpg","datePublished":"2018-11-06T08:41:06+00:00","author":{"@id":"https:\/\/aem.hr\/#\/schema\/person\/b4d2aa4a78527314eb2b18d5805a1cc7"},"breadcrumb":{"@id":"https:\/\/aem.hr\/blog\/2018\/11\/06\/europski-parlament-odobrio-revidiranu-direktivu-o-audiovizualnim-medijskim-uslugama\/#breadcrumb"},"inLanguage":"en-US","potentialAction":[{"@type":"ReadAction","target":["https:\/\/aem.hr\/blog\/2018\/11\/06\/europski-parlament-odobrio-revidiranu-direktivu-o-audiovizualnim-medijskim-uslugama\/"]}]},{"@type":"ImageObject","inLanguage":"en-US","@id":"https:\/\/aem.hr\/blog\/2018\/11\/06\/europski-parlament-odobrio-revidiranu-direktivu-o-audiovizualnim-medijskim-uslugama\/#primaryimage","url":"https:\/\/aem.hr\/wp-content\/uploads\/2018\/11\/439828-PEIUGJ-539.jpg","contentUrl":"https:\/\/aem.hr\/wp-content\/uploads\/2018\/11\/439828-PEIUGJ-539.jpg","width":5206,"height":3471},{"@type":"BreadcrumbList","@id":"https:\/\/aem.hr\/blog\/2018\/11\/06\/europski-parlament-odobrio-revidiranu-direktivu-o-audiovizualnim-medijskim-uslugama\/#breadcrumb","itemListElement":[{"@type":"ListItem","position":1,"name":"Po\u010detna stranica","item":"https:\/\/aem.hr\/"},{"@type":"ListItem","position":2,"name":"Europski parlament odobrio revidiranu Direktivu o audiovizualnim medijskim uslugama"}]},{"@type":"WebSite","@id":"https:\/\/aem.hr\/#website","url":"https:\/\/aem.hr\/","name":"Agencija za elektroni\u010dke medije","description":"","potentialAction":[{"@type":"SearchAction","target":{"@type":"EntryPoint","urlTemplate":"https:\/\/aem.hr\/?s={search_term_string}"},"query-input":{"@type":"PropertyValueSpecification","valueRequired":true,"valueName":"search_term_string"}}],"inLanguage":"en-US"},{"@type":"Person","@id":"https:\/\/aem.hr\/#\/schema\/person\/b4d2aa4a78527314eb2b18d5805a1cc7","name":"stjepan","url":"https:\/\/aem.hr\/en\/blog\/author\/stjepan\/"}]}},"author_meta":{"display_name":"stjepan","author_link":"https:\/\/aem.hr\/en\/blog\/author\/stjepan\/"},"featured_img":"https:\/\/aem.hr\/wp-content\/uploads\/2018\/11\/439828-PEIUGJ-539-300x200.jpg","coauthors":[],"tax_additional":{"categories":{"linked":["<a href=\"https:\/\/aem.hr\/en\/kategorija\/vijesti\/\" class=\"advgb-post-tax-term\">Vijesti<\/a>"],"unlinked":["<span class=\"advgb-post-tax-term\">Vijesti<\/span>"]}},"comment_count":"1","relative_dates":{"created":"Posted 7 years ago","modified":"Updated 7 years ago"},"absolute_dates":{"created":"Posted on 6. November 2018.","modified":"Updated on 6. November 2018."},"absolute_dates_time":{"created":"Posted on 6. November 2018. 9:41","modified":"Updated on 6. November 2018. 9:41"},"featured_img_caption":"","series_order":"","_links":{"self":[{"href":"https:\/\/aem.hr\/en\/wp-json\/wp\/v2\/posts\/139","targetHints":{"allow":["GET"]}}],"collection":[{"href":"https:\/\/aem.hr\/en\/wp-json\/wp\/v2\/posts"}],"about":[{"href":"https:\/\/aem.hr\/en\/wp-json\/wp\/v2\/types\/post"}],"author":[{"embeddable":true,"href":"https:\/\/aem.hr\/en\/wp-json\/wp\/v2\/users\/2"}],"replies":[{"embeddable":true,"href":"https:\/\/aem.hr\/en\/wp-json\/wp\/v2\/comments?post=139"}],"version-history":[{"count":1,"href":"https:\/\/aem.hr\/en\/wp-json\/wp\/v2\/posts\/139\/revisions"}],"predecessor-version":[{"id":142,"href":"https:\/\/aem.hr\/en\/wp-json\/wp\/v2\/posts\/139\/revisions\/142"}],"wp:featuredmedia":[{"embeddable":true,"href":"https:\/\/aem.hr\/en\/wp-json\/wp\/v2\/media\/141"}],"wp:attachment":[{"href":"https:\/\/aem.hr\/en\/wp-json\/wp\/v2\/media?parent=139"}],"wp:term":[{"taxonomy":"category","embeddable":true,"href":"https:\/\/aem.hr\/en\/wp-json\/wp\/v2\/categories?post=139"},{"taxonomy":"post_tag","embeddable":true,"href":"https:\/\/aem.hr\/en\/wp-json\/wp\/v2\/tags?post=139"}],"curies":[{"name":"wp","href":"https:\/\/api.w.org\/{rel}","templated":true}]}}