{"id":13964,"date":"2022-12-01T12:39:57","date_gmt":"2022-12-01T11:39:57","guid":{"rendered":"http:\/\/aem.hr\/?p=13964"},"modified":"2022-12-01T14:15:05","modified_gmt":"2022-12-01T13:15:05","slug":"odluke-o-izmjenama-odluka-o-raspisivanju-javnog-natjecaja-za-dodjelu-sredstava-fonda-za-poticanje-pluralizma-i-raznovrsnosti-elektronickih-medija-broj-2-22-i-3-22","status":"publish","type":"post","link":"https:\/\/aem.hr\/en\/blog\/2022\/12\/01\/odluke-o-izmjenama-odluka-o-raspisivanju-javnog-natjecaja-za-dodjelu-sredstava-fonda-za-poticanje-pluralizma-i-raznovrsnosti-elektronickih-medija-broj-2-22-i-3-22\/","title":{"rendered":"Odluke o izmjenama odluka o raspisivanju Javnog natje\u010daja za dodjelu sredstava Fonda za poticanje pluralizma i raznovrsnosti elektroni\u010dkih medija broj 2\/22 i 3\/22"},"content":{"rendered":"\n<p>Vije\u0107e za elektroni\u010dke medije na 45\/22 sjednici odr\u017eanoj 1. prosinca 2022. donijelo je sljede\u0107e odluke:<\/p>\n\n\n\n<ul class=\"wp-block-list\">\n<li><a href=\"https:\/\/aem.hr\/wp-content\/uploads\/2022\/12\/Odluka-o-izmjeni-odluke_JN-2-22.pdf\">Odluka o izmjeni odluke broj 2\/22 (potpora male vrijednosti) za dodjelu sredstava Fonda za poticanje pluralizma i raznovrsnosti elektroni\u010dkih medija za 2023. godinu, i to: neprofitnim nakladnicima radija i nakladnicima radija na lokalnoj i regionalnoj razini; neprofitnim pru\u017eateljima medijskih usluga radija i televizije satelitom, internetom i kabelom iz \u010dlanaka 26. i 92. ZEM-a., za 2023. godinu<\/a>;<\/li>\n\n\n\n<li><a href=\"https:\/\/aem.hr\/wp-content\/uploads\/2022\/12\/Odluka-o-izmjeni-odluke_JN-3-22.pdf\">Odluka o izmjeni odluke broj 3\/22 (dr\u017eavna potpora) za dodjelu sredstava Fonda za poticanje pluralizma i raznovrsnosti elektroni\u010dkih medija za 2023. godinu, i to: nakladnicima neprofitne televizije i nakladnika televizije na lokalnoj i regionalnoj razini; neprofitnim nakladnicima radija i nakladnicima radija na lokalnoj i regionalnoj razini<\/a>.<\/li>\n<\/ul>\n\n\n\n<p>Navedenim izmjenama izmijenjen je teskt javnih natje\u010daja koji se odnosi na kategoriju ostalih tro\u0161kova te je ujedno produljen rok za podno\u0161enje prijava na javni natje\u010daj.<\/p>\n\n\n\n<p>Novi rok za podno\u0161enje prijava na Javni natje\u010daj broj 2\/22 je 23. prosinca 2022.<\/p>\n\n\n\n<p>Novi rok za podno\u0161enje prijava na Javni natje\u010daj broj 3\/22 je 30. prosinca 2022.<\/p>\n","protected":false},"excerpt":{"rendered":"<p>Vije\u0107e za elektroni\u010dke medije na 45\/22 sjednici odr\u017eanoj 1. prosinca 2022. donijelo je sljede\u0107e odluke: Navedenim izmjenama izmijenjen je teskt javnih natje\u010daja koji se odnosi na kategoriju ostalih tro\u0161kova te je ujedno produljen rok za podno\u0161enje prijava na javni natje\u010daj. Novi rok za podno\u0161enje prijava na Javni natje\u010daj broj 2\/22 je 23. prosinca 2022. Novi [&hellip;]<\/p>\n","protected":false},"author":25,"featured_media":9385,"comment_status":"closed","ping_status":"closed","sticky":false,"template":"","format":"standard","meta":{"_acf_changed":false,"inline_featured_image":false,"advgb_blocks_editor_width":"","advgb_blocks_columns_visual_guide":"","_links_to":"","_links_to_type":0,"footnotes":""},"categories":[89,5],"tags":[],"class_list":["post-13964","post","type-post","status-publish","format-standard","has-post-thumbnail","hentry","category-fond-za-pluralizam","category-vijesti"],"acf":[],"yoast_head":"<!-- This site is optimized with the Yoast SEO plugin v25.7 - https:\/\/yoast.com\/wordpress\/plugins\/seo\/ -->\n<title>Odluke o izmjenama odluka o raspisivanju Javnog natje\u010daja za dodjelu sredstava Fonda za poticanje pluralizma i raznovrsnosti elektroni\u010dkih medija broj 2\/22 i 3\/22 - Agencija za elektroni\u010dke medije<\/title>\n<meta name=\"robots\" content=\"index, follow, max-snippet:-1, max-image-preview:large, max-video-preview:-1\" \/>\n<link rel=\"canonical\" href=\"https:\/\/aem.hr\/blog\/2022\/12\/01\/odluke-o-izmjenama-odluka-o-raspisivanju-javnog-natjecaja-za-dodjelu-sredstava-fonda-za-poticanje-pluralizma-i-raznovrsnosti-elektronickih-medija-broj-2-22-i-3-22\/\" \/>\n<meta property=\"og:locale\" content=\"en_US\" \/>\n<meta property=\"og:type\" content=\"article\" \/>\n<meta property=\"og:title\" content=\"Odluke o izmjenama odluka o raspisivanju Javnog natje\u010daja za dodjelu sredstava Fonda za poticanje pluralizma i raznovrsnosti elektroni\u010dkih medija broj 2\/22 i 3\/22 - Agencija za elektroni\u010dke medije\" \/>\n<meta property=\"og:description\" content=\"Vije\u0107e za elektroni\u010dke medije na 45\/22 sjednici odr\u017eanoj 1. prosinca 2022. donijelo je sljede\u0107e odluke: Navedenim izmjenama izmijenjen je teskt javnih natje\u010daja koji se odnosi na kategoriju ostalih tro\u0161kova te je ujedno produljen rok za podno\u0161enje prijava na javni natje\u010daj. Novi rok za podno\u0161enje prijava na Javni natje\u010daj broj 2\/22 je 23. prosinca 2022. Novi [&hellip;]\" \/>\n<meta property=\"og:url\" content=\"https:\/\/aem.hr\/blog\/2022\/12\/01\/odluke-o-izmjenama-odluka-o-raspisivanju-javnog-natjecaja-za-dodjelu-sredstava-fonda-za-poticanje-pluralizma-i-raznovrsnosti-elektronickih-medija-broj-2-22-i-3-22\/\" \/>\n<meta property=\"og:site_name\" content=\"Agencija za elektroni\u010dke medije\" \/>\n<meta property=\"article:published_time\" content=\"2022-12-01T11:39:57+00:00\" \/>\n<meta property=\"article:modified_time\" content=\"2022-12-01T13:15:05+00:00\" \/>\n<meta name=\"author\" content=\"Matija Zeko\" \/>\n<meta name=\"twitter:card\" content=\"summary_large_image\" \/>\n<meta name=\"twitter:label1\" content=\"Written by\" \/>\n\t<meta name=\"twitter:data1\" content=\"Matija Zeko\" \/>\n\t<meta name=\"twitter:label2\" content=\"Est. reading time\" \/>\n\t<meta name=\"twitter:data2\" content=\"1 minute\" \/>\n<script type=\"application\/ld+json\" class=\"yoast-schema-graph\">{\"@context\":\"https:\/\/schema.org\",\"@graph\":[{\"@type\":\"WebPage\",\"@id\":\"https:\/\/aem.hr\/blog\/2022\/12\/01\/odluke-o-izmjenama-odluka-o-raspisivanju-javnog-natjecaja-za-dodjelu-sredstava-fonda-za-poticanje-pluralizma-i-raznovrsnosti-elektronickih-medija-broj-2-22-i-3-22\/\",\"url\":\"https:\/\/aem.hr\/blog\/2022\/12\/01\/odluke-o-izmjenama-odluka-o-raspisivanju-javnog-natjecaja-za-dodjelu-sredstava-fonda-za-poticanje-pluralizma-i-raznovrsnosti-elektronickih-medija-broj-2-22-i-3-22\/\",\"name\":\"Odluke o izmjenama odluka o raspisivanju Javnog natje\u010daja za dodjelu sredstava Fonda za poticanje pluralizma i raznovrsnosti elektroni\u010dkih medija broj 2\/22 i 3\/22 - Agencija za elektroni\u010dke medije\",\"isPartOf\":{\"@id\":\"https:\/\/aem.hr\/#website\"},\"primaryImageOfPage\":{\"@id\":\"https:\/\/aem.hr\/blog\/2022\/12\/01\/odluke-o-izmjenama-odluka-o-raspisivanju-javnog-natjecaja-za-dodjelu-sredstava-fonda-za-poticanje-pluralizma-i-raznovrsnosti-elektronickih-medija-broj-2-22-i-3-22\/#primaryimage\"},\"image\":{\"@id\":\"https:\/\/aem.hr\/blog\/2022\/12\/01\/odluke-o-izmjenama-odluka-o-raspisivanju-javnog-natjecaja-za-dodjelu-sredstava-fonda-za-poticanje-pluralizma-i-raznovrsnosti-elektronickih-medija-broj-2-22-i-3-22\/#primaryimage\"},\"thumbnailUrl\":\"https:\/\/aem.hr\/wp-content\/uploads\/2021\/05\/AEM-logo-svg-web-900x450-1.svg\",\"datePublished\":\"2022-12-01T11:39:57+00:00\",\"dateModified\":\"2022-12-01T13:15:05+00:00\",\"author\":{\"@id\":\"https:\/\/aem.hr\/#\/schema\/person\/20f2dd152e4b347b8b9e2db61a46d6d9\"},\"breadcrumb\":{\"@id\":\"https:\/\/aem.hr\/blog\/2022\/12\/01\/odluke-o-izmjenama-odluka-o-raspisivanju-javnog-natjecaja-za-dodjelu-sredstava-fonda-za-poticanje-pluralizma-i-raznovrsnosti-elektronickih-medija-broj-2-22-i-3-22\/#breadcrumb\"},\"inLanguage\":\"en-US\",\"potentialAction\":[{\"@type\":\"ReadAction\",\"target\":[\"https:\/\/aem.hr\/blog\/2022\/12\/01\/odluke-o-izmjenama-odluka-o-raspisivanju-javnog-natjecaja-za-dodjelu-sredstava-fonda-za-poticanje-pluralizma-i-raznovrsnosti-elektronickih-medija-broj-2-22-i-3-22\/\"]}]},{\"@type\":\"ImageObject\",\"inLanguage\":\"en-US\",\"@id\":\"https:\/\/aem.hr\/blog\/2022\/12\/01\/odluke-o-izmjenama-odluka-o-raspisivanju-javnog-natjecaja-za-dodjelu-sredstava-fonda-za-poticanje-pluralizma-i-raznovrsnosti-elektronickih-medija-broj-2-22-i-3-22\/#primaryimage\",\"url\":\"https:\/\/aem.hr\/wp-content\/uploads\/2021\/05\/AEM-logo-svg-web-900x450-1.svg\",\"contentUrl\":\"https:\/\/aem.hr\/wp-content\/uploads\/2021\/05\/AEM-logo-svg-web-900x450-1.svg\",\"width\":900,\"height\":592},{\"@type\":\"BreadcrumbList\",\"@id\":\"https:\/\/aem.hr\/blog\/2022\/12\/01\/odluke-o-izmjenama-odluka-o-raspisivanju-javnog-natjecaja-za-dodjelu-sredstava-fonda-za-poticanje-pluralizma-i-raznovrsnosti-elektronickih-medija-broj-2-22-i-3-22\/#breadcrumb\",\"itemListElement\":[{\"@type\":\"ListItem\",\"position\":1,\"name\":\"Po\u010detna stranica\",\"item\":\"https:\/\/aem.hr\/\"},{\"@type\":\"ListItem\",\"position\":2,\"name\":\"Odluke o izmjenama odluka o raspisivanju Javnog natje\u010daja za dodjelu sredstava Fonda za poticanje pluralizma i raznovrsnosti elektroni\u010dkih medija broj 2\/22 i 3\/22\"}]},{\"@type\":\"WebSite\",\"@id\":\"https:\/\/aem.hr\/#website\",\"url\":\"https:\/\/aem.hr\/\",\"name\":\"Agencija za elektroni\u010dke medije\",\"description\":\"\",\"potentialAction\":[{\"@type\":\"SearchAction\",\"target\":{\"@type\":\"EntryPoint\",\"urlTemplate\":\"https:\/\/aem.hr\/?s={search_term_string}\"},\"query-input\":{\"@type\":\"PropertyValueSpecification\",\"valueRequired\":true,\"valueName\":\"search_term_string\"}}],\"inLanguage\":\"en-US\"},{\"@type\":\"Person\",\"@id\":\"https:\/\/aem.hr\/#\/schema\/person\/20f2dd152e4b347b8b9e2db61a46d6d9\",\"name\":\"Matija Zeko\",\"sameAs\":[\"http:\/\/aem.hr\"],\"url\":\"https:\/\/aem.hr\/en\/blog\/author\/matija-zeko\/\"}]}<\/script>\n<!-- \/ Yoast SEO plugin. -->","yoast_head_json":{"title":"Odluke o izmjenama odluka o raspisivanju Javnog natje\u010daja za dodjelu sredstava Fonda za poticanje pluralizma i raznovrsnosti elektroni\u010dkih medija broj 2\/22 i 3\/22 - Agencija za elektroni\u010dke medije","robots":{"index":"index","follow":"follow","max-snippet":"max-snippet:-1","max-image-preview":"max-image-preview:large","max-video-preview":"max-video-preview:-1"},"canonical":"https:\/\/aem.hr\/blog\/2022\/12\/01\/odluke-o-izmjenama-odluka-o-raspisivanju-javnog-natjecaja-za-dodjelu-sredstava-fonda-za-poticanje-pluralizma-i-raznovrsnosti-elektronickih-medija-broj-2-22-i-3-22\/","og_locale":"en_US","og_type":"article","og_title":"Odluke o izmjenama odluka o raspisivanju Javnog natje\u010daja za dodjelu sredstava Fonda za poticanje pluralizma i raznovrsnosti elektroni\u010dkih medija broj 2\/22 i 3\/22 - Agencija za elektroni\u010dke medije","og_description":"Vije\u0107e za elektroni\u010dke medije na 45\/22 sjednici odr\u017eanoj 1. prosinca 2022. donijelo je sljede\u0107e odluke: Navedenim izmjenama izmijenjen je teskt javnih natje\u010daja koji se odnosi na kategoriju ostalih tro\u0161kova te je ujedno produljen rok za podno\u0161enje prijava na javni natje\u010daj. Novi rok za podno\u0161enje prijava na Javni natje\u010daj broj 2\/22 je 23. prosinca 2022. Novi [&hellip;]","og_url":"https:\/\/aem.hr\/blog\/2022\/12\/01\/odluke-o-izmjenama-odluka-o-raspisivanju-javnog-natjecaja-za-dodjelu-sredstava-fonda-za-poticanje-pluralizma-i-raznovrsnosti-elektronickih-medija-broj-2-22-i-3-22\/","og_site_name":"Agencija za elektroni\u010dke medije","article_published_time":"2022-12-01T11:39:57+00:00","article_modified_time":"2022-12-01T13:15:05+00:00","author":"Matija Zeko","twitter_card":"summary_large_image","twitter_misc":{"Written by":"Matija Zeko","Est. reading time":"1 minute"},"schema":{"@context":"https:\/\/schema.org","@graph":[{"@type":"WebPage","@id":"https:\/\/aem.hr\/blog\/2022\/12\/01\/odluke-o-izmjenama-odluka-o-raspisivanju-javnog-natjecaja-za-dodjelu-sredstava-fonda-za-poticanje-pluralizma-i-raznovrsnosti-elektronickih-medija-broj-2-22-i-3-22\/","url":"https:\/\/aem.hr\/blog\/2022\/12\/01\/odluke-o-izmjenama-odluka-o-raspisivanju-javnog-natjecaja-za-dodjelu-sredstava-fonda-za-poticanje-pluralizma-i-raznovrsnosti-elektronickih-medija-broj-2-22-i-3-22\/","name":"Odluke o izmjenama odluka o raspisivanju Javnog natje\u010daja za dodjelu sredstava Fonda za poticanje pluralizma i raznovrsnosti elektroni\u010dkih medija broj 2\/22 i 3\/22 - Agencija za elektroni\u010dke medije","isPartOf":{"@id":"https:\/\/aem.hr\/#website"},"primaryImageOfPage":{"@id":"https:\/\/aem.hr\/blog\/2022\/12\/01\/odluke-o-izmjenama-odluka-o-raspisivanju-javnog-natjecaja-za-dodjelu-sredstava-fonda-za-poticanje-pluralizma-i-raznovrsnosti-elektronickih-medija-broj-2-22-i-3-22\/#primaryimage"},"image":{"@id":"https:\/\/aem.hr\/blog\/2022\/12\/01\/odluke-o-izmjenama-odluka-o-raspisivanju-javnog-natjecaja-za-dodjelu-sredstava-fonda-za-poticanje-pluralizma-i-raznovrsnosti-elektronickih-medija-broj-2-22-i-3-22\/#primaryimage"},"thumbnailUrl":"https:\/\/aem.hr\/wp-content\/uploads\/2021\/05\/AEM-logo-svg-web-900x450-1.svg","datePublished":"2022-12-01T11:39:57+00:00","dateModified":"2022-12-01T13:15:05+00:00","author":{"@id":"https:\/\/aem.hr\/#\/schema\/person\/20f2dd152e4b347b8b9e2db61a46d6d9"},"breadcrumb":{"@id":"https:\/\/aem.hr\/blog\/2022\/12\/01\/odluke-o-izmjenama-odluka-o-raspisivanju-javnog-natjecaja-za-dodjelu-sredstava-fonda-za-poticanje-pluralizma-i-raznovrsnosti-elektronickih-medija-broj-2-22-i-3-22\/#breadcrumb"},"inLanguage":"en-US","potentialAction":[{"@type":"ReadAction","target":["https:\/\/aem.hr\/blog\/2022\/12\/01\/odluke-o-izmjenama-odluka-o-raspisivanju-javnog-natjecaja-za-dodjelu-sredstava-fonda-za-poticanje-pluralizma-i-raznovrsnosti-elektronickih-medija-broj-2-22-i-3-22\/"]}]},{"@type":"ImageObject","inLanguage":"en-US","@id":"https:\/\/aem.hr\/blog\/2022\/12\/01\/odluke-o-izmjenama-odluka-o-raspisivanju-javnog-natjecaja-za-dodjelu-sredstava-fonda-za-poticanje-pluralizma-i-raznovrsnosti-elektronickih-medija-broj-2-22-i-3-22\/#primaryimage","url":"https:\/\/aem.hr\/wp-content\/uploads\/2021\/05\/AEM-logo-svg-web-900x450-1.svg","contentUrl":"https:\/\/aem.hr\/wp-content\/uploads\/2021\/05\/AEM-logo-svg-web-900x450-1.svg","width":900,"height":592},{"@type":"BreadcrumbList","@id":"https:\/\/aem.hr\/blog\/2022\/12\/01\/odluke-o-izmjenama-odluka-o-raspisivanju-javnog-natjecaja-za-dodjelu-sredstava-fonda-za-poticanje-pluralizma-i-raznovrsnosti-elektronickih-medija-broj-2-22-i-3-22\/#breadcrumb","itemListElement":[{"@type":"ListItem","position":1,"name":"Po\u010detna stranica","item":"https:\/\/aem.hr\/"},{"@type":"ListItem","position":2,"name":"Odluke o izmjenama odluka o raspisivanju Javnog natje\u010daja za dodjelu sredstava Fonda za poticanje pluralizma i raznovrsnosti elektroni\u010dkih medija broj 2\/22 i 3\/22"}]},{"@type":"WebSite","@id":"https:\/\/aem.hr\/#website","url":"https:\/\/aem.hr\/","name":"Agencija za elektroni\u010dke medije","description":"","potentialAction":[{"@type":"SearchAction","target":{"@type":"EntryPoint","urlTemplate":"https:\/\/aem.hr\/?s={search_term_string}"},"query-input":{"@type":"PropertyValueSpecification","valueRequired":true,"valueName":"search_term_string"}}],"inLanguage":"en-US"},{"@type":"Person","@id":"https:\/\/aem.hr\/#\/schema\/person\/20f2dd152e4b347b8b9e2db61a46d6d9","name":"Matija Zeko","sameAs":["http:\/\/aem.hr"],"url":"https:\/\/aem.hr\/en\/blog\/author\/matija-zeko\/"}]}},"author_meta":{"display_name":"Matija Zeko","author_link":"https:\/\/aem.hr\/en\/blog\/author\/matija-zeko\/"},"featured_img":"https:\/\/aem.hr\/wp-content\/uploads\/2021\/05\/AEM-logo-svg-web-900x450-1.svg","coauthors":[],"tax_additional":{"categories":{"linked":["<a href=\"https:\/\/aem.hr\/en\/kategorija\/fond-za-pluralizam\/\" class=\"advgb-post-tax-term\">Fond za pluralizam<\/a>","<a href=\"https:\/\/aem.hr\/en\/kategorija\/vijesti\/\" class=\"advgb-post-tax-term\">Vijesti<\/a>"],"unlinked":["<span class=\"advgb-post-tax-term\">Fond za pluralizam<\/span>","<span class=\"advgb-post-tax-term\">Vijesti<\/span>"]}},"comment_count":"0","relative_dates":{"created":"Posted 3 years ago","modified":"Updated 3 years ago"},"absolute_dates":{"created":"Posted on 1. December 2022.","modified":"Updated on 1. December 2022."},"absolute_dates_time":{"created":"Posted on 1. December 2022. 12:39","modified":"Updated on 1. December 2022. 14:15"},"featured_img_caption":"","series_order":"","_links":{"self":[{"href":"https:\/\/aem.hr\/en\/wp-json\/wp\/v2\/posts\/13964","targetHints":{"allow":["GET"]}}],"collection":[{"href":"https:\/\/aem.hr\/en\/wp-json\/wp\/v2\/posts"}],"about":[{"href":"https:\/\/aem.hr\/en\/wp-json\/wp\/v2\/types\/post"}],"author":[{"embeddable":true,"href":"https:\/\/aem.hr\/en\/wp-json\/wp\/v2\/users\/25"}],"replies":[{"embeddable":true,"href":"https:\/\/aem.hr\/en\/wp-json\/wp\/v2\/comments?post=13964"}],"version-history":[{"count":2,"href":"https:\/\/aem.hr\/en\/wp-json\/wp\/v2\/posts\/13964\/revisions"}],"predecessor-version":[{"id":13975,"href":"https:\/\/aem.hr\/en\/wp-json\/wp\/v2\/posts\/13964\/revisions\/13975"}],"wp:featuredmedia":[{"embeddable":true,"href":"https:\/\/aem.hr\/en\/wp-json\/wp\/v2\/media\/9385"}],"wp:attachment":[{"href":"https:\/\/aem.hr\/en\/wp-json\/wp\/v2\/media?parent=13964"}],"wp:term":[{"taxonomy":"category","embeddable":true,"href":"https:\/\/aem.hr\/en\/wp-json\/wp\/v2\/categories?post=13964"},{"taxonomy":"post_tag","embeddable":true,"href":"https:\/\/aem.hr\/en\/wp-json\/wp\/v2\/tags?post=13964"}],"curies":[{"name":"wp","href":"https:\/\/api.w.org\/{rel}","templated":true}]}}