{"id":16681,"date":"2023-07-06T13:40:11","date_gmt":"2023-07-06T11:40:11","guid":{"rendered":"http:\/\/aem.hr\/?p=16681"},"modified":"2023-07-06T13:40:12","modified_gmt":"2023-07-06T11:40:12","slug":"donesena-odluka-o-raspodjeli-sredstava-fonda-za-poticanje-pluralizma-i-raznovrsnosti-elektronickih-medija-broj-01-23","status":"publish","type":"post","link":"https:\/\/aem.hr\/en\/blog\/2023\/07\/06\/donesena-odluka-o-raspodjeli-sredstava-fonda-za-poticanje-pluralizma-i-raznovrsnosti-elektronickih-medija-broj-01-23\/","title":{"rendered":"Donesena odluka o raspodjeli sredstava Fonda za poticanje pluralizma i raznovrsnosti elektroni\u010dkih medija broj 01\/23"},"content":{"rendered":"\n<p>Vije\u0107e za elektroni\u010dke medije na sjednici odr\u017eanoj 6. srpnja 2023. donijelo je Odluku o raspodjeli sredstava Fonda za poticanje pluralizma i raznovrsnosti elektroni\u010dkih medija \u2013 profitnih pru\u017eatelja elektroni\u010dkih publikacija za 2023. godinu, ukupne vrijednosti 181.500,00 eura za profitne pru\u017eatelje elektroni\u010dkih publikacija.<\/p>\n\n\n\n<p>Na javni natje\u010daj prijavilo se 23 profitnih pru\u017eatelja elektroni\u010dkih publikacija. Vije\u0107e je analiziralo pristigle projekte te je dodijelilo sredstva za projekte 21 profitne elektroni\u010dke publikacije.<\/p>\n\n\n\n<p><a href=\"https:\/\/aem.hr\/wp-content\/uploads\/2023\/07\/Odluka-o-dodjeli-sredstava-Fonda-1-23.pdf\">Odluka o dodjeli sredstava Fonda 01\/23<\/a><\/p>\n","protected":false},"excerpt":{"rendered":"<p>Vije\u0107e za elektroni\u010dke medije na sjednici odr\u017eanoj 6. srpnja 2023. donijelo je Odluku o raspodjeli sredstava Fonda za poticanje pluralizma i raznovrsnosti elektroni\u010dkih medija \u2013 profitnih pru\u017eatelja elektroni\u010dkih publikacija za 2023. godinu, ukupne vrijednosti 181.500,00 eura za profitne pru\u017eatelje elektroni\u010dkih publikacija. Na javni natje\u010daj prijavilo se 23 profitnih pru\u017eatelja elektroni\u010dkih publikacija. Vije\u0107e je analiziralo pristigle [&hellip;]<\/p>\n","protected":false},"author":25,"featured_media":5189,"comment_status":"closed","ping_status":"closed","sticky":false,"template":"","format":"standard","meta":{"_acf_changed":false,"inline_featured_image":false,"advgb_blocks_editor_width":"","advgb_blocks_columns_visual_guide":"","_links_to":"","_links_to_type":0,"footnotes":""},"categories":[89,5],"tags":[],"class_list":["post-16681","post","type-post","status-publish","format-standard","has-post-thumbnail","hentry","category-fond-za-pluralizam","category-vijesti"],"acf":[],"yoast_head":"<!-- This site is optimized with the Yoast SEO plugin v25.7 - https:\/\/yoast.com\/wordpress\/plugins\/seo\/ -->\n<title>Donesena odluka o raspodjeli sredstava Fonda za poticanje pluralizma i raznovrsnosti elektroni\u010dkih medija broj 01\/23 - Agencija za elektroni\u010dke medije<\/title>\n<meta name=\"robots\" content=\"index, follow, max-snippet:-1, max-image-preview:large, max-video-preview:-1\" \/>\n<link rel=\"canonical\" href=\"https:\/\/aem.hr\/blog\/2023\/07\/06\/donesena-odluka-o-raspodjeli-sredstava-fonda-za-poticanje-pluralizma-i-raznovrsnosti-elektronickih-medija-broj-01-23\/\" \/>\n<meta property=\"og:locale\" content=\"en_US\" \/>\n<meta property=\"og:type\" content=\"article\" \/>\n<meta property=\"og:title\" content=\"Donesena odluka o raspodjeli sredstava Fonda za poticanje pluralizma i raznovrsnosti elektroni\u010dkih medija broj 01\/23 - Agencija za elektroni\u010dke medije\" \/>\n<meta property=\"og:description\" content=\"Vije\u0107e za elektroni\u010dke medije na sjednici odr\u017eanoj 6. srpnja 2023. donijelo je Odluku o raspodjeli sredstava Fonda za poticanje pluralizma i raznovrsnosti elektroni\u010dkih medija \u2013 profitnih pru\u017eatelja elektroni\u010dkih publikacija za 2023. godinu, ukupne vrijednosti 181.500,00 eura za profitne pru\u017eatelje elektroni\u010dkih publikacija. Na javni natje\u010daj prijavilo se 23 profitnih pru\u017eatelja elektroni\u010dkih publikacija. Vije\u0107e je analiziralo pristigle [&hellip;]\" \/>\n<meta property=\"og:url\" content=\"https:\/\/aem.hr\/blog\/2023\/07\/06\/donesena-odluka-o-raspodjeli-sredstava-fonda-za-poticanje-pluralizma-i-raznovrsnosti-elektronickih-medija-broj-01-23\/\" \/>\n<meta property=\"og:site_name\" content=\"Agencija za elektroni\u010dke medije\" \/>\n<meta property=\"article:published_time\" content=\"2023-07-06T11:40:11+00:00\" \/>\n<meta property=\"article:modified_time\" content=\"2023-07-06T11:40:12+00:00\" \/>\n<meta property=\"og:image\" content=\"https:\/\/aem.hr\/wp-content\/uploads\/2019\/04\/AEM-odluka-1024x684.jpg\" \/>\n\t<meta property=\"og:image:width\" content=\"1024\" \/>\n\t<meta property=\"og:image:height\" content=\"684\" \/>\n\t<meta property=\"og:image:type\" content=\"image\/jpeg\" \/>\n<meta name=\"author\" content=\"Matija Zeko\" \/>\n<meta name=\"twitter:card\" content=\"summary_large_image\" \/>\n<meta name=\"twitter:label1\" content=\"Written by\" \/>\n\t<meta name=\"twitter:data1\" content=\"Matija Zeko\" \/>\n\t<meta name=\"twitter:label2\" content=\"Est. reading time\" \/>\n\t<meta name=\"twitter:data2\" content=\"1 minute\" \/>\n<script type=\"application\/ld+json\" class=\"yoast-schema-graph\">{\"@context\":\"https:\/\/schema.org\",\"@graph\":[{\"@type\":\"WebPage\",\"@id\":\"https:\/\/aem.hr\/blog\/2023\/07\/06\/donesena-odluka-o-raspodjeli-sredstava-fonda-za-poticanje-pluralizma-i-raznovrsnosti-elektronickih-medija-broj-01-23\/\",\"url\":\"https:\/\/aem.hr\/blog\/2023\/07\/06\/donesena-odluka-o-raspodjeli-sredstava-fonda-za-poticanje-pluralizma-i-raznovrsnosti-elektronickih-medija-broj-01-23\/\",\"name\":\"Donesena odluka o raspodjeli sredstava Fonda za poticanje pluralizma i raznovrsnosti elektroni\u010dkih medija broj 01\/23 - Agencija za elektroni\u010dke medije\",\"isPartOf\":{\"@id\":\"https:\/\/aem.hr\/#website\"},\"primaryImageOfPage\":{\"@id\":\"https:\/\/aem.hr\/blog\/2023\/07\/06\/donesena-odluka-o-raspodjeli-sredstava-fonda-za-poticanje-pluralizma-i-raznovrsnosti-elektronickih-medija-broj-01-23\/#primaryimage\"},\"image\":{\"@id\":\"https:\/\/aem.hr\/blog\/2023\/07\/06\/donesena-odluka-o-raspodjeli-sredstava-fonda-za-poticanje-pluralizma-i-raznovrsnosti-elektronickih-medija-broj-01-23\/#primaryimage\"},\"thumbnailUrl\":\"https:\/\/aem.hr\/wp-content\/uploads\/2019\/04\/AEM-odluka.jpg\",\"datePublished\":\"2023-07-06T11:40:11+00:00\",\"dateModified\":\"2023-07-06T11:40:12+00:00\",\"author\":{\"@id\":\"https:\/\/aem.hr\/#\/schema\/person\/20f2dd152e4b347b8b9e2db61a46d6d9\"},\"breadcrumb\":{\"@id\":\"https:\/\/aem.hr\/blog\/2023\/07\/06\/donesena-odluka-o-raspodjeli-sredstava-fonda-za-poticanje-pluralizma-i-raznovrsnosti-elektronickih-medija-broj-01-23\/#breadcrumb\"},\"inLanguage\":\"en-US\",\"potentialAction\":[{\"@type\":\"ReadAction\",\"target\":[\"https:\/\/aem.hr\/blog\/2023\/07\/06\/donesena-odluka-o-raspodjeli-sredstava-fonda-za-poticanje-pluralizma-i-raznovrsnosti-elektronickih-medija-broj-01-23\/\"]}]},{\"@type\":\"ImageObject\",\"inLanguage\":\"en-US\",\"@id\":\"https:\/\/aem.hr\/blog\/2023\/07\/06\/donesena-odluka-o-raspodjeli-sredstava-fonda-za-poticanje-pluralizma-i-raznovrsnosti-elektronickih-medija-broj-01-23\/#primaryimage\",\"url\":\"https:\/\/aem.hr\/wp-content\/uploads\/2019\/04\/AEM-odluka.jpg\",\"contentUrl\":\"https:\/\/aem.hr\/wp-content\/uploads\/2019\/04\/AEM-odluka.jpg\",\"width\":6016,\"height\":4016},{\"@type\":\"BreadcrumbList\",\"@id\":\"https:\/\/aem.hr\/blog\/2023\/07\/06\/donesena-odluka-o-raspodjeli-sredstava-fonda-za-poticanje-pluralizma-i-raznovrsnosti-elektronickih-medija-broj-01-23\/#breadcrumb\",\"itemListElement\":[{\"@type\":\"ListItem\",\"position\":1,\"name\":\"Po\u010detna stranica\",\"item\":\"https:\/\/aem.hr\/\"},{\"@type\":\"ListItem\",\"position\":2,\"name\":\"Donesena odluka o raspodjeli sredstava Fonda za poticanje pluralizma i raznovrsnosti elektroni\u010dkih medija broj 01\/23\"}]},{\"@type\":\"WebSite\",\"@id\":\"https:\/\/aem.hr\/#website\",\"url\":\"https:\/\/aem.hr\/\",\"name\":\"Agencija za elektroni\u010dke medije\",\"description\":\"\",\"potentialAction\":[{\"@type\":\"SearchAction\",\"target\":{\"@type\":\"EntryPoint\",\"urlTemplate\":\"https:\/\/aem.hr\/?s={search_term_string}\"},\"query-input\":{\"@type\":\"PropertyValueSpecification\",\"valueRequired\":true,\"valueName\":\"search_term_string\"}}],\"inLanguage\":\"en-US\"},{\"@type\":\"Person\",\"@id\":\"https:\/\/aem.hr\/#\/schema\/person\/20f2dd152e4b347b8b9e2db61a46d6d9\",\"name\":\"Matija Zeko\",\"sameAs\":[\"http:\/\/aem.hr\"],\"url\":\"https:\/\/aem.hr\/en\/blog\/author\/matija-zeko\/\"}]}<\/script>\n<!-- \/ Yoast SEO plugin. -->","yoast_head_json":{"title":"Donesena odluka o raspodjeli sredstava Fonda za poticanje pluralizma i raznovrsnosti elektroni\u010dkih medija broj 01\/23 - Agencija za elektroni\u010dke medije","robots":{"index":"index","follow":"follow","max-snippet":"max-snippet:-1","max-image-preview":"max-image-preview:large","max-video-preview":"max-video-preview:-1"},"canonical":"https:\/\/aem.hr\/blog\/2023\/07\/06\/donesena-odluka-o-raspodjeli-sredstava-fonda-za-poticanje-pluralizma-i-raznovrsnosti-elektronickih-medija-broj-01-23\/","og_locale":"en_US","og_type":"article","og_title":"Donesena odluka o raspodjeli sredstava Fonda za poticanje pluralizma i raznovrsnosti elektroni\u010dkih medija broj 01\/23 - Agencija za elektroni\u010dke medije","og_description":"Vije\u0107e za elektroni\u010dke medije na sjednici odr\u017eanoj 6. srpnja 2023. donijelo je Odluku o raspodjeli sredstava Fonda za poticanje pluralizma i raznovrsnosti elektroni\u010dkih medija \u2013 profitnih pru\u017eatelja elektroni\u010dkih publikacija za 2023. godinu, ukupne vrijednosti 181.500,00 eura za profitne pru\u017eatelje elektroni\u010dkih publikacija. Na javni natje\u010daj prijavilo se 23 profitnih pru\u017eatelja elektroni\u010dkih publikacija. Vije\u0107e je analiziralo pristigle [&hellip;]","og_url":"https:\/\/aem.hr\/blog\/2023\/07\/06\/donesena-odluka-o-raspodjeli-sredstava-fonda-za-poticanje-pluralizma-i-raznovrsnosti-elektronickih-medija-broj-01-23\/","og_site_name":"Agencija za elektroni\u010dke medije","article_published_time":"2023-07-06T11:40:11+00:00","article_modified_time":"2023-07-06T11:40:12+00:00","og_image":[{"width":1024,"height":684,"url":"https:\/\/aem.hr\/wp-content\/uploads\/2019\/04\/AEM-odluka-1024x684.jpg","type":"image\/jpeg"}],"author":"Matija Zeko","twitter_card":"summary_large_image","twitter_misc":{"Written by":"Matija Zeko","Est. reading time":"1 minute"},"schema":{"@context":"https:\/\/schema.org","@graph":[{"@type":"WebPage","@id":"https:\/\/aem.hr\/blog\/2023\/07\/06\/donesena-odluka-o-raspodjeli-sredstava-fonda-za-poticanje-pluralizma-i-raznovrsnosti-elektronickih-medija-broj-01-23\/","url":"https:\/\/aem.hr\/blog\/2023\/07\/06\/donesena-odluka-o-raspodjeli-sredstava-fonda-za-poticanje-pluralizma-i-raznovrsnosti-elektronickih-medija-broj-01-23\/","name":"Donesena odluka o raspodjeli sredstava Fonda za poticanje pluralizma i raznovrsnosti elektroni\u010dkih medija broj 01\/23 - Agencija za elektroni\u010dke medije","isPartOf":{"@id":"https:\/\/aem.hr\/#website"},"primaryImageOfPage":{"@id":"https:\/\/aem.hr\/blog\/2023\/07\/06\/donesena-odluka-o-raspodjeli-sredstava-fonda-za-poticanje-pluralizma-i-raznovrsnosti-elektronickih-medija-broj-01-23\/#primaryimage"},"image":{"@id":"https:\/\/aem.hr\/blog\/2023\/07\/06\/donesena-odluka-o-raspodjeli-sredstava-fonda-za-poticanje-pluralizma-i-raznovrsnosti-elektronickih-medija-broj-01-23\/#primaryimage"},"thumbnailUrl":"https:\/\/aem.hr\/wp-content\/uploads\/2019\/04\/AEM-odluka.jpg","datePublished":"2023-07-06T11:40:11+00:00","dateModified":"2023-07-06T11:40:12+00:00","author":{"@id":"https:\/\/aem.hr\/#\/schema\/person\/20f2dd152e4b347b8b9e2db61a46d6d9"},"breadcrumb":{"@id":"https:\/\/aem.hr\/blog\/2023\/07\/06\/donesena-odluka-o-raspodjeli-sredstava-fonda-za-poticanje-pluralizma-i-raznovrsnosti-elektronickih-medija-broj-01-23\/#breadcrumb"},"inLanguage":"en-US","potentialAction":[{"@type":"ReadAction","target":["https:\/\/aem.hr\/blog\/2023\/07\/06\/donesena-odluka-o-raspodjeli-sredstava-fonda-za-poticanje-pluralizma-i-raznovrsnosti-elektronickih-medija-broj-01-23\/"]}]},{"@type":"ImageObject","inLanguage":"en-US","@id":"https:\/\/aem.hr\/blog\/2023\/07\/06\/donesena-odluka-o-raspodjeli-sredstava-fonda-za-poticanje-pluralizma-i-raznovrsnosti-elektronickih-medija-broj-01-23\/#primaryimage","url":"https:\/\/aem.hr\/wp-content\/uploads\/2019\/04\/AEM-odluka.jpg","contentUrl":"https:\/\/aem.hr\/wp-content\/uploads\/2019\/04\/AEM-odluka.jpg","width":6016,"height":4016},{"@type":"BreadcrumbList","@id":"https:\/\/aem.hr\/blog\/2023\/07\/06\/donesena-odluka-o-raspodjeli-sredstava-fonda-za-poticanje-pluralizma-i-raznovrsnosti-elektronickih-medija-broj-01-23\/#breadcrumb","itemListElement":[{"@type":"ListItem","position":1,"name":"Po\u010detna stranica","item":"https:\/\/aem.hr\/"},{"@type":"ListItem","position":2,"name":"Donesena odluka o raspodjeli sredstava Fonda za poticanje pluralizma i raznovrsnosti elektroni\u010dkih medija broj 01\/23"}]},{"@type":"WebSite","@id":"https:\/\/aem.hr\/#website","url":"https:\/\/aem.hr\/","name":"Agencija za elektroni\u010dke medije","description":"","potentialAction":[{"@type":"SearchAction","target":{"@type":"EntryPoint","urlTemplate":"https:\/\/aem.hr\/?s={search_term_string}"},"query-input":{"@type":"PropertyValueSpecification","valueRequired":true,"valueName":"search_term_string"}}],"inLanguage":"en-US"},{"@type":"Person","@id":"https:\/\/aem.hr\/#\/schema\/person\/20f2dd152e4b347b8b9e2db61a46d6d9","name":"Matija Zeko","sameAs":["http:\/\/aem.hr"],"url":"https:\/\/aem.hr\/en\/blog\/author\/matija-zeko\/"}]}},"author_meta":{"display_name":"Matija Zeko","author_link":"https:\/\/aem.hr\/en\/blog\/author\/matija-zeko\/"},"featured_img":"https:\/\/aem.hr\/wp-content\/uploads\/2019\/04\/AEM-odluka-300x200.jpg","coauthors":[],"tax_additional":{"categories":{"linked":["<a href=\"https:\/\/aem.hr\/en\/kategorija\/fond-za-pluralizam\/\" class=\"advgb-post-tax-term\">Fond za pluralizam<\/a>","<a href=\"https:\/\/aem.hr\/en\/kategorija\/vijesti\/\" class=\"advgb-post-tax-term\">Vijesti<\/a>"],"unlinked":["<span class=\"advgb-post-tax-term\">Fond za pluralizam<\/span>","<span class=\"advgb-post-tax-term\">Vijesti<\/span>"]}},"comment_count":"0","relative_dates":{"created":"Posted 3 years ago","modified":"Updated 3 years ago"},"absolute_dates":{"created":"Posted on 6. July 2023.","modified":"Updated on 6. July 2023."},"absolute_dates_time":{"created":"Posted on 6. July 2023. 13:40","modified":"Updated on 6. July 2023. 13:40"},"featured_img_caption":"","series_order":"","_links":{"self":[{"href":"https:\/\/aem.hr\/en\/wp-json\/wp\/v2\/posts\/16681","targetHints":{"allow":["GET"]}}],"collection":[{"href":"https:\/\/aem.hr\/en\/wp-json\/wp\/v2\/posts"}],"about":[{"href":"https:\/\/aem.hr\/en\/wp-json\/wp\/v2\/types\/post"}],"author":[{"embeddable":true,"href":"https:\/\/aem.hr\/en\/wp-json\/wp\/v2\/users\/25"}],"replies":[{"embeddable":true,"href":"https:\/\/aem.hr\/en\/wp-json\/wp\/v2\/comments?post=16681"}],"version-history":[{"count":1,"href":"https:\/\/aem.hr\/en\/wp-json\/wp\/v2\/posts\/16681\/revisions"}],"predecessor-version":[{"id":16684,"href":"https:\/\/aem.hr\/en\/wp-json\/wp\/v2\/posts\/16681\/revisions\/16684"}],"wp:featuredmedia":[{"embeddable":true,"href":"https:\/\/aem.hr\/en\/wp-json\/wp\/v2\/media\/5189"}],"wp:attachment":[{"href":"https:\/\/aem.hr\/en\/wp-json\/wp\/v2\/media?parent=16681"}],"wp:term":[{"taxonomy":"category","embeddable":true,"href":"https:\/\/aem.hr\/en\/wp-json\/wp\/v2\/categories?post=16681"},{"taxonomy":"post_tag","embeddable":true,"href":"https:\/\/aem.hr\/en\/wp-json\/wp\/v2\/tags?post=16681"}],"curies":[{"name":"wp","href":"https:\/\/api.w.org\/{rel}","templated":true}]}}