{"id":17547,"date":"2023-11-09T11:17:57","date_gmt":"2023-11-09T10:17:57","guid":{"rendered":"http:\/\/aem.hr\/?p=17547"},"modified":"2023-11-17T10:43:58","modified_gmt":"2023-11-17T09:43:58","slug":"javni-poziv-za-sufinanciranje-projekata-na-temu-poticanja-medijske-pismenosti-4","status":"publish","type":"post","link":"https:\/\/aem.hr\/en\/blog\/2023\/11\/09\/javni-poziv-za-sufinanciranje-projekata-na-temu-poticanja-medijske-pismenosti-4\/","title":{"rendered":"Javni poziv za sufinanciranje projekata na temu poticanja medijske pismenosti"},"content":{"rendered":"\n<p>Vije\u0107e za elektroni\u010dke medije na svojoj 36-23 sjednici, odr\u017eanoj 8. studenog 2023. donijelo je odluku o raspisivanju Javnog poziva za sufinanciranje projekata na temu poticanja medijske pismenosti za 2024. godinu.&nbsp;<\/p>\n\n\n\n<p>Rok za podno\u0161enje prijava je 14. prosinca&nbsp;2023. u 15:00 sati. Svi uvjeti za podno\u0161enje prijava nalaze se u prilo\u017eenim dokumentima, Javnom pozivu i Uputama za prijavitelje, zajedno s obrascima za prijavu.<\/p>\n\n\n\n<div class=\"wp-block-file\"><a id=\"wp-block-file--media-ec1c5b8c-8af0-453c-b31d-78ffaa53553d\" href=\"https:\/\/aem.hr\/wp-content\/uploads\/2023\/11\/Odluka-o-raspisivanju-Javnog-poziva.pdf\">Odluka o raspisivanju Javnog poziva<\/a><a href=\"https:\/\/aem.hr\/wp-content\/uploads\/2023\/11\/Odluka-o-raspisivanju-Javnog-poziva.pdf\" class=\"wp-block-file__button wp-element-button\" download aria-describedby=\"wp-block-file--media-ec1c5b8c-8af0-453c-b31d-78ffaa53553d\">Preuzimanje<\/a><\/div>\n\n\n\n<div class=\"wp-block-file\"><a id=\"wp-block-file--media-a74031a9-d01a-44f9-b411-c8147ca0e55f\" href=\"https:\/\/aem.hr\/wp-content\/uploads\/2023\/11\/Javni-poziv-za-prikupljanje-ponuda-za-sufninciranje-projekata-na-temu-poticanja-MP.pdf\">Javni poziv za prikupljanje ponuda za sufninciranje projekata na temu poticanja MP<\/a><a href=\"https:\/\/aem.hr\/wp-content\/uploads\/2023\/11\/Javni-poziv-za-prikupljanje-ponuda-za-sufninciranje-projekata-na-temu-poticanja-MP.pdf\" class=\"wp-block-file__button wp-element-button\" download aria-describedby=\"wp-block-file--media-a74031a9-d01a-44f9-b411-c8147ca0e55f\">Preuzimanje<\/a><\/div>\n\n\n\n<div class=\"wp-block-file\"><a id=\"wp-block-file--media-eaf592b6-3c2b-446f-9f87-3090c6355cef\" href=\"https:\/\/aem.hr\/wp-content\/uploads\/2023\/11\/A-Upute-za-prijavitelje-3.pdf\">A &#8211; Upute za prijavitelje<\/a><a href=\"https:\/\/aem.hr\/wp-content\/uploads\/2023\/11\/A-Upute-za-prijavitelje-3.pdf\" class=\"wp-block-file__button wp-element-button\" download aria-describedby=\"wp-block-file--media-eaf592b6-3c2b-446f-9f87-3090c6355cef\">Preuzimanje<\/a><\/div>\n\n\n\n<div class=\"wp-block-file\"><a id=\"wp-block-file--media-2ec5aa79-040b-45ac-977a-324e75629935\" href=\"https:\/\/aem.hr\/wp-content\/uploads\/2023\/11\/B-Obrazac-1-Prijava-projekta.doc\">B &#8211; Obrazac 1, Prijava projekta<\/a><a href=\"https:\/\/aem.hr\/wp-content\/uploads\/2023\/11\/B-Obrazac-1-Prijava-projekta.doc\" class=\"wp-block-file__button wp-element-button\" download aria-describedby=\"wp-block-file--media-2ec5aa79-040b-45ac-977a-324e75629935\">Preuzimanje<\/a><\/div>\n\n\n\n<div class=\"wp-block-file\"><a id=\"wp-block-file--media-95c941c2-1ffe-498b-81cc-ef8ef7696e46\" href=\"https:\/\/aem.hr\/wp-content\/uploads\/2023\/11\/C-Obrazac-2-Izjava-o-nekaznjavanju.doc\">C &#8211; Obrazac 2, Izjava o neka\u017enjavanju<\/a><a href=\"https:\/\/aem.hr\/wp-content\/uploads\/2023\/11\/C-Obrazac-2-Izjava-o-nekaznjavanju.doc\" class=\"wp-block-file__button wp-element-button\" download aria-describedby=\"wp-block-file--media-95c941c2-1ffe-498b-81cc-ef8ef7696e46\">Preuzimanje<\/a><\/div>\n\n\n\n<div class=\"wp-block-file\"><a id=\"wp-block-file--media-988bc5a4-7a34-4517-98af-f7992ede45ad\" href=\"https:\/\/aem.hr\/wp-content\/uploads\/2023\/11\/D-Obrazac-3-Izjava-o-ne-postojanju-dvostrukog-financiranja.doc\">D &#8211; Obrazac 3, Izjava o ne postojanju dvostrukog financiranja<\/a><a href=\"https:\/\/aem.hr\/wp-content\/uploads\/2023\/11\/D-Obrazac-3-Izjava-o-ne-postojanju-dvostrukog-financiranja.doc\" class=\"wp-block-file__button wp-element-button\" download aria-describedby=\"wp-block-file--media-988bc5a4-7a34-4517-98af-f7992ede45ad\">Preuzimanje<\/a><\/div>\n\n\n\n<div class=\"wp-block-file\"><a id=\"wp-block-file--media-c04d40a5-271a-45d2-8583-ec5e8826411e\" href=\"https:\/\/aem.hr\/wp-content\/uploads\/2023\/11\/E-Obrazac-4-Zahtjev-za-isplatom-prve-polovice-sredstava.doc\">E &#8211; Obrazac 4, Zahtjev za isplatom prve polovice sredstava<\/a><a href=\"https:\/\/aem.hr\/wp-content\/uploads\/2023\/11\/E-Obrazac-4-Zahtjev-za-isplatom-prve-polovice-sredstava.doc\" class=\"wp-block-file__button wp-element-button\" download aria-describedby=\"wp-block-file--media-c04d40a5-271a-45d2-8583-ec5e8826411e\">Preuzimanje<\/a><\/div>\n\n\n\n<div class=\"wp-block-file\"><a id=\"wp-block-file--media-6f9c9388-52a3-43ed-b0e4-68c760cb2a62\" href=\"https:\/\/aem.hr\/wp-content\/uploads\/2023\/11\/F-Obrazac-5-Izvjesce-o-potrosenim-sredstvima.doc\">F &#8211; Obrazac 5, Izvje\u0161\u0107e o potro\u0161enim sredstvima<\/a><a href=\"https:\/\/aem.hr\/wp-content\/uploads\/2023\/11\/F-Obrazac-5-Izvjesce-o-potrosenim-sredstvima.doc\" class=\"wp-block-file__button wp-element-button\" download aria-describedby=\"wp-block-file--media-6f9c9388-52a3-43ed-b0e4-68c760cb2a62\">Preuzimanje<\/a><\/div>\n\n\n\n<div class=\"wp-block-file\"><a id=\"wp-block-file--media-63fd4ee7-4666-4294-a554-9349086eb55b\" href=\"https:\/\/aem.hr\/wp-content\/uploads\/2023\/11\/G-Nacrt-ugovora.doc.pdf\">G &#8211; Nacrt ugovora<\/a><a href=\"https:\/\/aem.hr\/wp-content\/uploads\/2023\/11\/G-Nacrt-ugovora.doc.pdf\" class=\"wp-block-file__button wp-element-button\" download aria-describedby=\"wp-block-file--media-63fd4ee7-4666-4294-a554-9349086eb55b\">Preuzimanje<\/a><\/div>\n","protected":false},"excerpt":{"rendered":"<p>Vije\u0107e za elektroni\u010dke medije na svojoj 36-23 sjednici, odr\u017eanoj 8. studenog 2023. donijelo je odluku o raspisivanju Javnog poziva za sufinanciranje projekata na temu poticanja medijske pismenosti za 2024. godinu.&nbsp; Rok za podno\u0161enje prijava je 14. prosinca&nbsp;2023. u 15:00 sati. Svi uvjeti za podno\u0161enje prijava nalaze se u prilo\u017eenim dokumentima, Javnom pozivu i Uputama za [&hellip;]<\/p>\n","protected":false},"author":18,"featured_media":9385,"comment_status":"closed","ping_status":"closed","sticky":false,"template":"","format":"standard","meta":{"_acf_changed":false,"inline_featured_image":false,"advgb_blocks_editor_width":"","advgb_blocks_columns_visual_guide":"","_links_to":"","_links_to_type":0,"footnotes":""},"categories":[23,5],"tags":[],"class_list":["post-17547","post","type-post","status-publish","format-standard","has-post-thumbnail","hentry","category-pozivi","category-vijesti"],"acf":[],"yoast_head":"<!-- This site is optimized with the Yoast SEO plugin v25.7 - https:\/\/yoast.com\/wordpress\/plugins\/seo\/ -->\n<title>Javni poziv za sufinanciranje projekata na temu poticanja medijske pismenosti - Agencija za elektroni\u010dke medije<\/title>\n<meta name=\"robots\" content=\"index, follow, max-snippet:-1, max-image-preview:large, max-video-preview:-1\" \/>\n<link rel=\"canonical\" href=\"https:\/\/aem.hr\/blog\/2023\/11\/09\/javni-poziv-za-sufinanciranje-projekata-na-temu-poticanja-medijske-pismenosti-4\/\" \/>\n<meta property=\"og:locale\" content=\"en_US\" \/>\n<meta property=\"og:type\" content=\"article\" \/>\n<meta property=\"og:title\" content=\"Javni poziv za sufinanciranje projekata na temu poticanja medijske pismenosti - Agencija za elektroni\u010dke medije\" \/>\n<meta property=\"og:description\" content=\"Vije\u0107e za elektroni\u010dke medije na svojoj 36-23 sjednici, odr\u017eanoj 8. studenog 2023. donijelo je odluku o raspisivanju Javnog poziva za sufinanciranje projekata na temu poticanja medijske pismenosti za 2024. godinu.&nbsp; Rok za podno\u0161enje prijava je 14. prosinca&nbsp;2023. u 15:00 sati. Svi uvjeti za podno\u0161enje prijava nalaze se u prilo\u017eenim dokumentima, Javnom pozivu i Uputama za [&hellip;]\" \/>\n<meta property=\"og:url\" content=\"https:\/\/aem.hr\/blog\/2023\/11\/09\/javni-poziv-za-sufinanciranje-projekata-na-temu-poticanja-medijske-pismenosti-4\/\" \/>\n<meta property=\"og:site_name\" content=\"Agencija za elektroni\u010dke medije\" \/>\n<meta property=\"article:published_time\" content=\"2023-11-09T10:17:57+00:00\" \/>\n<meta property=\"article:modified_time\" content=\"2023-11-17T09:43:58+00:00\" \/>\n<meta name=\"author\" content=\"Matko Kirac\" \/>\n<meta name=\"twitter:card\" content=\"summary_large_image\" \/>\n<meta name=\"twitter:label1\" content=\"Written by\" \/>\n\t<meta name=\"twitter:data1\" content=\"Matko Kirac\" \/>\n\t<meta name=\"twitter:label2\" content=\"Est. reading time\" \/>\n\t<meta name=\"twitter:data2\" content=\"1 minute\" \/>\n<script type=\"application\/ld+json\" class=\"yoast-schema-graph\">{\"@context\":\"https:\/\/schema.org\",\"@graph\":[{\"@type\":\"WebPage\",\"@id\":\"https:\/\/aem.hr\/blog\/2023\/11\/09\/javni-poziv-za-sufinanciranje-projekata-na-temu-poticanja-medijske-pismenosti-4\/\",\"url\":\"https:\/\/aem.hr\/blog\/2023\/11\/09\/javni-poziv-za-sufinanciranje-projekata-na-temu-poticanja-medijske-pismenosti-4\/\",\"name\":\"Javni poziv za sufinanciranje projekata na temu poticanja medijske pismenosti - Agencija za elektroni\u010dke medije\",\"isPartOf\":{\"@id\":\"https:\/\/aem.hr\/#website\"},\"primaryImageOfPage\":{\"@id\":\"https:\/\/aem.hr\/blog\/2023\/11\/09\/javni-poziv-za-sufinanciranje-projekata-na-temu-poticanja-medijske-pismenosti-4\/#primaryimage\"},\"image\":{\"@id\":\"https:\/\/aem.hr\/blog\/2023\/11\/09\/javni-poziv-za-sufinanciranje-projekata-na-temu-poticanja-medijske-pismenosti-4\/#primaryimage\"},\"thumbnailUrl\":\"https:\/\/aem.hr\/wp-content\/uploads\/2021\/05\/AEM-logo-svg-web-900x450-1.svg\",\"datePublished\":\"2023-11-09T10:17:57+00:00\",\"dateModified\":\"2023-11-17T09:43:58+00:00\",\"author\":{\"@id\":\"https:\/\/aem.hr\/#\/schema\/person\/c100d12574f2ef4fe03266d61bfc55e1\"},\"breadcrumb\":{\"@id\":\"https:\/\/aem.hr\/blog\/2023\/11\/09\/javni-poziv-za-sufinanciranje-projekata-na-temu-poticanja-medijske-pismenosti-4\/#breadcrumb\"},\"inLanguage\":\"en-US\",\"potentialAction\":[{\"@type\":\"ReadAction\",\"target\":[\"https:\/\/aem.hr\/blog\/2023\/11\/09\/javni-poziv-za-sufinanciranje-projekata-na-temu-poticanja-medijske-pismenosti-4\/\"]}]},{\"@type\":\"ImageObject\",\"inLanguage\":\"en-US\",\"@id\":\"https:\/\/aem.hr\/blog\/2023\/11\/09\/javni-poziv-za-sufinanciranje-projekata-na-temu-poticanja-medijske-pismenosti-4\/#primaryimage\",\"url\":\"https:\/\/aem.hr\/wp-content\/uploads\/2021\/05\/AEM-logo-svg-web-900x450-1.svg\",\"contentUrl\":\"https:\/\/aem.hr\/wp-content\/uploads\/2021\/05\/AEM-logo-svg-web-900x450-1.svg\",\"width\":900,\"height\":592},{\"@type\":\"BreadcrumbList\",\"@id\":\"https:\/\/aem.hr\/blog\/2023\/11\/09\/javni-poziv-za-sufinanciranje-projekata-na-temu-poticanja-medijske-pismenosti-4\/#breadcrumb\",\"itemListElement\":[{\"@type\":\"ListItem\",\"position\":1,\"name\":\"Po\u010detna stranica\",\"item\":\"https:\/\/aem.hr\/\"},{\"@type\":\"ListItem\",\"position\":2,\"name\":\"Javni poziv za sufinanciranje projekata na temu poticanja medijske pismenosti\"}]},{\"@type\":\"WebSite\",\"@id\":\"https:\/\/aem.hr\/#website\",\"url\":\"https:\/\/aem.hr\/\",\"name\":\"Agencija za elektroni\u010dke medije\",\"description\":\"\",\"potentialAction\":[{\"@type\":\"SearchAction\",\"target\":{\"@type\":\"EntryPoint\",\"urlTemplate\":\"https:\/\/aem.hr\/?s={search_term_string}\"},\"query-input\":{\"@type\":\"PropertyValueSpecification\",\"valueRequired\":true,\"valueName\":\"search_term_string\"}}],\"inLanguage\":\"en-US\"},{\"@type\":\"Person\",\"@id\":\"https:\/\/aem.hr\/#\/schema\/person\/c100d12574f2ef4fe03266d61bfc55e1\",\"name\":\"Matko Kirac\",\"url\":\"https:\/\/aem.hr\/en\/blog\/author\/mkirac\/\"}]}<\/script>\n<!-- \/ Yoast SEO plugin. -->","yoast_head_json":{"title":"Javni poziv za sufinanciranje projekata na temu poticanja medijske pismenosti - Agencija za elektroni\u010dke medije","robots":{"index":"index","follow":"follow","max-snippet":"max-snippet:-1","max-image-preview":"max-image-preview:large","max-video-preview":"max-video-preview:-1"},"canonical":"https:\/\/aem.hr\/blog\/2023\/11\/09\/javni-poziv-za-sufinanciranje-projekata-na-temu-poticanja-medijske-pismenosti-4\/","og_locale":"en_US","og_type":"article","og_title":"Javni poziv za sufinanciranje projekata na temu poticanja medijske pismenosti - Agencija za elektroni\u010dke medije","og_description":"Vije\u0107e za elektroni\u010dke medije na svojoj 36-23 sjednici, odr\u017eanoj 8. studenog 2023. donijelo je odluku o raspisivanju Javnog poziva za sufinanciranje projekata na temu poticanja medijske pismenosti za 2024. godinu.&nbsp; Rok za podno\u0161enje prijava je 14. prosinca&nbsp;2023. u 15:00 sati. Svi uvjeti za podno\u0161enje prijava nalaze se u prilo\u017eenim dokumentima, Javnom pozivu i Uputama za [&hellip;]","og_url":"https:\/\/aem.hr\/blog\/2023\/11\/09\/javni-poziv-za-sufinanciranje-projekata-na-temu-poticanja-medijske-pismenosti-4\/","og_site_name":"Agencija za elektroni\u010dke medije","article_published_time":"2023-11-09T10:17:57+00:00","article_modified_time":"2023-11-17T09:43:58+00:00","author":"Matko Kirac","twitter_card":"summary_large_image","twitter_misc":{"Written by":"Matko Kirac","Est. reading time":"1 minute"},"schema":{"@context":"https:\/\/schema.org","@graph":[{"@type":"WebPage","@id":"https:\/\/aem.hr\/blog\/2023\/11\/09\/javni-poziv-za-sufinanciranje-projekata-na-temu-poticanja-medijske-pismenosti-4\/","url":"https:\/\/aem.hr\/blog\/2023\/11\/09\/javni-poziv-za-sufinanciranje-projekata-na-temu-poticanja-medijske-pismenosti-4\/","name":"Javni poziv za sufinanciranje projekata na temu poticanja medijske pismenosti - Agencija za elektroni\u010dke medije","isPartOf":{"@id":"https:\/\/aem.hr\/#website"},"primaryImageOfPage":{"@id":"https:\/\/aem.hr\/blog\/2023\/11\/09\/javni-poziv-za-sufinanciranje-projekata-na-temu-poticanja-medijske-pismenosti-4\/#primaryimage"},"image":{"@id":"https:\/\/aem.hr\/blog\/2023\/11\/09\/javni-poziv-za-sufinanciranje-projekata-na-temu-poticanja-medijske-pismenosti-4\/#primaryimage"},"thumbnailUrl":"https:\/\/aem.hr\/wp-content\/uploads\/2021\/05\/AEM-logo-svg-web-900x450-1.svg","datePublished":"2023-11-09T10:17:57+00:00","dateModified":"2023-11-17T09:43:58+00:00","author":{"@id":"https:\/\/aem.hr\/#\/schema\/person\/c100d12574f2ef4fe03266d61bfc55e1"},"breadcrumb":{"@id":"https:\/\/aem.hr\/blog\/2023\/11\/09\/javni-poziv-za-sufinanciranje-projekata-na-temu-poticanja-medijske-pismenosti-4\/#breadcrumb"},"inLanguage":"en-US","potentialAction":[{"@type":"ReadAction","target":["https:\/\/aem.hr\/blog\/2023\/11\/09\/javni-poziv-za-sufinanciranje-projekata-na-temu-poticanja-medijske-pismenosti-4\/"]}]},{"@type":"ImageObject","inLanguage":"en-US","@id":"https:\/\/aem.hr\/blog\/2023\/11\/09\/javni-poziv-za-sufinanciranje-projekata-na-temu-poticanja-medijske-pismenosti-4\/#primaryimage","url":"https:\/\/aem.hr\/wp-content\/uploads\/2021\/05\/AEM-logo-svg-web-900x450-1.svg","contentUrl":"https:\/\/aem.hr\/wp-content\/uploads\/2021\/05\/AEM-logo-svg-web-900x450-1.svg","width":900,"height":592},{"@type":"BreadcrumbList","@id":"https:\/\/aem.hr\/blog\/2023\/11\/09\/javni-poziv-za-sufinanciranje-projekata-na-temu-poticanja-medijske-pismenosti-4\/#breadcrumb","itemListElement":[{"@type":"ListItem","position":1,"name":"Po\u010detna stranica","item":"https:\/\/aem.hr\/"},{"@type":"ListItem","position":2,"name":"Javni poziv za sufinanciranje projekata na temu poticanja medijske pismenosti"}]},{"@type":"WebSite","@id":"https:\/\/aem.hr\/#website","url":"https:\/\/aem.hr\/","name":"Agencija za elektroni\u010dke medije","description":"","potentialAction":[{"@type":"SearchAction","target":{"@type":"EntryPoint","urlTemplate":"https:\/\/aem.hr\/?s={search_term_string}"},"query-input":{"@type":"PropertyValueSpecification","valueRequired":true,"valueName":"search_term_string"}}],"inLanguage":"en-US"},{"@type":"Person","@id":"https:\/\/aem.hr\/#\/schema\/person\/c100d12574f2ef4fe03266d61bfc55e1","name":"Matko Kirac","url":"https:\/\/aem.hr\/en\/blog\/author\/mkirac\/"}]}},"author_meta":{"display_name":"Matko Kirac","author_link":"https:\/\/aem.hr\/en\/blog\/author\/mkirac\/"},"featured_img":"https:\/\/aem.hr\/wp-content\/uploads\/2021\/05\/AEM-logo-svg-web-900x450-1.svg","coauthors":[],"tax_additional":{"categories":{"linked":["<a href=\"https:\/\/aem.hr\/en\/kategorija\/pozivi\/\" class=\"advgb-post-tax-term\">Pozivi<\/a>","<a href=\"https:\/\/aem.hr\/en\/kategorija\/vijesti\/\" class=\"advgb-post-tax-term\">Vijesti<\/a>"],"unlinked":["<span class=\"advgb-post-tax-term\">Pozivi<\/span>","<span class=\"advgb-post-tax-term\">Vijesti<\/span>"]}},"comment_count":"0","relative_dates":{"created":"Posted 2 years ago","modified":"Updated 2 years ago"},"absolute_dates":{"created":"Posted on 9. November 2023.","modified":"Updated on 17. November 2023."},"absolute_dates_time":{"created":"Posted on 9. November 2023. 11:17","modified":"Updated on 17. November 2023. 10:43"},"featured_img_caption":"","series_order":"","_links":{"self":[{"href":"https:\/\/aem.hr\/en\/wp-json\/wp\/v2\/posts\/17547","targetHints":{"allow":["GET"]}}],"collection":[{"href":"https:\/\/aem.hr\/en\/wp-json\/wp\/v2\/posts"}],"about":[{"href":"https:\/\/aem.hr\/en\/wp-json\/wp\/v2\/types\/post"}],"author":[{"embeddable":true,"href":"https:\/\/aem.hr\/en\/wp-json\/wp\/v2\/users\/18"}],"replies":[{"embeddable":true,"href":"https:\/\/aem.hr\/en\/wp-json\/wp\/v2\/comments?post=17547"}],"version-history":[{"count":2,"href":"https:\/\/aem.hr\/en\/wp-json\/wp\/v2\/posts\/17547\/revisions"}],"predecessor-version":[{"id":17599,"href":"https:\/\/aem.hr\/en\/wp-json\/wp\/v2\/posts\/17547\/revisions\/17599"}],"wp:featuredmedia":[{"embeddable":true,"href":"https:\/\/aem.hr\/en\/wp-json\/wp\/v2\/media\/9385"}],"wp:attachment":[{"href":"https:\/\/aem.hr\/en\/wp-json\/wp\/v2\/media?parent=17547"}],"wp:term":[{"taxonomy":"category","embeddable":true,"href":"https:\/\/aem.hr\/en\/wp-json\/wp\/v2\/categories?post=17547"},{"taxonomy":"post_tag","embeddable":true,"href":"https:\/\/aem.hr\/en\/wp-json\/wp\/v2\/tags?post=17547"}],"curies":[{"name":"wp","href":"https:\/\/api.w.org\/{rel}","templated":true}]}}