{"id":18183,"date":"2024-12-17T10:26:00","date_gmt":"2024-12-17T09:26:00","guid":{"rendered":"http:\/\/aem.hr\/?p=18183"},"modified":"2024-12-17T10:26:01","modified_gmt":"2024-12-17T09:26:01","slug":"javni-natjecaj-broj-4-24-za-dodjelu-sredstava-fonda-za-poticanje-pluralizma-i-raznovrsnosti-elektronickih-medija-neprofitnim-nakladnicima-radija-i-nakladnicima-radija-na-lokalnoj-i-regionaln","status":"publish","type":"post","link":"https:\/\/aem.hr\/en\/blog\/2024\/12\/17\/javni-natjecaj-broj-4-24-za-dodjelu-sredstava-fonda-za-poticanje-pluralizma-i-raznovrsnosti-elektronickih-medija-neprofitnim-nakladnicima-radija-i-nakladnicima-radija-na-lokalnoj-i-regionaln\/","title":{"rendered":"Javni natje\u010daj broj 4\/24 za dodjelu sredstava Fonda za poticanje pluralizma i raznovrsnosti elektroni\u010dkih medija \u2013 neprofitnim nakladnicima radija i nakladnicima radija na lokalnoj i regionalnoj razini i neprofitnim pru\u017eateljima medijskih usluga radija i televizije satelitom, internetom i kabelom iz \u010dlanaka 26. i 92. ZEM-a za 2025. godinu"},"content":{"rendered":"\n<p>U&nbsp;<a href=\"https:\/\/narodne-novine.nn.hr\/clanci\/oglasi\/full\/o8387503.html\">Narodnim novinama broj 143<strong>&nbsp;od 11. prosinca 2024. godine<\/strong>&nbsp;objavljen je Javni natje\u010daj broj 4\/24 za&nbsp;dodjelu sredstava Fonda za poticanje pluralizma i raznovrsnosti elektroni\u010dkih medija \u2013 neprofitnim nakladnicima radija i nakladnicima radija na lokalnoj i regionalnoj razini i neprofitnim pru\u017eateljima medijskih usluga radija i televizije satelitom, internetom i kabelom iz \u010dlanaka 26. i 92. ZEM-a za 2025. godinu&nbsp;(potpore male vrijednosti)<\/a>.<\/p>\n\n\n\n<p><strong>Rok za dostavu ponuda na Javni natje\u010daj je 10. sije\u010dnja 2025. godine.<\/strong><\/p>\n\n\n\n<p><strong>Prijave se podnose putem&nbsp;<a href=\"https:\/\/pmu.e-mediji.hr\/Login.aspx\" target=\"_blank\" rel=\"noreferrer noopener\">web aplikacije&nbsp;<\/a><\/strong><\/p>\n\n\n\n<p>Ukoliko nemate korisni\u010dke podatke za prijavu potrebno&nbsp;je na e-mail adresu&nbsp;<a href=\"mailto:pmu@e-mediji.hr\">pmu@a<\/a><a href=\"mailto:pmu@aem.hr\">em.h<\/a><a href=\"mailto:pmu@e-mediji.hr\">r<\/a>&nbsp;poslati zahtjev za dostavom korisni\u010dkog imena i lozinke.&nbsp;<\/p>\n\n\n\n<p>Sve dodatne upite po\u0161aljite nam na e-adresu&nbsp;<a href=\"mailto:fond@aem.hr\">fond@aem.hr<\/a>&nbsp;.<\/p>\n\n\n\n<p><a href=\"https:\/\/aem.hr\/wp-content\/uploads\/2024\/12\/UPUTA-ZA-DOSTAVU-DOKUMENTACIJE-I-SNIMAKA-PRIJAVA-2025.pdf\">Uputa za dostavu dokumentacije i snimaka<\/a><\/p>\n\n\n\n<p><a href=\"https:\/\/aem.hr\/wp-content\/uploads\/2024\/12\/Izjava-o-primljenim-potporama_2025.doc\">Izjava o primljenim potporama<\/a><\/p>\n\n\n\n<p><a href=\"https:\/\/aem.hr\/wp-content\/uploads\/2024\/12\/Izjava-FOND_presuda-i-teskoce_2025.doc\">Izjava o nepostojanju pravomo\u0107ne osu\u0111uju\u0107e presude i izjava kako nije poduzetnik u te\u0161ko\u0107ama<\/a><\/p>\n\n\n\n<p><a href=\"https:\/\/aem.hr\/wp-content\/uploads\/2024\/12\/Prezentacija-web-aplikacije-2025.pdf\">Prezentacija web aplikacija prijave Fonda 2025.<\/a><\/p>\n\n\n\n<p><\/p>\n","protected":false},"excerpt":{"rendered":"<p>U&nbsp;Narodnim novinama broj 143&nbsp;od 11. prosinca 2024. godine&nbsp;objavljen je Javni natje\u010daj broj 4\/24 za&nbsp;dodjelu sredstava Fonda za poticanje pluralizma i raznovrsnosti elektroni\u010dkih medija \u2013 neprofitnim nakladnicima radija i nakladnicima radija na lokalnoj i regionalnoj razini i neprofitnim pru\u017eateljima medijskih usluga radija i televizije satelitom, internetom i kabelom iz \u010dlanaka 26. i 92. ZEM-a za 2025. [&hellip;]<\/p>\n","protected":false},"author":25,"featured_media":9385,"comment_status":"closed","ping_status":"closed","sticky":false,"template":"","format":"standard","meta":{"_acf_changed":false,"inline_featured_image":false,"advgb_blocks_editor_width":"","advgb_blocks_columns_visual_guide":"","_links_to":"","_links_to_type":0,"footnotes":""},"categories":[89,156,5],"tags":[],"class_list":["post-18183","post","type-post","status-publish","format-standard","has-post-thumbnail","hentry","category-fond-za-pluralizam","category-nekategorizirano","category-vijesti"],"acf":[],"yoast_head":"<!-- This site is optimized with the Yoast SEO plugin v25.7 - https:\/\/yoast.com\/wordpress\/plugins\/seo\/ -->\n<title>Javni natje\u010daj broj 4\/24 za dodjelu sredstava Fonda za poticanje pluralizma i raznovrsnosti elektroni\u010dkih medija \u2013 neprofitnim nakladnicima radija i nakladnicima radija na lokalnoj i regionalnoj razini i neprofitnim pru\u017eateljima medijskih usluga radija i televizije satelitom, internetom i kabelom iz \u010dlanaka 26. i 92. ZEM-a za 2025. godinu - Agencija za elektroni\u010dke medije<\/title>\n<meta name=\"robots\" content=\"index, follow, max-snippet:-1, max-image-preview:large, max-video-preview:-1\" \/>\n<link rel=\"canonical\" href=\"https:\/\/aem.hr\/blog\/2024\/12\/17\/javni-natjecaj-broj-4-24-za-dodjelu-sredstava-fonda-za-poticanje-pluralizma-i-raznovrsnosti-elektronickih-medija-neprofitnim-nakladnicima-radija-i-nakladnicima-radija-na-lokalnoj-i-regionaln\/\" \/>\n<meta property=\"og:locale\" content=\"en_US\" \/>\n<meta property=\"og:type\" content=\"article\" \/>\n<meta property=\"og:title\" content=\"Javni natje\u010daj broj 4\/24 za dodjelu sredstava Fonda za poticanje pluralizma i raznovrsnosti elektroni\u010dkih medija \u2013 neprofitnim nakladnicima radija i nakladnicima radija na lokalnoj i regionalnoj razini i neprofitnim pru\u017eateljima medijskih usluga radija i televizije satelitom, internetom i kabelom iz \u010dlanaka 26. i 92. ZEM-a za 2025. godinu - Agencija za elektroni\u010dke medije\" \/>\n<meta property=\"og:description\" content=\"U&nbsp;Narodnim novinama broj 143&nbsp;od 11. prosinca 2024. godine&nbsp;objavljen je Javni natje\u010daj broj 4\/24 za&nbsp;dodjelu sredstava Fonda za poticanje pluralizma i raznovrsnosti elektroni\u010dkih medija \u2013 neprofitnim nakladnicima radija i nakladnicima radija na lokalnoj i regionalnoj razini i neprofitnim pru\u017eateljima medijskih usluga radija i televizije satelitom, internetom i kabelom iz \u010dlanaka 26. i 92. ZEM-a za 2025. [&hellip;]\" \/>\n<meta property=\"og:url\" content=\"https:\/\/aem.hr\/blog\/2024\/12\/17\/javni-natjecaj-broj-4-24-za-dodjelu-sredstava-fonda-za-poticanje-pluralizma-i-raznovrsnosti-elektronickih-medija-neprofitnim-nakladnicima-radija-i-nakladnicima-radija-na-lokalnoj-i-regionaln\/\" \/>\n<meta property=\"og:site_name\" content=\"Agencija za elektroni\u010dke medije\" \/>\n<meta property=\"article:published_time\" content=\"2024-12-17T09:26:00+00:00\" \/>\n<meta property=\"article:modified_time\" content=\"2024-12-17T09:26:01+00:00\" \/>\n<meta name=\"author\" content=\"Matija Zeko\" \/>\n<meta name=\"twitter:card\" content=\"summary_large_image\" \/>\n<meta name=\"twitter:label1\" content=\"Written by\" \/>\n\t<meta name=\"twitter:data1\" content=\"Matija Zeko\" \/>\n\t<meta name=\"twitter:label2\" content=\"Est. reading time\" \/>\n\t<meta name=\"twitter:data2\" content=\"1 minute\" \/>\n<script type=\"application\/ld+json\" class=\"yoast-schema-graph\">{\"@context\":\"https:\/\/schema.org\",\"@graph\":[{\"@type\":\"WebPage\",\"@id\":\"https:\/\/aem.hr\/blog\/2024\/12\/17\/javni-natjecaj-broj-4-24-za-dodjelu-sredstava-fonda-za-poticanje-pluralizma-i-raznovrsnosti-elektronickih-medija-neprofitnim-nakladnicima-radija-i-nakladnicima-radija-na-lokalnoj-i-regionaln\/\",\"url\":\"https:\/\/aem.hr\/blog\/2024\/12\/17\/javni-natjecaj-broj-4-24-za-dodjelu-sredstava-fonda-za-poticanje-pluralizma-i-raznovrsnosti-elektronickih-medija-neprofitnim-nakladnicima-radija-i-nakladnicima-radija-na-lokalnoj-i-regionaln\/\",\"name\":\"Javni natje\u010daj broj 4\/24 za dodjelu sredstava Fonda za poticanje pluralizma i raznovrsnosti elektroni\u010dkih medija \u2013 neprofitnim nakladnicima radija i nakladnicima radija na lokalnoj i regionalnoj razini i neprofitnim pru\u017eateljima medijskih usluga radija i televizije satelitom, internetom i kabelom iz \u010dlanaka 26. i 92. ZEM-a za 2025. godinu - Agencija za elektroni\u010dke medije\",\"isPartOf\":{\"@id\":\"https:\/\/aem.hr\/#website\"},\"primaryImageOfPage\":{\"@id\":\"https:\/\/aem.hr\/blog\/2024\/12\/17\/javni-natjecaj-broj-4-24-za-dodjelu-sredstava-fonda-za-poticanje-pluralizma-i-raznovrsnosti-elektronickih-medija-neprofitnim-nakladnicima-radija-i-nakladnicima-radija-na-lokalnoj-i-regionaln\/#primaryimage\"},\"image\":{\"@id\":\"https:\/\/aem.hr\/blog\/2024\/12\/17\/javni-natjecaj-broj-4-24-za-dodjelu-sredstava-fonda-za-poticanje-pluralizma-i-raznovrsnosti-elektronickih-medija-neprofitnim-nakladnicima-radija-i-nakladnicima-radija-na-lokalnoj-i-regionaln\/#primaryimage\"},\"thumbnailUrl\":\"https:\/\/aem.hr\/wp-content\/uploads\/2021\/05\/AEM-logo-svg-web-900x450-1.svg\",\"datePublished\":\"2024-12-17T09:26:00+00:00\",\"dateModified\":\"2024-12-17T09:26:01+00:00\",\"author\":{\"@id\":\"https:\/\/aem.hr\/#\/schema\/person\/20f2dd152e4b347b8b9e2db61a46d6d9\"},\"breadcrumb\":{\"@id\":\"https:\/\/aem.hr\/blog\/2024\/12\/17\/javni-natjecaj-broj-4-24-za-dodjelu-sredstava-fonda-za-poticanje-pluralizma-i-raznovrsnosti-elektronickih-medija-neprofitnim-nakladnicima-radija-i-nakladnicima-radija-na-lokalnoj-i-regionaln\/#breadcrumb\"},\"inLanguage\":\"en-US\",\"potentialAction\":[{\"@type\":\"ReadAction\",\"target\":[\"https:\/\/aem.hr\/blog\/2024\/12\/17\/javni-natjecaj-broj-4-24-za-dodjelu-sredstava-fonda-za-poticanje-pluralizma-i-raznovrsnosti-elektronickih-medija-neprofitnim-nakladnicima-radija-i-nakladnicima-radija-na-lokalnoj-i-regionaln\/\"]}]},{\"@type\":\"ImageObject\",\"inLanguage\":\"en-US\",\"@id\":\"https:\/\/aem.hr\/blog\/2024\/12\/17\/javni-natjecaj-broj-4-24-za-dodjelu-sredstava-fonda-za-poticanje-pluralizma-i-raznovrsnosti-elektronickih-medija-neprofitnim-nakladnicima-radija-i-nakladnicima-radija-na-lokalnoj-i-regionaln\/#primaryimage\",\"url\":\"https:\/\/aem.hr\/wp-content\/uploads\/2021\/05\/AEM-logo-svg-web-900x450-1.svg\",\"contentUrl\":\"https:\/\/aem.hr\/wp-content\/uploads\/2021\/05\/AEM-logo-svg-web-900x450-1.svg\",\"width\":900,\"height\":592},{\"@type\":\"BreadcrumbList\",\"@id\":\"https:\/\/aem.hr\/blog\/2024\/12\/17\/javni-natjecaj-broj-4-24-za-dodjelu-sredstava-fonda-za-poticanje-pluralizma-i-raznovrsnosti-elektronickih-medija-neprofitnim-nakladnicima-radija-i-nakladnicima-radija-na-lokalnoj-i-regionaln\/#breadcrumb\",\"itemListElement\":[{\"@type\":\"ListItem\",\"position\":1,\"name\":\"Po\u010detna stranica\",\"item\":\"https:\/\/aem.hr\/\"},{\"@type\":\"ListItem\",\"position\":2,\"name\":\"Javni natje\u010daj broj 4\/24 za dodjelu sredstava Fonda za poticanje pluralizma i raznovrsnosti elektroni\u010dkih medija \u2013 neprofitnim nakladnicima radija i nakladnicima radija na lokalnoj i regionalnoj razini i neprofitnim pru\u017eateljima medijskih usluga radija i televizije satelitom, internetom i kabelom iz \u010dlanaka 26. i 92. ZEM-a za 2025. godinu\"}]},{\"@type\":\"WebSite\",\"@id\":\"https:\/\/aem.hr\/#website\",\"url\":\"https:\/\/aem.hr\/\",\"name\":\"Agencija za elektroni\u010dke medije\",\"description\":\"\",\"potentialAction\":[{\"@type\":\"SearchAction\",\"target\":{\"@type\":\"EntryPoint\",\"urlTemplate\":\"https:\/\/aem.hr\/?s={search_term_string}\"},\"query-input\":{\"@type\":\"PropertyValueSpecification\",\"valueRequired\":true,\"valueName\":\"search_term_string\"}}],\"inLanguage\":\"en-US\"},{\"@type\":\"Person\",\"@id\":\"https:\/\/aem.hr\/#\/schema\/person\/20f2dd152e4b347b8b9e2db61a46d6d9\",\"name\":\"Matija Zeko\",\"sameAs\":[\"http:\/\/aem.hr\"],\"url\":\"https:\/\/aem.hr\/en\/blog\/author\/matija-zeko\/\"}]}<\/script>\n<!-- \/ Yoast SEO plugin. -->","yoast_head_json":{"title":"Javni natje\u010daj broj 4\/24 za dodjelu sredstava Fonda za poticanje pluralizma i raznovrsnosti elektroni\u010dkih medija \u2013 neprofitnim nakladnicima radija i nakladnicima radija na lokalnoj i regionalnoj razini i neprofitnim pru\u017eateljima medijskih usluga radija i televizije satelitom, internetom i kabelom iz \u010dlanaka 26. i 92. ZEM-a za 2025. godinu - Agencija za elektroni\u010dke medije","robots":{"index":"index","follow":"follow","max-snippet":"max-snippet:-1","max-image-preview":"max-image-preview:large","max-video-preview":"max-video-preview:-1"},"canonical":"https:\/\/aem.hr\/blog\/2024\/12\/17\/javni-natjecaj-broj-4-24-za-dodjelu-sredstava-fonda-za-poticanje-pluralizma-i-raznovrsnosti-elektronickih-medija-neprofitnim-nakladnicima-radija-i-nakladnicima-radija-na-lokalnoj-i-regionaln\/","og_locale":"en_US","og_type":"article","og_title":"Javni natje\u010daj broj 4\/24 za dodjelu sredstava Fonda za poticanje pluralizma i raznovrsnosti elektroni\u010dkih medija \u2013 neprofitnim nakladnicima radija i nakladnicima radija na lokalnoj i regionalnoj razini i neprofitnim pru\u017eateljima medijskih usluga radija i televizije satelitom, internetom i kabelom iz \u010dlanaka 26. i 92. ZEM-a za 2025. godinu - Agencija za elektroni\u010dke medije","og_description":"U&nbsp;Narodnim novinama broj 143&nbsp;od 11. prosinca 2024. godine&nbsp;objavljen je Javni natje\u010daj broj 4\/24 za&nbsp;dodjelu sredstava Fonda za poticanje pluralizma i raznovrsnosti elektroni\u010dkih medija \u2013 neprofitnim nakladnicima radija i nakladnicima radija na lokalnoj i regionalnoj razini i neprofitnim pru\u017eateljima medijskih usluga radija i televizije satelitom, internetom i kabelom iz \u010dlanaka 26. i 92. ZEM-a za 2025. [&hellip;]","og_url":"https:\/\/aem.hr\/blog\/2024\/12\/17\/javni-natjecaj-broj-4-24-za-dodjelu-sredstava-fonda-za-poticanje-pluralizma-i-raznovrsnosti-elektronickih-medija-neprofitnim-nakladnicima-radija-i-nakladnicima-radija-na-lokalnoj-i-regionaln\/","og_site_name":"Agencija za elektroni\u010dke medije","article_published_time":"2024-12-17T09:26:00+00:00","article_modified_time":"2024-12-17T09:26:01+00:00","author":"Matija Zeko","twitter_card":"summary_large_image","twitter_misc":{"Written by":"Matija Zeko","Est. reading time":"1 minute"},"schema":{"@context":"https:\/\/schema.org","@graph":[{"@type":"WebPage","@id":"https:\/\/aem.hr\/blog\/2024\/12\/17\/javni-natjecaj-broj-4-24-za-dodjelu-sredstava-fonda-za-poticanje-pluralizma-i-raznovrsnosti-elektronickih-medija-neprofitnim-nakladnicima-radija-i-nakladnicima-radija-na-lokalnoj-i-regionaln\/","url":"https:\/\/aem.hr\/blog\/2024\/12\/17\/javni-natjecaj-broj-4-24-za-dodjelu-sredstava-fonda-za-poticanje-pluralizma-i-raznovrsnosti-elektronickih-medija-neprofitnim-nakladnicima-radija-i-nakladnicima-radija-na-lokalnoj-i-regionaln\/","name":"Javni natje\u010daj broj 4\/24 za dodjelu sredstava Fonda za poticanje pluralizma i raznovrsnosti elektroni\u010dkih medija \u2013 neprofitnim nakladnicima radija i nakladnicima radija na lokalnoj i regionalnoj razini i neprofitnim pru\u017eateljima medijskih usluga radija i televizije satelitom, internetom i kabelom iz \u010dlanaka 26. i 92. ZEM-a za 2025. godinu - Agencija za elektroni\u010dke medije","isPartOf":{"@id":"https:\/\/aem.hr\/#website"},"primaryImageOfPage":{"@id":"https:\/\/aem.hr\/blog\/2024\/12\/17\/javni-natjecaj-broj-4-24-za-dodjelu-sredstava-fonda-za-poticanje-pluralizma-i-raznovrsnosti-elektronickih-medija-neprofitnim-nakladnicima-radija-i-nakladnicima-radija-na-lokalnoj-i-regionaln\/#primaryimage"},"image":{"@id":"https:\/\/aem.hr\/blog\/2024\/12\/17\/javni-natjecaj-broj-4-24-za-dodjelu-sredstava-fonda-za-poticanje-pluralizma-i-raznovrsnosti-elektronickih-medija-neprofitnim-nakladnicima-radija-i-nakladnicima-radija-na-lokalnoj-i-regionaln\/#primaryimage"},"thumbnailUrl":"https:\/\/aem.hr\/wp-content\/uploads\/2021\/05\/AEM-logo-svg-web-900x450-1.svg","datePublished":"2024-12-17T09:26:00+00:00","dateModified":"2024-12-17T09:26:01+00:00","author":{"@id":"https:\/\/aem.hr\/#\/schema\/person\/20f2dd152e4b347b8b9e2db61a46d6d9"},"breadcrumb":{"@id":"https:\/\/aem.hr\/blog\/2024\/12\/17\/javni-natjecaj-broj-4-24-za-dodjelu-sredstava-fonda-za-poticanje-pluralizma-i-raznovrsnosti-elektronickih-medija-neprofitnim-nakladnicima-radija-i-nakladnicima-radija-na-lokalnoj-i-regionaln\/#breadcrumb"},"inLanguage":"en-US","potentialAction":[{"@type":"ReadAction","target":["https:\/\/aem.hr\/blog\/2024\/12\/17\/javni-natjecaj-broj-4-24-za-dodjelu-sredstava-fonda-za-poticanje-pluralizma-i-raznovrsnosti-elektronickih-medija-neprofitnim-nakladnicima-radija-i-nakladnicima-radija-na-lokalnoj-i-regionaln\/"]}]},{"@type":"ImageObject","inLanguage":"en-US","@id":"https:\/\/aem.hr\/blog\/2024\/12\/17\/javni-natjecaj-broj-4-24-za-dodjelu-sredstava-fonda-za-poticanje-pluralizma-i-raznovrsnosti-elektronickih-medija-neprofitnim-nakladnicima-radija-i-nakladnicima-radija-na-lokalnoj-i-regionaln\/#primaryimage","url":"https:\/\/aem.hr\/wp-content\/uploads\/2021\/05\/AEM-logo-svg-web-900x450-1.svg","contentUrl":"https:\/\/aem.hr\/wp-content\/uploads\/2021\/05\/AEM-logo-svg-web-900x450-1.svg","width":900,"height":592},{"@type":"BreadcrumbList","@id":"https:\/\/aem.hr\/blog\/2024\/12\/17\/javni-natjecaj-broj-4-24-za-dodjelu-sredstava-fonda-za-poticanje-pluralizma-i-raznovrsnosti-elektronickih-medija-neprofitnim-nakladnicima-radija-i-nakladnicima-radija-na-lokalnoj-i-regionaln\/#breadcrumb","itemListElement":[{"@type":"ListItem","position":1,"name":"Po\u010detna stranica","item":"https:\/\/aem.hr\/"},{"@type":"ListItem","position":2,"name":"Javni natje\u010daj broj 4\/24 za dodjelu sredstava Fonda za poticanje pluralizma i raznovrsnosti elektroni\u010dkih medija \u2013 neprofitnim nakladnicima radija i nakladnicima radija na lokalnoj i regionalnoj razini i neprofitnim pru\u017eateljima medijskih usluga radija i televizije satelitom, internetom i kabelom iz \u010dlanaka 26. i 92. ZEM-a za 2025. godinu"}]},{"@type":"WebSite","@id":"https:\/\/aem.hr\/#website","url":"https:\/\/aem.hr\/","name":"Agencija za elektroni\u010dke medije","description":"","potentialAction":[{"@type":"SearchAction","target":{"@type":"EntryPoint","urlTemplate":"https:\/\/aem.hr\/?s={search_term_string}"},"query-input":{"@type":"PropertyValueSpecification","valueRequired":true,"valueName":"search_term_string"}}],"inLanguage":"en-US"},{"@type":"Person","@id":"https:\/\/aem.hr\/#\/schema\/person\/20f2dd152e4b347b8b9e2db61a46d6d9","name":"Matija Zeko","sameAs":["http:\/\/aem.hr"],"url":"https:\/\/aem.hr\/en\/blog\/author\/matija-zeko\/"}]}},"author_meta":{"display_name":"Matija Zeko","author_link":"https:\/\/aem.hr\/en\/blog\/author\/matija-zeko\/"},"featured_img":"https:\/\/aem.hr\/wp-content\/uploads\/2021\/05\/AEM-logo-svg-web-900x450-1.svg","coauthors":[],"tax_additional":{"categories":{"linked":["<a href=\"https:\/\/aem.hr\/en\/kategorija\/fond-za-pluralizam\/\" class=\"advgb-post-tax-term\">Fond za pluralizam<\/a>","<a href=\"https:\/\/aem.hr\/en\/kategorija\/nekategorizirano\/\" class=\"advgb-post-tax-term\">Nekategorizirano<\/a>","<a href=\"https:\/\/aem.hr\/en\/kategorija\/vijesti\/\" class=\"advgb-post-tax-term\">Vijesti<\/a>"],"unlinked":["<span class=\"advgb-post-tax-term\">Fond za pluralizam<\/span>","<span class=\"advgb-post-tax-term\">Nekategorizirano<\/span>","<span class=\"advgb-post-tax-term\">Vijesti<\/span>"]}},"comment_count":"0","relative_dates":{"created":"Posted 1 year ago","modified":"Updated 1 year ago"},"absolute_dates":{"created":"Posted on 17. December 2024.","modified":"Updated on 17. December 2024."},"absolute_dates_time":{"created":"Posted on 17. December 2024. 10:26","modified":"Updated on 17. December 2024. 10:26"},"featured_img_caption":"","series_order":"","_links":{"self":[{"href":"https:\/\/aem.hr\/en\/wp-json\/wp\/v2\/posts\/18183","targetHints":{"allow":["GET"]}}],"collection":[{"href":"https:\/\/aem.hr\/en\/wp-json\/wp\/v2\/posts"}],"about":[{"href":"https:\/\/aem.hr\/en\/wp-json\/wp\/v2\/types\/post"}],"author":[{"embeddable":true,"href":"https:\/\/aem.hr\/en\/wp-json\/wp\/v2\/users\/25"}],"replies":[{"embeddable":true,"href":"https:\/\/aem.hr\/en\/wp-json\/wp\/v2\/comments?post=18183"}],"version-history":[{"count":2,"href":"https:\/\/aem.hr\/en\/wp-json\/wp\/v2\/posts\/18183\/revisions"}],"predecessor-version":[{"id":18199,"href":"https:\/\/aem.hr\/en\/wp-json\/wp\/v2\/posts\/18183\/revisions\/18199"}],"wp:featuredmedia":[{"embeddable":true,"href":"https:\/\/aem.hr\/en\/wp-json\/wp\/v2\/media\/9385"}],"wp:attachment":[{"href":"https:\/\/aem.hr\/en\/wp-json\/wp\/v2\/media?parent=18183"}],"wp:term":[{"taxonomy":"category","embeddable":true,"href":"https:\/\/aem.hr\/en\/wp-json\/wp\/v2\/categories?post=18183"},{"taxonomy":"post_tag","embeddable":true,"href":"https:\/\/aem.hr\/en\/wp-json\/wp\/v2\/tags?post=18183"}],"curies":[{"name":"wp","href":"https:\/\/api.w.org\/{rel}","templated":true}]}}