{"id":18739,"date":"2025-01-15T11:38:59","date_gmt":"2025-01-15T10:38:59","guid":{"rendered":"http:\/\/aem.hr\/?p=18739"},"modified":"2025-01-15T11:47:06","modified_gmt":"2025-01-15T10:47:06","slug":"upute-za-pravdanje-fondova-1-2024-2-2024-i-3-2024-2","status":"publish","type":"post","link":"https:\/\/aem.hr\/en\/blog\/2025\/01\/15\/upute-za-pravdanje-fondova-1-2024-2-2024-i-3-2024-2\/","title":{"rendered":"Upute za pravdanje Fondova 1\/2024, 2\/2024 i 3\/2024"},"content":{"rendered":"\n<p>Ovim se napomenama poja\u0161njava na\u010din zavr\u0161nog pravdanja za razdoblje realizacije&nbsp;<strong>od 1. sije\u010dnja 2024. do 31. prosinca 2024.<\/strong><\/p>\n\n\n\n<p>Cjelokupno programsko i financijsko zavr\u0161no pravdanje odradit \u0107e se na uobi\u010dajen na\u010din; putem PMU aplikacije na internetskim stranicama Agencije za elektroni\u010dke medije, uz slanje potrebne dokumentacije po\u0161tom<\/p>\n\n\n\n<p>Molimo sve obveznike pravdanja da pa\u017eljivo prou\u010de smjernice i napomene u nastavku.<\/p>\n\n\n\n<p><strong>KRAJNJI ROK <\/strong>ZA PRAVDANJE FONDA \u2013 PROGRAMSKO I FINANCIJSKO \u2013 JEST<strong> 28. VELJA\u010cE 2025.<\/strong><\/p>\n\n\n\n<div class=\"wp-block-file\"><a id=\"wp-block-file--media-a9f3c66a-8d89-49c1-b9f7-cde096bf816d\" href=\"https:\/\/aem.hr\/wp-content\/uploads\/2025\/01\/2024-UPUTE-ZA-PRAVDANJE-FONDA-2024_FOND-1-2024-02-2024-3-2024.docx\">2024 UPUTE ZA PRAVDANJE FONDA 2024 FOND 1\/24, 2\/24, 3\/24<\/a><a href=\"https:\/\/aem.hr\/wp-content\/uploads\/2025\/01\/2024-UPUTE-ZA-PRAVDANJE-FONDA-2024_FOND-1-2024-02-2024-3-2024.docx\" class=\"wp-block-file__button wp-element-button\" download aria-describedby=\"wp-block-file--media-a9f3c66a-8d89-49c1-b9f7-cde096bf816d\">Preuzimanje<\/a><\/div>\n\n\n\n<div class=\"wp-block-file\"><a id=\"wp-block-file--media-d0025c40-4ac7-4764-ac0f-8cc4c06a6c53\" href=\"https:\/\/aem.hr\/wp-content\/uploads\/2025\/01\/2024-Vodic-za-predavanje-financijskog-pravdanja-Drzavne-potpore.pptx\">2024 Vodi\u010d za predavanje financijskog pravdanja Dr\u017eavne potpore<\/a><a href=\"https:\/\/aem.hr\/wp-content\/uploads\/2025\/01\/2024-Vodic-za-predavanje-financijskog-pravdanja-Drzavne-potpore.pptx\" class=\"wp-block-file__button wp-element-button\" download aria-describedby=\"wp-block-file--media-d0025c40-4ac7-4764-ac0f-8cc4c06a6c53\">Preuzimanje<\/a><\/div>\n\n\n\n<div class=\"wp-block-file\"><a id=\"wp-block-file--media-a72dd3ae-0615-4adc-a166-a4e25526c88b\" href=\"https:\/\/aem.hr\/wp-content\/uploads\/2025\/01\/2024-Pojasnjenja_Financijskog_pravdanja_Fondova_1_24_i_2_24_za_2024.pptx\">2024 Pojasnjenja Financijskog pravdanja Fondova 1\/24_i_2\/24_za_2024<\/a><a href=\"https:\/\/aem.hr\/wp-content\/uploads\/2025\/01\/2024-Pojasnjenja_Financijskog_pravdanja_Fondova_1_24_i_2_24_za_2024.pptx\" class=\"wp-block-file__button wp-element-button\" download aria-describedby=\"wp-block-file--media-a72dd3ae-0615-4adc-a166-a4e25526c88b\">Preuzimanje<\/a><\/div>\n\n\n\n<div class=\"wp-block-file\"><a id=\"wp-block-file--media-bcf5ab3c-b6aa-4175-b14c-d0237bdbb380\" href=\"https:\/\/aem.hr\/wp-content\/uploads\/2025\/01\/2024-Pojasnjenja_Financijskog_pravdanja_Fonda_3_24_za_2024.pptx\">2024 Poja\u0161njenja Financijskog pravdanja Fonda 3\/24 za 2024<\/a><a href=\"https:\/\/aem.hr\/wp-content\/uploads\/2025\/01\/2024-Pojasnjenja_Financijskog_pravdanja_Fonda_3_24_za_2024.pptx\" class=\"wp-block-file__button wp-element-button\" download aria-describedby=\"wp-block-file--media-bcf5ab3c-b6aa-4175-b14c-d0237bdbb380\">Preuzimanje<\/a><\/div>\n\n\n\n<div class=\"wp-block-file\"><a id=\"wp-block-file--media-440ac773-e529-4b11-bce9-aa7baf9b5aab\" href=\"https:\/\/aem.hr\/wp-content\/uploads\/2025\/01\/2024-Vodic-za-predavanje-financijskog-pravdanja-potpore-male-vrijednosti.pptx\">2024 Vodic-za-predavanje-financijskog-pravdanja-potpore-male-vrijednosti<\/a><a href=\"https:\/\/aem.hr\/wp-content\/uploads\/2025\/01\/2024-Vodic-za-predavanje-financijskog-pravdanja-potpore-male-vrijednosti.pptx\" class=\"wp-block-file__button wp-element-button\" download aria-describedby=\"wp-block-file--media-440ac773-e529-4b11-bce9-aa7baf9b5aab\">Preuzimanje<\/a><\/div>\n\n\n\n<div class=\"wp-block-file\"><a id=\"wp-block-file--media-c3234280-20fc-4f4b-9cb3-b1ebe6c5e71e\" href=\"https:\/\/aem.hr\/wp-content\/uploads\/2025\/01\/Upute-za-spajanje.docx\">Upute za spajanje<\/a><a href=\"https:\/\/aem.hr\/wp-content\/uploads\/2025\/01\/Upute-za-spajanje.docx\" class=\"wp-block-file__button wp-element-button\" download aria-describedby=\"wp-block-file--media-c3234280-20fc-4f4b-9cb3-b1ebe6c5e71e\">Preuzimanje<\/a><\/div>\n\n\n\n<p><\/p>\n","protected":false},"excerpt":{"rendered":"<p>Ovim se napomenama poja\u0161njava na\u010din zavr\u0161nog pravdanja za razdoblje realizacije&nbsp;od 1. sije\u010dnja 2024. do 31. prosinca 2024. Cjelokupno programsko i financijsko zavr\u0161no pravdanje odradit \u0107e se na uobi\u010dajen na\u010din; putem PMU aplikacije na internetskim stranicama Agencije za elektroni\u010dke medije, uz slanje potrebne dokumentacije po\u0161tom Molimo sve obveznike pravdanja da pa\u017eljivo prou\u010de smjernice i napomene u [&hellip;]<\/p>\n","protected":false},"author":18,"featured_media":18736,"comment_status":"closed","ping_status":"closed","sticky":false,"template":"","format":"standard","meta":{"_acf_changed":false,"inline_featured_image":false,"advgb_blocks_editor_width":"","advgb_blocks_columns_visual_guide":"","_links_to":"","_links_to_type":0,"footnotes":""},"categories":[89,5],"tags":[],"class_list":["post-18739","post","type-post","status-publish","format-standard","has-post-thumbnail","hentry","category-fond-za-pluralizam","category-vijesti"],"acf":[],"yoast_head":"<!-- This site is optimized with the Yoast SEO plugin v25.7 - https:\/\/yoast.com\/wordpress\/plugins\/seo\/ -->\n<title>Upute za pravdanje Fondova 1\/2024, 2\/2024 i 3\/2024 - Agencija za elektroni\u010dke medije<\/title>\n<meta name=\"robots\" content=\"index, follow, max-snippet:-1, max-image-preview:large, max-video-preview:-1\" \/>\n<link rel=\"canonical\" href=\"https:\/\/aem.hr\/blog\/2025\/01\/15\/upute-za-pravdanje-fondova-1-2024-2-2024-i-3-2024-2\/\" \/>\n<meta property=\"og:locale\" content=\"en_US\" \/>\n<meta property=\"og:type\" content=\"article\" \/>\n<meta property=\"og:title\" content=\"Upute za pravdanje Fondova 1\/2024, 2\/2024 i 3\/2024 - Agencija za elektroni\u010dke medije\" \/>\n<meta property=\"og:description\" content=\"Ovim se napomenama poja\u0161njava na\u010din zavr\u0161nog pravdanja za razdoblje realizacije&nbsp;od 1. sije\u010dnja 2024. do 31. prosinca 2024. Cjelokupno programsko i financijsko zavr\u0161no pravdanje odradit \u0107e se na uobi\u010dajen na\u010din; putem PMU aplikacije na internetskim stranicama Agencije za elektroni\u010dke medije, uz slanje potrebne dokumentacije po\u0161tom Molimo sve obveznike pravdanja da pa\u017eljivo prou\u010de smjernice i napomene u [&hellip;]\" \/>\n<meta property=\"og:url\" content=\"https:\/\/aem.hr\/blog\/2025\/01\/15\/upute-za-pravdanje-fondova-1-2024-2-2024-i-3-2024-2\/\" \/>\n<meta property=\"og:site_name\" content=\"Agencija za elektroni\u010dke medije\" \/>\n<meta property=\"article:published_time\" content=\"2025-01-15T10:38:59+00:00\" \/>\n<meta property=\"article:modified_time\" content=\"2025-01-15T10:47:06+00:00\" \/>\n<meta property=\"og:image\" content=\"https:\/\/aem.hr\/wp-content\/uploads\/2025\/01\/20240701_114715-scaled.jpg\" \/>\n\t<meta property=\"og:image:width\" content=\"1399\" \/>\n\t<meta property=\"og:image:height\" content=\"2560\" \/>\n\t<meta property=\"og:image:type\" content=\"image\/jpeg\" \/>\n<meta name=\"author\" content=\"Matko Kirac\" \/>\n<meta name=\"twitter:card\" content=\"summary_large_image\" \/>\n<meta name=\"twitter:label1\" content=\"Written by\" \/>\n\t<meta name=\"twitter:data1\" content=\"Matko Kirac\" \/>\n\t<meta name=\"twitter:label2\" content=\"Est. reading time\" \/>\n\t<meta name=\"twitter:data2\" content=\"1 minute\" \/>\n<script type=\"application\/ld+json\" class=\"yoast-schema-graph\">{\"@context\":\"https:\/\/schema.org\",\"@graph\":[{\"@type\":\"WebPage\",\"@id\":\"https:\/\/aem.hr\/blog\/2025\/01\/15\/upute-za-pravdanje-fondova-1-2024-2-2024-i-3-2024-2\/\",\"url\":\"https:\/\/aem.hr\/blog\/2025\/01\/15\/upute-za-pravdanje-fondova-1-2024-2-2024-i-3-2024-2\/\",\"name\":\"Upute za pravdanje Fondova 1\/2024, 2\/2024 i 3\/2024 - Agencija za elektroni\u010dke medije\",\"isPartOf\":{\"@id\":\"https:\/\/aem.hr\/#website\"},\"primaryImageOfPage\":{\"@id\":\"https:\/\/aem.hr\/blog\/2025\/01\/15\/upute-za-pravdanje-fondova-1-2024-2-2024-i-3-2024-2\/#primaryimage\"},\"image\":{\"@id\":\"https:\/\/aem.hr\/blog\/2025\/01\/15\/upute-za-pravdanje-fondova-1-2024-2-2024-i-3-2024-2\/#primaryimage\"},\"thumbnailUrl\":\"https:\/\/aem.hr\/wp-content\/uploads\/2025\/01\/20240701_114715-scaled.jpg\",\"datePublished\":\"2025-01-15T10:38:59+00:00\",\"dateModified\":\"2025-01-15T10:47:06+00:00\",\"author\":{\"@id\":\"https:\/\/aem.hr\/#\/schema\/person\/c100d12574f2ef4fe03266d61bfc55e1\"},\"breadcrumb\":{\"@id\":\"https:\/\/aem.hr\/blog\/2025\/01\/15\/upute-za-pravdanje-fondova-1-2024-2-2024-i-3-2024-2\/#breadcrumb\"},\"inLanguage\":\"en-US\",\"potentialAction\":[{\"@type\":\"ReadAction\",\"target\":[\"https:\/\/aem.hr\/blog\/2025\/01\/15\/upute-za-pravdanje-fondova-1-2024-2-2024-i-3-2024-2\/\"]}]},{\"@type\":\"ImageObject\",\"inLanguage\":\"en-US\",\"@id\":\"https:\/\/aem.hr\/blog\/2025\/01\/15\/upute-za-pravdanje-fondova-1-2024-2-2024-i-3-2024-2\/#primaryimage\",\"url\":\"https:\/\/aem.hr\/wp-content\/uploads\/2025\/01\/20240701_114715-scaled.jpg\",\"contentUrl\":\"https:\/\/aem.hr\/wp-content\/uploads\/2025\/01\/20240701_114715-scaled.jpg\",\"width\":1399,\"height\":2560},{\"@type\":\"BreadcrumbList\",\"@id\":\"https:\/\/aem.hr\/blog\/2025\/01\/15\/upute-za-pravdanje-fondova-1-2024-2-2024-i-3-2024-2\/#breadcrumb\",\"itemListElement\":[{\"@type\":\"ListItem\",\"position\":1,\"name\":\"Po\u010detna stranica\",\"item\":\"https:\/\/aem.hr\/\"},{\"@type\":\"ListItem\",\"position\":2,\"name\":\"Upute za pravdanje Fondova 1\/2024, 2\/2024 i 3\/2024\"}]},{\"@type\":\"WebSite\",\"@id\":\"https:\/\/aem.hr\/#website\",\"url\":\"https:\/\/aem.hr\/\",\"name\":\"Agencija za elektroni\u010dke medije\",\"description\":\"\",\"potentialAction\":[{\"@type\":\"SearchAction\",\"target\":{\"@type\":\"EntryPoint\",\"urlTemplate\":\"https:\/\/aem.hr\/?s={search_term_string}\"},\"query-input\":{\"@type\":\"PropertyValueSpecification\",\"valueRequired\":true,\"valueName\":\"search_term_string\"}}],\"inLanguage\":\"en-US\"},{\"@type\":\"Person\",\"@id\":\"https:\/\/aem.hr\/#\/schema\/person\/c100d12574f2ef4fe03266d61bfc55e1\",\"name\":\"Matko Kirac\",\"url\":\"https:\/\/aem.hr\/en\/blog\/author\/mkirac\/\"}]}<\/script>\n<!-- \/ Yoast SEO plugin. -->","yoast_head_json":{"title":"Upute za pravdanje Fondova 1\/2024, 2\/2024 i 3\/2024 - Agencija za elektroni\u010dke medije","robots":{"index":"index","follow":"follow","max-snippet":"max-snippet:-1","max-image-preview":"max-image-preview:large","max-video-preview":"max-video-preview:-1"},"canonical":"https:\/\/aem.hr\/blog\/2025\/01\/15\/upute-za-pravdanje-fondova-1-2024-2-2024-i-3-2024-2\/","og_locale":"en_US","og_type":"article","og_title":"Upute za pravdanje Fondova 1\/2024, 2\/2024 i 3\/2024 - Agencija za elektroni\u010dke medije","og_description":"Ovim se napomenama poja\u0161njava na\u010din zavr\u0161nog pravdanja za razdoblje realizacije&nbsp;od 1. sije\u010dnja 2024. do 31. prosinca 2024. Cjelokupno programsko i financijsko zavr\u0161no pravdanje odradit \u0107e se na uobi\u010dajen na\u010din; putem PMU aplikacije na internetskim stranicama Agencije za elektroni\u010dke medije, uz slanje potrebne dokumentacije po\u0161tom Molimo sve obveznike pravdanja da pa\u017eljivo prou\u010de smjernice i napomene u [&hellip;]","og_url":"https:\/\/aem.hr\/blog\/2025\/01\/15\/upute-za-pravdanje-fondova-1-2024-2-2024-i-3-2024-2\/","og_site_name":"Agencija za elektroni\u010dke medije","article_published_time":"2025-01-15T10:38:59+00:00","article_modified_time":"2025-01-15T10:47:06+00:00","og_image":[{"width":1399,"height":2560,"url":"https:\/\/aem.hr\/wp-content\/uploads\/2025\/01\/20240701_114715-scaled.jpg","type":"image\/jpeg"}],"author":"Matko Kirac","twitter_card":"summary_large_image","twitter_misc":{"Written by":"Matko Kirac","Est. reading time":"1 minute"},"schema":{"@context":"https:\/\/schema.org","@graph":[{"@type":"WebPage","@id":"https:\/\/aem.hr\/blog\/2025\/01\/15\/upute-za-pravdanje-fondova-1-2024-2-2024-i-3-2024-2\/","url":"https:\/\/aem.hr\/blog\/2025\/01\/15\/upute-za-pravdanje-fondova-1-2024-2-2024-i-3-2024-2\/","name":"Upute za pravdanje Fondova 1\/2024, 2\/2024 i 3\/2024 - Agencija za elektroni\u010dke medije","isPartOf":{"@id":"https:\/\/aem.hr\/#website"},"primaryImageOfPage":{"@id":"https:\/\/aem.hr\/blog\/2025\/01\/15\/upute-za-pravdanje-fondova-1-2024-2-2024-i-3-2024-2\/#primaryimage"},"image":{"@id":"https:\/\/aem.hr\/blog\/2025\/01\/15\/upute-za-pravdanje-fondova-1-2024-2-2024-i-3-2024-2\/#primaryimage"},"thumbnailUrl":"https:\/\/aem.hr\/wp-content\/uploads\/2025\/01\/20240701_114715-scaled.jpg","datePublished":"2025-01-15T10:38:59+00:00","dateModified":"2025-01-15T10:47:06+00:00","author":{"@id":"https:\/\/aem.hr\/#\/schema\/person\/c100d12574f2ef4fe03266d61bfc55e1"},"breadcrumb":{"@id":"https:\/\/aem.hr\/blog\/2025\/01\/15\/upute-za-pravdanje-fondova-1-2024-2-2024-i-3-2024-2\/#breadcrumb"},"inLanguage":"en-US","potentialAction":[{"@type":"ReadAction","target":["https:\/\/aem.hr\/blog\/2025\/01\/15\/upute-za-pravdanje-fondova-1-2024-2-2024-i-3-2024-2\/"]}]},{"@type":"ImageObject","inLanguage":"en-US","@id":"https:\/\/aem.hr\/blog\/2025\/01\/15\/upute-za-pravdanje-fondova-1-2024-2-2024-i-3-2024-2\/#primaryimage","url":"https:\/\/aem.hr\/wp-content\/uploads\/2025\/01\/20240701_114715-scaled.jpg","contentUrl":"https:\/\/aem.hr\/wp-content\/uploads\/2025\/01\/20240701_114715-scaled.jpg","width":1399,"height":2560},{"@type":"BreadcrumbList","@id":"https:\/\/aem.hr\/blog\/2025\/01\/15\/upute-za-pravdanje-fondova-1-2024-2-2024-i-3-2024-2\/#breadcrumb","itemListElement":[{"@type":"ListItem","position":1,"name":"Po\u010detna stranica","item":"https:\/\/aem.hr\/"},{"@type":"ListItem","position":2,"name":"Upute za pravdanje Fondova 1\/2024, 2\/2024 i 3\/2024"}]},{"@type":"WebSite","@id":"https:\/\/aem.hr\/#website","url":"https:\/\/aem.hr\/","name":"Agencija za elektroni\u010dke medije","description":"","potentialAction":[{"@type":"SearchAction","target":{"@type":"EntryPoint","urlTemplate":"https:\/\/aem.hr\/?s={search_term_string}"},"query-input":{"@type":"PropertyValueSpecification","valueRequired":true,"valueName":"search_term_string"}}],"inLanguage":"en-US"},{"@type":"Person","@id":"https:\/\/aem.hr\/#\/schema\/person\/c100d12574f2ef4fe03266d61bfc55e1","name":"Matko Kirac","url":"https:\/\/aem.hr\/en\/blog\/author\/mkirac\/"}]}},"author_meta":{"display_name":"Matko Kirac","author_link":"https:\/\/aem.hr\/en\/blog\/author\/mkirac\/"},"featured_img":"https:\/\/aem.hr\/wp-content\/uploads\/2025\/01\/20240701_114715-164x300.jpg","coauthors":[],"tax_additional":{"categories":{"linked":["<a href=\"https:\/\/aem.hr\/en\/kategorija\/fond-za-pluralizam\/\" class=\"advgb-post-tax-term\">Fond za pluralizam<\/a>","<a href=\"https:\/\/aem.hr\/en\/kategorija\/vijesti\/\" class=\"advgb-post-tax-term\">Vijesti<\/a>"],"unlinked":["<span class=\"advgb-post-tax-term\">Fond za pluralizam<\/span>","<span class=\"advgb-post-tax-term\">Vijesti<\/span>"]}},"comment_count":"0","relative_dates":{"created":"Posted 1 year ago","modified":"Updated 1 year ago"},"absolute_dates":{"created":"Posted on 15. January 2025.","modified":"Updated on 15. January 2025."},"absolute_dates_time":{"created":"Posted on 15. January 2025. 11:38","modified":"Updated on 15. January 2025. 11:47"},"featured_img_caption":"","series_order":"","_links":{"self":[{"href":"https:\/\/aem.hr\/en\/wp-json\/wp\/v2\/posts\/18739","targetHints":{"allow":["GET"]}}],"collection":[{"href":"https:\/\/aem.hr\/en\/wp-json\/wp\/v2\/posts"}],"about":[{"href":"https:\/\/aem.hr\/en\/wp-json\/wp\/v2\/types\/post"}],"author":[{"embeddable":true,"href":"https:\/\/aem.hr\/en\/wp-json\/wp\/v2\/users\/18"}],"replies":[{"embeddable":true,"href":"https:\/\/aem.hr\/en\/wp-json\/wp\/v2\/comments?post=18739"}],"version-history":[{"count":2,"href":"https:\/\/aem.hr\/en\/wp-json\/wp\/v2\/posts\/18739\/revisions"}],"predecessor-version":[{"id":18753,"href":"https:\/\/aem.hr\/en\/wp-json\/wp\/v2\/posts\/18739\/revisions\/18753"}],"wp:featuredmedia":[{"embeddable":true,"href":"https:\/\/aem.hr\/en\/wp-json\/wp\/v2\/media\/18736"}],"wp:attachment":[{"href":"https:\/\/aem.hr\/en\/wp-json\/wp\/v2\/media?parent=18739"}],"wp:term":[{"taxonomy":"category","embeddable":true,"href":"https:\/\/aem.hr\/en\/wp-json\/wp\/v2\/categories?post=18739"},{"taxonomy":"post_tag","embeddable":true,"href":"https:\/\/aem.hr\/en\/wp-json\/wp\/v2\/tags?post=18739"}],"curies":[{"name":"wp","href":"https:\/\/api.w.org\/{rel}","templated":true}]}}