{"id":2118,"date":"2013-08-27T00:00:00","date_gmt":"2013-08-26T22:00:00","guid":{"rendered":"http:\/\/emediji.inspirium.hr\/vijesti\/pracenje-realizacije-koristenja-sredstava-fonda-za-poticanje-pluralizma-i-raznovrsnosti-elektronickih-medija-u-2013godini\/"},"modified":"2013-08-27T00:00:00","modified_gmt":"2013-08-26T22:00:00","slug":"pracenje-realizacije-koristenja-sredstava-fonda-za-poticanje-pluralizma-i-raznovrsnosti-elektronickih-medija-u-2013godini","status":"publish","type":"post","link":"https:\/\/aem.hr\/en\/blog\/2013\/08\/27\/pracenje-realizacije-koristenja-sredstava-fonda-za-poticanje-pluralizma-i-raznovrsnosti-elektronickih-medija-u-2013godini\/","title":{"rendered":"Pra\u0107enje realizacije kori\u0161tenja sredstava Fonda za poticanje pluralizma i raznovrsnosti elektroni\u010dkih medija u 2013.godini"},"content":{"rendered":"<p>\n  Sukladno postupku utvr\u0111ivanja na\u010dina provedbe nadzora<br \/>\n  ostvarivanja Fonda za poticanje pluralizma i raznovrsnosti<br \/>\n  elektroni\u010dkih medija u 2013. godini, u smislu provo\u0111enja nadzora<br \/>\n  nad emitiranjem programa (emisija) koje su se nakladnici<br \/>\n  televizije obvezali proizvesti i objaviti u 2013. godini, Vije\u0107e<br \/>\n  je na 46-13 Sjednici usvojilo na\u010din pra\u0107enja ostvarivanja Fonda,<br \/>\n  na na\u010din da \u0107e nakladnici dostavljati osnovne podatke o svim<br \/>\n  realiziranim emisijama Fonda 01\/13.<\/p>\n","protected":false},"excerpt":{"rendered":"<p>Sukladno postupku utvr\u0111ivanja na\u010dina provedbe nadzora ostvarivanja Fonda za poticanje pluralizma i raznovrsnosti elektroni\u010dkih medija u 2013. godini, u smislu provo\u0111enja nadzora nad emitiranjem programa (emisija) koje su se nakladnici televizije obvezali proizvesti i objaviti u 2013. godini, Vije\u0107e je na 46-13 Sjednici usvojilo na\u010din pra\u0107enja ostvarivanja Fonda, na na\u010din da \u0107e nakladnici dostavljati osnovne [&hellip;]<\/p>\n","protected":false},"author":0,"featured_media":0,"comment_status":"closed","ping_status":"closed","sticky":false,"template":"","format":"standard","meta":{"_acf_changed":false,"inline_featured_image":false,"advgb_blocks_editor_width":"","advgb_blocks_columns_visual_guide":"","_links_to":"","_links_to_type":0,"footnotes":""},"categories":[89],"tags":[],"class_list":["post-2118","post","type-post","status-publish","format-standard","hentry","category-fond-za-pluralizam"],"acf":[],"yoast_head":"<!-- This site is optimized with the Yoast SEO plugin v25.7 - https:\/\/yoast.com\/wordpress\/plugins\/seo\/ -->\n<title>Pra\u0107enje realizacije kori\u0161tenja sredstava Fonda za poticanje pluralizma i raznovrsnosti elektroni\u010dkih medija u 2013.godini - Agencija za elektroni\u010dke medije<\/title>\n<meta name=\"robots\" content=\"index, follow, max-snippet:-1, max-image-preview:large, max-video-preview:-1\" \/>\n<link rel=\"canonical\" href=\"https:\/\/aem.hr\/blog\/2013\/08\/27\/pracenje-realizacije-koristenja-sredstava-fonda-za-poticanje-pluralizma-i-raznovrsnosti-elektronickih-medija-u-2013godini\/\" \/>\n<meta property=\"og:locale\" content=\"en_US\" \/>\n<meta property=\"og:type\" content=\"article\" \/>\n<meta property=\"og:title\" content=\"Pra\u0107enje realizacije kori\u0161tenja sredstava Fonda za poticanje pluralizma i raznovrsnosti elektroni\u010dkih medija u 2013.godini - Agencija za elektroni\u010dke medije\" \/>\n<meta property=\"og:description\" content=\"Sukladno postupku utvr\u0111ivanja na\u010dina provedbe nadzora ostvarivanja Fonda za poticanje pluralizma i raznovrsnosti elektroni\u010dkih medija u 2013. godini, u smislu provo\u0111enja nadzora nad emitiranjem programa (emisija) koje su se nakladnici televizije obvezali proizvesti i objaviti u 2013. godini, Vije\u0107e je na 46-13 Sjednici usvojilo na\u010din pra\u0107enja ostvarivanja Fonda, na na\u010din da \u0107e nakladnici dostavljati osnovne [&hellip;]\" \/>\n<meta property=\"og:url\" content=\"https:\/\/aem.hr\/blog\/2013\/08\/27\/pracenje-realizacije-koristenja-sredstava-fonda-za-poticanje-pluralizma-i-raznovrsnosti-elektronickih-medija-u-2013godini\/\" \/>\n<meta property=\"og:site_name\" content=\"Agencija za elektroni\u010dke medije\" \/>\n<meta property=\"article:published_time\" content=\"2013-08-26T22:00:00+00:00\" \/>\n<meta name=\"twitter:card\" content=\"summary_large_image\" \/>\n<script type=\"application\/ld+json\" class=\"yoast-schema-graph\">{\"@context\":\"https:\/\/schema.org\",\"@graph\":[{\"@type\":\"WebPage\",\"@id\":\"https:\/\/aem.hr\/blog\/2013\/08\/27\/pracenje-realizacije-koristenja-sredstava-fonda-za-poticanje-pluralizma-i-raznovrsnosti-elektronickih-medija-u-2013godini\/\",\"url\":\"https:\/\/aem.hr\/blog\/2013\/08\/27\/pracenje-realizacije-koristenja-sredstava-fonda-za-poticanje-pluralizma-i-raznovrsnosti-elektronickih-medija-u-2013godini\/\",\"name\":\"Pra\u0107enje realizacije kori\u0161tenja sredstava Fonda za poticanje pluralizma i raznovrsnosti elektroni\u010dkih medija u 2013.godini - Agencija za elektroni\u010dke medije\",\"isPartOf\":{\"@id\":\"https:\/\/aem.hr\/#website\"},\"datePublished\":\"2013-08-26T22:00:00+00:00\",\"author\":{\"@id\":\"\"},\"breadcrumb\":{\"@id\":\"https:\/\/aem.hr\/blog\/2013\/08\/27\/pracenje-realizacije-koristenja-sredstava-fonda-za-poticanje-pluralizma-i-raznovrsnosti-elektronickih-medija-u-2013godini\/#breadcrumb\"},\"inLanguage\":\"en-US\",\"potentialAction\":[{\"@type\":\"ReadAction\",\"target\":[\"https:\/\/aem.hr\/blog\/2013\/08\/27\/pracenje-realizacije-koristenja-sredstava-fonda-za-poticanje-pluralizma-i-raznovrsnosti-elektronickih-medija-u-2013godini\/\"]}]},{\"@type\":\"BreadcrumbList\",\"@id\":\"https:\/\/aem.hr\/blog\/2013\/08\/27\/pracenje-realizacije-koristenja-sredstava-fonda-za-poticanje-pluralizma-i-raznovrsnosti-elektronickih-medija-u-2013godini\/#breadcrumb\",\"itemListElement\":[{\"@type\":\"ListItem\",\"position\":1,\"name\":\"Po\u010detna stranica\",\"item\":\"https:\/\/aem.hr\/\"},{\"@type\":\"ListItem\",\"position\":2,\"name\":\"Pra\u0107enje realizacije kori\u0161tenja sredstava Fonda za poticanje pluralizma i raznovrsnosti elektroni\u010dkih medija u 2013.godini\"}]},{\"@type\":\"WebSite\",\"@id\":\"https:\/\/aem.hr\/#website\",\"url\":\"https:\/\/aem.hr\/\",\"name\":\"Agencija za elektroni\u010dke medije\",\"description\":\"\",\"potentialAction\":[{\"@type\":\"SearchAction\",\"target\":{\"@type\":\"EntryPoint\",\"urlTemplate\":\"https:\/\/aem.hr\/?s={search_term_string}\"},\"query-input\":{\"@type\":\"PropertyValueSpecification\",\"valueRequired\":true,\"valueName\":\"search_term_string\"}}],\"inLanguage\":\"en-US\"}]}<\/script>\n<!-- \/ Yoast SEO plugin. -->","yoast_head_json":{"title":"Pra\u0107enje realizacije kori\u0161tenja sredstava Fonda za poticanje pluralizma i raznovrsnosti elektroni\u010dkih medija u 2013.godini - Agencija za elektroni\u010dke medije","robots":{"index":"index","follow":"follow","max-snippet":"max-snippet:-1","max-image-preview":"max-image-preview:large","max-video-preview":"max-video-preview:-1"},"canonical":"https:\/\/aem.hr\/blog\/2013\/08\/27\/pracenje-realizacije-koristenja-sredstava-fonda-za-poticanje-pluralizma-i-raznovrsnosti-elektronickih-medija-u-2013godini\/","og_locale":"en_US","og_type":"article","og_title":"Pra\u0107enje realizacije kori\u0161tenja sredstava Fonda za poticanje pluralizma i raznovrsnosti elektroni\u010dkih medija u 2013.godini - Agencija za elektroni\u010dke medije","og_description":"Sukladno postupku utvr\u0111ivanja na\u010dina provedbe nadzora ostvarivanja Fonda za poticanje pluralizma i raznovrsnosti elektroni\u010dkih medija u 2013. godini, u smislu provo\u0111enja nadzora nad emitiranjem programa (emisija) koje su se nakladnici televizije obvezali proizvesti i objaviti u 2013. godini, Vije\u0107e je na 46-13 Sjednici usvojilo na\u010din pra\u0107enja ostvarivanja Fonda, na na\u010din da \u0107e nakladnici dostavljati osnovne [&hellip;]","og_url":"https:\/\/aem.hr\/blog\/2013\/08\/27\/pracenje-realizacije-koristenja-sredstava-fonda-za-poticanje-pluralizma-i-raznovrsnosti-elektronickih-medija-u-2013godini\/","og_site_name":"Agencija za elektroni\u010dke medije","article_published_time":"2013-08-26T22:00:00+00:00","twitter_card":"summary_large_image","schema":{"@context":"https:\/\/schema.org","@graph":[{"@type":"WebPage","@id":"https:\/\/aem.hr\/blog\/2013\/08\/27\/pracenje-realizacije-koristenja-sredstava-fonda-za-poticanje-pluralizma-i-raznovrsnosti-elektronickih-medija-u-2013godini\/","url":"https:\/\/aem.hr\/blog\/2013\/08\/27\/pracenje-realizacije-koristenja-sredstava-fonda-za-poticanje-pluralizma-i-raznovrsnosti-elektronickih-medija-u-2013godini\/","name":"Pra\u0107enje realizacije kori\u0161tenja sredstava Fonda za poticanje pluralizma i raznovrsnosti elektroni\u010dkih medija u 2013.godini - Agencija za elektroni\u010dke medije","isPartOf":{"@id":"https:\/\/aem.hr\/#website"},"datePublished":"2013-08-26T22:00:00+00:00","author":{"@id":""},"breadcrumb":{"@id":"https:\/\/aem.hr\/blog\/2013\/08\/27\/pracenje-realizacije-koristenja-sredstava-fonda-za-poticanje-pluralizma-i-raznovrsnosti-elektronickih-medija-u-2013godini\/#breadcrumb"},"inLanguage":"en-US","potentialAction":[{"@type":"ReadAction","target":["https:\/\/aem.hr\/blog\/2013\/08\/27\/pracenje-realizacije-koristenja-sredstava-fonda-za-poticanje-pluralizma-i-raznovrsnosti-elektronickih-medija-u-2013godini\/"]}]},{"@type":"BreadcrumbList","@id":"https:\/\/aem.hr\/blog\/2013\/08\/27\/pracenje-realizacije-koristenja-sredstava-fonda-za-poticanje-pluralizma-i-raznovrsnosti-elektronickih-medija-u-2013godini\/#breadcrumb","itemListElement":[{"@type":"ListItem","position":1,"name":"Po\u010detna stranica","item":"https:\/\/aem.hr\/"},{"@type":"ListItem","position":2,"name":"Pra\u0107enje realizacije kori\u0161tenja sredstava Fonda za poticanje pluralizma i raznovrsnosti elektroni\u010dkih medija u 2013.godini"}]},{"@type":"WebSite","@id":"https:\/\/aem.hr\/#website","url":"https:\/\/aem.hr\/","name":"Agencija za elektroni\u010dke medije","description":"","potentialAction":[{"@type":"SearchAction","target":{"@type":"EntryPoint","urlTemplate":"https:\/\/aem.hr\/?s={search_term_string}"},"query-input":{"@type":"PropertyValueSpecification","valueRequired":true,"valueName":"search_term_string"}}],"inLanguage":"en-US"}]}},"author_meta":{"display_name":"","author_link":"https:\/\/aem.hr\/en\/blog\/author\/"},"featured_img":null,"coauthors":[],"tax_additional":{"categories":{"linked":["<a href=\"https:\/\/aem.hr\/en\/kategorija\/fond-za-pluralizam\/\" class=\"advgb-post-tax-term\">Fond za pluralizam<\/a>"],"unlinked":["<span class=\"advgb-post-tax-term\">Fond za pluralizam<\/span>"]}},"comment_count":"0","relative_dates":{"created":"Posted 13 years ago","modified":"Updated 13 years ago"},"absolute_dates":{"created":"Posted on 27. August 2013.","modified":"Updated on 27. August 2013."},"absolute_dates_time":{"created":"Posted on 27. August 2013. 0:00","modified":"Updated on 27. August 2013. 0:00"},"featured_img_caption":"","series_order":"","_links":{"self":[{"href":"https:\/\/aem.hr\/en\/wp-json\/wp\/v2\/posts\/2118","targetHints":{"allow":["GET"]}}],"collection":[{"href":"https:\/\/aem.hr\/en\/wp-json\/wp\/v2\/posts"}],"about":[{"href":"https:\/\/aem.hr\/en\/wp-json\/wp\/v2\/types\/post"}],"replies":[{"embeddable":true,"href":"https:\/\/aem.hr\/en\/wp-json\/wp\/v2\/comments?post=2118"}],"version-history":[{"count":0,"href":"https:\/\/aem.hr\/en\/wp-json\/wp\/v2\/posts\/2118\/revisions"}],"wp:attachment":[{"href":"https:\/\/aem.hr\/en\/wp-json\/wp\/v2\/media?parent=2118"}],"wp:term":[{"taxonomy":"category","embeddable":true,"href":"https:\/\/aem.hr\/en\/wp-json\/wp\/v2\/categories?post=2118"},{"taxonomy":"post_tag","embeddable":true,"href":"https:\/\/aem.hr\/en\/wp-json\/wp\/v2\/tags?post=2118"}],"curies":[{"name":"wp","href":"https:\/\/api.w.org\/{rel}","templated":true}]}}