{"id":2220,"date":"2010-01-08T00:00:00","date_gmt":"2010-01-07T23:00:00","guid":{"rendered":"http:\/\/emediji.inspirium.hr\/vijesti\/pravdanje-sredstava-fonda\/"},"modified":"2010-01-08T00:00:00","modified_gmt":"2010-01-07T23:00:00","slug":"pravdanje-sredstava-fonda","status":"publish","type":"post","link":"https:\/\/aem.hr\/en\/blog\/2010\/01\/08\/pravdanje-sredstava-fonda\/","title":{"rendered":"Pravdanje sredstava Fonda"},"content":{"rendered":"<p>Vije\u0107e za elektroni\u010dke medije utvrdilo je da je do petka, 08. sije\u010dnja 2010. godine, od ukupno 162 nakladnika kojima su dodijeljena sredstva Fonda, pravdanje sredstava Fonda dostavilo je 77 nakladnika. Od toga 61 nakladnik radijske djelatnosti i 16 nakladnika televizijske djelatnosti. <\/p>\n<p><a href=\"\/files\/novosti\/113.doc\">Dokument.doc<\/a><\/p>\n","protected":false},"excerpt":{"rendered":"<p>Vije\u0107e za elektroni\u010dke medije utvrdilo je da je do petka, 08. sije\u010dnja 2010. godine, od ukupno 162 nakladnika kojima su dodijeljena sredstva Fonda, pravdanje sredstava Fonda dostavilo je 77 nakladnika. Od toga 61 nakladnik radijske djelatnosti i 16 nakladnika televizijske djelatnosti. Dokument.doc<\/p>\n","protected":false},"author":0,"featured_media":0,"comment_status":"closed","ping_status":"closed","sticky":false,"template":"","format":"standard","meta":{"_acf_changed":false,"inline_featured_image":false,"advgb_blocks_editor_width":"","advgb_blocks_columns_visual_guide":"","_links_to":"","_links_to_type":0,"footnotes":""},"categories":[89],"tags":[],"class_list":["post-2220","post","type-post","status-publish","format-standard","hentry","category-fond-za-pluralizam"],"acf":[],"yoast_head":"<!-- This site is optimized with the Yoast SEO plugin v25.7 - https:\/\/yoast.com\/wordpress\/plugins\/seo\/ -->\n<title>Pravdanje sredstava Fonda - Agencija za elektroni\u010dke medije<\/title>\n<meta name=\"robots\" content=\"index, follow, max-snippet:-1, max-image-preview:large, max-video-preview:-1\" \/>\n<link rel=\"canonical\" href=\"https:\/\/aem.hr\/blog\/2010\/01\/08\/pravdanje-sredstava-fonda\/\" \/>\n<meta property=\"og:locale\" content=\"en_US\" \/>\n<meta property=\"og:type\" content=\"article\" \/>\n<meta property=\"og:title\" content=\"Pravdanje sredstava Fonda - Agencija za elektroni\u010dke medije\" \/>\n<meta property=\"og:description\" content=\"Vije\u0107e za elektroni\u010dke medije utvrdilo je da je do petka, 08. sije\u010dnja 2010. godine, od ukupno 162 nakladnika kojima su dodijeljena sredstva Fonda, pravdanje sredstava Fonda dostavilo je 77 nakladnika. Od toga 61 nakladnik radijske djelatnosti i 16 nakladnika televizijske djelatnosti. Dokument.doc\" \/>\n<meta property=\"og:url\" content=\"https:\/\/aem.hr\/blog\/2010\/01\/08\/pravdanje-sredstava-fonda\/\" \/>\n<meta property=\"og:site_name\" content=\"Agencija za elektroni\u010dke medije\" \/>\n<meta property=\"article:published_time\" content=\"2010-01-07T23:00:00+00:00\" \/>\n<meta name=\"twitter:card\" content=\"summary_large_image\" \/>\n<script type=\"application\/ld+json\" class=\"yoast-schema-graph\">{\"@context\":\"https:\/\/schema.org\",\"@graph\":[{\"@type\":\"WebPage\",\"@id\":\"https:\/\/aem.hr\/blog\/2010\/01\/08\/pravdanje-sredstava-fonda\/\",\"url\":\"https:\/\/aem.hr\/blog\/2010\/01\/08\/pravdanje-sredstava-fonda\/\",\"name\":\"Pravdanje sredstava Fonda - Agencija za elektroni\u010dke medije\",\"isPartOf\":{\"@id\":\"https:\/\/aem.hr\/#website\"},\"datePublished\":\"2010-01-07T23:00:00+00:00\",\"author\":{\"@id\":\"\"},\"breadcrumb\":{\"@id\":\"https:\/\/aem.hr\/blog\/2010\/01\/08\/pravdanje-sredstava-fonda\/#breadcrumb\"},\"inLanguage\":\"en-US\",\"potentialAction\":[{\"@type\":\"ReadAction\",\"target\":[\"https:\/\/aem.hr\/blog\/2010\/01\/08\/pravdanje-sredstava-fonda\/\"]}]},{\"@type\":\"BreadcrumbList\",\"@id\":\"https:\/\/aem.hr\/blog\/2010\/01\/08\/pravdanje-sredstava-fonda\/#breadcrumb\",\"itemListElement\":[{\"@type\":\"ListItem\",\"position\":1,\"name\":\"Po\u010detna stranica\",\"item\":\"https:\/\/aem.hr\/\"},{\"@type\":\"ListItem\",\"position\":2,\"name\":\"Pravdanje sredstava Fonda\"}]},{\"@type\":\"WebSite\",\"@id\":\"https:\/\/aem.hr\/#website\",\"url\":\"https:\/\/aem.hr\/\",\"name\":\"Agencija za elektroni\u010dke medije\",\"description\":\"\",\"potentialAction\":[{\"@type\":\"SearchAction\",\"target\":{\"@type\":\"EntryPoint\",\"urlTemplate\":\"https:\/\/aem.hr\/?s={search_term_string}\"},\"query-input\":{\"@type\":\"PropertyValueSpecification\",\"valueRequired\":true,\"valueName\":\"search_term_string\"}}],\"inLanguage\":\"en-US\"}]}<\/script>\n<!-- \/ Yoast SEO plugin. -->","yoast_head_json":{"title":"Pravdanje sredstava Fonda - Agencija za elektroni\u010dke medije","robots":{"index":"index","follow":"follow","max-snippet":"max-snippet:-1","max-image-preview":"max-image-preview:large","max-video-preview":"max-video-preview:-1"},"canonical":"https:\/\/aem.hr\/blog\/2010\/01\/08\/pravdanje-sredstava-fonda\/","og_locale":"en_US","og_type":"article","og_title":"Pravdanje sredstava Fonda - Agencija za elektroni\u010dke medije","og_description":"Vije\u0107e za elektroni\u010dke medije utvrdilo je da je do petka, 08. sije\u010dnja 2010. godine, od ukupno 162 nakladnika kojima su dodijeljena sredstva Fonda, pravdanje sredstava Fonda dostavilo je 77 nakladnika. Od toga 61 nakladnik radijske djelatnosti i 16 nakladnika televizijske djelatnosti. Dokument.doc","og_url":"https:\/\/aem.hr\/blog\/2010\/01\/08\/pravdanje-sredstava-fonda\/","og_site_name":"Agencija za elektroni\u010dke medije","article_published_time":"2010-01-07T23:00:00+00:00","twitter_card":"summary_large_image","schema":{"@context":"https:\/\/schema.org","@graph":[{"@type":"WebPage","@id":"https:\/\/aem.hr\/blog\/2010\/01\/08\/pravdanje-sredstava-fonda\/","url":"https:\/\/aem.hr\/blog\/2010\/01\/08\/pravdanje-sredstava-fonda\/","name":"Pravdanje sredstava Fonda - Agencija za elektroni\u010dke medije","isPartOf":{"@id":"https:\/\/aem.hr\/#website"},"datePublished":"2010-01-07T23:00:00+00:00","author":{"@id":""},"breadcrumb":{"@id":"https:\/\/aem.hr\/blog\/2010\/01\/08\/pravdanje-sredstava-fonda\/#breadcrumb"},"inLanguage":"en-US","potentialAction":[{"@type":"ReadAction","target":["https:\/\/aem.hr\/blog\/2010\/01\/08\/pravdanje-sredstava-fonda\/"]}]},{"@type":"BreadcrumbList","@id":"https:\/\/aem.hr\/blog\/2010\/01\/08\/pravdanje-sredstava-fonda\/#breadcrumb","itemListElement":[{"@type":"ListItem","position":1,"name":"Po\u010detna stranica","item":"https:\/\/aem.hr\/"},{"@type":"ListItem","position":2,"name":"Pravdanje sredstava Fonda"}]},{"@type":"WebSite","@id":"https:\/\/aem.hr\/#website","url":"https:\/\/aem.hr\/","name":"Agencija za elektroni\u010dke medije","description":"","potentialAction":[{"@type":"SearchAction","target":{"@type":"EntryPoint","urlTemplate":"https:\/\/aem.hr\/?s={search_term_string}"},"query-input":{"@type":"PropertyValueSpecification","valueRequired":true,"valueName":"search_term_string"}}],"inLanguage":"en-US"}]}},"author_meta":{"display_name":"","author_link":"https:\/\/aem.hr\/en\/blog\/author\/"},"featured_img":null,"coauthors":[],"tax_additional":{"categories":{"linked":["<a href=\"https:\/\/aem.hr\/en\/kategorija\/fond-za-pluralizam\/\" class=\"advgb-post-tax-term\">Fond za pluralizam<\/a>"],"unlinked":["<span class=\"advgb-post-tax-term\">Fond za pluralizam<\/span>"]}},"comment_count":"0","relative_dates":{"created":"Posted 16 years ago","modified":"Updated 16 years ago"},"absolute_dates":{"created":"Posted on 8. January 2010.","modified":"Updated on 8. January 2010."},"absolute_dates_time":{"created":"Posted on 8. January 2010. 0:00","modified":"Updated on 8. January 2010. 0:00"},"featured_img_caption":"","series_order":"","_links":{"self":[{"href":"https:\/\/aem.hr\/en\/wp-json\/wp\/v2\/posts\/2220","targetHints":{"allow":["GET"]}}],"collection":[{"href":"https:\/\/aem.hr\/en\/wp-json\/wp\/v2\/posts"}],"about":[{"href":"https:\/\/aem.hr\/en\/wp-json\/wp\/v2\/types\/post"}],"replies":[{"embeddable":true,"href":"https:\/\/aem.hr\/en\/wp-json\/wp\/v2\/comments?post=2220"}],"version-history":[{"count":0,"href":"https:\/\/aem.hr\/en\/wp-json\/wp\/v2\/posts\/2220\/revisions"}],"wp:attachment":[{"href":"https:\/\/aem.hr\/en\/wp-json\/wp\/v2\/media?parent=2220"}],"wp:term":[{"taxonomy":"category","embeddable":true,"href":"https:\/\/aem.hr\/en\/wp-json\/wp\/v2\/categories?post=2220"},{"taxonomy":"post_tag","embeddable":true,"href":"https:\/\/aem.hr\/en\/wp-json\/wp\/v2\/tags?post=2220"}],"curies":[{"name":"wp","href":"https:\/\/api.w.org\/{rel}","templated":true}]}}