{"id":23033,"date":"2025-06-06T10:13:21","date_gmt":"2025-06-06T08:13:21","guid":{"rendered":"http:\/\/aem.hr\/?p=23033"},"modified":"2025-06-06T10:14:14","modified_gmt":"2025-06-06T08:14:14","slug":"zapisnik-s-20-25-sjednice-vijeca-za-elektronicke-medije-odrzane-dana-28-svibnja-2025","status":"publish","type":"post","link":"https:\/\/aem.hr\/en\/blog\/2025\/06\/06\/zapisnik-s-20-25-sjednice-vijeca-za-elektronicke-medije-odrzane-dana-28-svibnja-2025\/","title":{"rendered":"Zapisnik s 20-25 sjednice Vije\u0107a za elektroni\u010dke medije, odr\u017eane dana 28. svibnja 2025."},"content":{"rendered":"\n<p><strong>Dnevni red:<\/strong><\/p>\n\n\n\n<ol class=\"wp-block-list\">\n<li>Ovjera zapisnika s 19-25 sjednice Vije\u0107a<\/li>\n\n\n\n<li>Nadzor nad radom pru\u017eatelja medijskih usluga<\/li>\n\n\n\n<li>Prijedlog odluke o odabiru ponude u predmetu nabave usluge odr\u017eavanja postoje\u0107e mre\u017ene stranice te usluge izrade nove mre\u017ene stranice s jednogodi\u0161njim odr\u017eavanjem<\/li>\n\n\n\n<li>Projekcije financijskog plana Agencije za elektroni\u010dke medije za 2026., 2027. i 2028.<\/li>\n\n\n\n<li>Zahtjev dru\u0161tva SALES LAB d.o.o. za dobivanje dopu\u0161tenja za satelitski, internetski, kabelski prijenos i druge dopu\u0161tene oblike prijenosa audiovizualnog i\/ili radijskog programa za televizijski kanal sporttv.hr<\/li>\n\n\n\n<li>Zahtjev dru\u0161tva Drei Verbunden d.o.o. za dobivanje dopu\u0161tenja za satelitski, internetski, kabelski prijenos i druge dopu\u0161tene oblike prijenosa audiovizualnog i\/ili radijskog programa za radijski kanal dvb.digital<\/li>\n\n\n\n<li>Zahtjev udruge VIJE\u0106E GRA\u0110ANA kao neprofitnog pru\u017eatelja za dobivanje dopu\u0161tenja za satelitski, internetski, kabelski prijenos i druge dopu\u0161tene oblike prijenosa audiovizualnog i\/ili radijskog programa za radijski kanal radio Vodnjan<\/li>\n\n\n\n<li>Prijedlog odluke o pravdanju dijela sredstava Fonda po Javnom natje\u010daju 1\/24 \u2013 14. dio<\/li>\n\n\n\n<li>Prijedlog odluke o pravdanju dijela sredstava Fonda po Javnom natje\u010daju 1\/24 \u2013 15. dio \u2013 MEDIA CONSULTING d.o.o.<\/li>\n\n\n\n<li>Prijedlog odluke o pravdanju dijela sredstava Fonda po Javnom natje\u010daju 2\/24 \u2013 1. dio<\/li>\n\n\n\n<li>Prijedlog odluke o pravdanju dijela sredstava Fonda po Javnom natje\u010daju 3\/24 \u2013 9. dio<\/li>\n\n\n\n<li>Razno<\/li>\n<\/ol>\n\n\n\n<div class=\"wp-block-file\"><a id=\"wp-block-file--media-06772e45-70bb-42f3-8d3e-c3221563f01c\" href=\"https:\/\/aem.hr\/wp-content\/uploads\/2025\/06\/Zapisnik-20-25.pdf\">Zapisnik sa 20-25, odr\u017eane dana 28. svibnja 2025.<\/a><a href=\"https:\/\/aem.hr\/wp-content\/uploads\/2025\/06\/Zapisnik-20-25.pdf\" class=\"wp-block-file__button wp-element-button\" download aria-describedby=\"wp-block-file--media-06772e45-70bb-42f3-8d3e-c3221563f01c\">Preuzimanje<\/a><\/div>\n","protected":false},"excerpt":{"rendered":"<p>Dnevni red:<\/p>\n","protected":false},"author":18,"featured_media":0,"comment_status":"closed","ping_status":"closed","sticky":false,"template":"","format":"standard","meta":{"_acf_changed":false,"inline_featured_image":false,"advgb_blocks_editor_width":"","advgb_blocks_columns_visual_guide":"","_links_to":"","_links_to_type":0,"footnotes":""},"categories":[87],"tags":[],"class_list":["post-23033","post","type-post","status-publish","format-standard","hentry","category-sjednice-vijeca"],"acf":[],"yoast_head":"<!-- This site is optimized with the Yoast SEO plugin v25.7 - https:\/\/yoast.com\/wordpress\/plugins\/seo\/ -->\n<title>Zapisnik s 20-25 sjednice Vije\u0107a za elektroni\u010dke medije, odr\u017eane dana 28. svibnja 2025. - Agencija za elektroni\u010dke medije<\/title>\n<meta name=\"robots\" content=\"index, follow, max-snippet:-1, max-image-preview:large, max-video-preview:-1\" \/>\n<link rel=\"canonical\" href=\"https:\/\/aem.hr\/blog\/2025\/06\/06\/zapisnik-s-20-25-sjednice-vijeca-za-elektronicke-medije-odrzane-dana-28-svibnja-2025\/\" \/>\n<meta property=\"og:locale\" content=\"en_US\" \/>\n<meta property=\"og:type\" content=\"article\" \/>\n<meta property=\"og:title\" content=\"Zapisnik s 20-25 sjednice Vije\u0107a za elektroni\u010dke medije, odr\u017eane dana 28. svibnja 2025. - Agencija za elektroni\u010dke medije\" \/>\n<meta property=\"og:description\" content=\"Dnevni red:\" \/>\n<meta property=\"og:url\" content=\"https:\/\/aem.hr\/blog\/2025\/06\/06\/zapisnik-s-20-25-sjednice-vijeca-za-elektronicke-medije-odrzane-dana-28-svibnja-2025\/\" \/>\n<meta property=\"og:site_name\" content=\"Agencija za elektroni\u010dke medije\" \/>\n<meta property=\"article:published_time\" content=\"2025-06-06T08:13:21+00:00\" \/>\n<meta property=\"article:modified_time\" content=\"2025-06-06T08:14:14+00:00\" \/>\n<meta name=\"author\" content=\"Matko Kirac\" \/>\n<meta name=\"twitter:card\" content=\"summary_large_image\" \/>\n<meta name=\"twitter:label1\" content=\"Written by\" \/>\n\t<meta name=\"twitter:data1\" content=\"Matko Kirac\" \/>\n\t<meta name=\"twitter:label2\" content=\"Est. reading time\" \/>\n\t<meta name=\"twitter:data2\" content=\"2 minutes\" \/>\n<script type=\"application\/ld+json\" class=\"yoast-schema-graph\">{\"@context\":\"https:\/\/schema.org\",\"@graph\":[{\"@type\":\"WebPage\",\"@id\":\"https:\/\/aem.hr\/blog\/2025\/06\/06\/zapisnik-s-20-25-sjednice-vijeca-za-elektronicke-medije-odrzane-dana-28-svibnja-2025\/\",\"url\":\"https:\/\/aem.hr\/blog\/2025\/06\/06\/zapisnik-s-20-25-sjednice-vijeca-za-elektronicke-medije-odrzane-dana-28-svibnja-2025\/\",\"name\":\"Zapisnik s 20-25 sjednice Vije\u0107a za elektroni\u010dke medije, odr\u017eane dana 28. svibnja 2025. - Agencija za elektroni\u010dke medije\",\"isPartOf\":{\"@id\":\"https:\/\/aem.hr\/#website\"},\"datePublished\":\"2025-06-06T08:13:21+00:00\",\"dateModified\":\"2025-06-06T08:14:14+00:00\",\"author\":{\"@id\":\"https:\/\/aem.hr\/#\/schema\/person\/c100d12574f2ef4fe03266d61bfc55e1\"},\"breadcrumb\":{\"@id\":\"https:\/\/aem.hr\/blog\/2025\/06\/06\/zapisnik-s-20-25-sjednice-vijeca-za-elektronicke-medije-odrzane-dana-28-svibnja-2025\/#breadcrumb\"},\"inLanguage\":\"en-US\",\"potentialAction\":[{\"@type\":\"ReadAction\",\"target\":[\"https:\/\/aem.hr\/blog\/2025\/06\/06\/zapisnik-s-20-25-sjednice-vijeca-za-elektronicke-medije-odrzane-dana-28-svibnja-2025\/\"]}]},{\"@type\":\"BreadcrumbList\",\"@id\":\"https:\/\/aem.hr\/blog\/2025\/06\/06\/zapisnik-s-20-25-sjednice-vijeca-za-elektronicke-medije-odrzane-dana-28-svibnja-2025\/#breadcrumb\",\"itemListElement\":[{\"@type\":\"ListItem\",\"position\":1,\"name\":\"Po\u010detna stranica\",\"item\":\"https:\/\/aem.hr\/\"},{\"@type\":\"ListItem\",\"position\":2,\"name\":\"Zapisnik s 20-25 sjednice Vije\u0107a za elektroni\u010dke medije, odr\u017eane dana 28. svibnja 2025.\"}]},{\"@type\":\"WebSite\",\"@id\":\"https:\/\/aem.hr\/#website\",\"url\":\"https:\/\/aem.hr\/\",\"name\":\"Agencija za elektroni\u010dke medije\",\"description\":\"\",\"potentialAction\":[{\"@type\":\"SearchAction\",\"target\":{\"@type\":\"EntryPoint\",\"urlTemplate\":\"https:\/\/aem.hr\/?s={search_term_string}\"},\"query-input\":{\"@type\":\"PropertyValueSpecification\",\"valueRequired\":true,\"valueName\":\"search_term_string\"}}],\"inLanguage\":\"en-US\"},{\"@type\":\"Person\",\"@id\":\"https:\/\/aem.hr\/#\/schema\/person\/c100d12574f2ef4fe03266d61bfc55e1\",\"name\":\"Matko Kirac\",\"url\":\"https:\/\/aem.hr\/en\/blog\/author\/mkirac\/\"}]}<\/script>\n<!-- \/ Yoast SEO plugin. -->","yoast_head_json":{"title":"Zapisnik s 20-25 sjednice Vije\u0107a za elektroni\u010dke medije, odr\u017eane dana 28. svibnja 2025. - Agencija za elektroni\u010dke medije","robots":{"index":"index","follow":"follow","max-snippet":"max-snippet:-1","max-image-preview":"max-image-preview:large","max-video-preview":"max-video-preview:-1"},"canonical":"https:\/\/aem.hr\/blog\/2025\/06\/06\/zapisnik-s-20-25-sjednice-vijeca-za-elektronicke-medije-odrzane-dana-28-svibnja-2025\/","og_locale":"en_US","og_type":"article","og_title":"Zapisnik s 20-25 sjednice Vije\u0107a za elektroni\u010dke medije, odr\u017eane dana 28. svibnja 2025. - Agencija za elektroni\u010dke medije","og_description":"Dnevni red:","og_url":"https:\/\/aem.hr\/blog\/2025\/06\/06\/zapisnik-s-20-25-sjednice-vijeca-za-elektronicke-medije-odrzane-dana-28-svibnja-2025\/","og_site_name":"Agencija za elektroni\u010dke medije","article_published_time":"2025-06-06T08:13:21+00:00","article_modified_time":"2025-06-06T08:14:14+00:00","author":"Matko Kirac","twitter_card":"summary_large_image","twitter_misc":{"Written by":"Matko Kirac","Est. reading time":"2 minutes"},"schema":{"@context":"https:\/\/schema.org","@graph":[{"@type":"WebPage","@id":"https:\/\/aem.hr\/blog\/2025\/06\/06\/zapisnik-s-20-25-sjednice-vijeca-za-elektronicke-medije-odrzane-dana-28-svibnja-2025\/","url":"https:\/\/aem.hr\/blog\/2025\/06\/06\/zapisnik-s-20-25-sjednice-vijeca-za-elektronicke-medije-odrzane-dana-28-svibnja-2025\/","name":"Zapisnik s 20-25 sjednice Vije\u0107a za elektroni\u010dke medije, odr\u017eane dana 28. svibnja 2025. - Agencija za elektroni\u010dke medije","isPartOf":{"@id":"https:\/\/aem.hr\/#website"},"datePublished":"2025-06-06T08:13:21+00:00","dateModified":"2025-06-06T08:14:14+00:00","author":{"@id":"https:\/\/aem.hr\/#\/schema\/person\/c100d12574f2ef4fe03266d61bfc55e1"},"breadcrumb":{"@id":"https:\/\/aem.hr\/blog\/2025\/06\/06\/zapisnik-s-20-25-sjednice-vijeca-za-elektronicke-medije-odrzane-dana-28-svibnja-2025\/#breadcrumb"},"inLanguage":"en-US","potentialAction":[{"@type":"ReadAction","target":["https:\/\/aem.hr\/blog\/2025\/06\/06\/zapisnik-s-20-25-sjednice-vijeca-za-elektronicke-medije-odrzane-dana-28-svibnja-2025\/"]}]},{"@type":"BreadcrumbList","@id":"https:\/\/aem.hr\/blog\/2025\/06\/06\/zapisnik-s-20-25-sjednice-vijeca-za-elektronicke-medije-odrzane-dana-28-svibnja-2025\/#breadcrumb","itemListElement":[{"@type":"ListItem","position":1,"name":"Po\u010detna stranica","item":"https:\/\/aem.hr\/"},{"@type":"ListItem","position":2,"name":"Zapisnik s 20-25 sjednice Vije\u0107a za elektroni\u010dke medije, odr\u017eane dana 28. svibnja 2025."}]},{"@type":"WebSite","@id":"https:\/\/aem.hr\/#website","url":"https:\/\/aem.hr\/","name":"Agencija za elektroni\u010dke medije","description":"","potentialAction":[{"@type":"SearchAction","target":{"@type":"EntryPoint","urlTemplate":"https:\/\/aem.hr\/?s={search_term_string}"},"query-input":{"@type":"PropertyValueSpecification","valueRequired":true,"valueName":"search_term_string"}}],"inLanguage":"en-US"},{"@type":"Person","@id":"https:\/\/aem.hr\/#\/schema\/person\/c100d12574f2ef4fe03266d61bfc55e1","name":"Matko Kirac","url":"https:\/\/aem.hr\/en\/blog\/author\/mkirac\/"}]}},"author_meta":{"display_name":"Matko Kirac","author_link":"https:\/\/aem.hr\/en\/blog\/author\/mkirac\/"},"featured_img":null,"coauthors":[],"tax_additional":{"categories":{"linked":["<a href=\"https:\/\/aem.hr\/en\/kategorija\/sjednice-vijeca\/\" class=\"advgb-post-tax-term\">Sjednice Vije\u0107a<\/a>"],"unlinked":["<span class=\"advgb-post-tax-term\">Sjednice Vije\u0107a<\/span>"]}},"comment_count":"0","relative_dates":{"created":"Posted 11 months ago","modified":"Updated 11 months ago"},"absolute_dates":{"created":"Posted on 6. June 2025.","modified":"Updated on 6. June 2025."},"absolute_dates_time":{"created":"Posted on 6. June 2025. 10:13","modified":"Updated on 6. June 2025. 10:14"},"featured_img_caption":"","series_order":"","_links":{"self":[{"href":"https:\/\/aem.hr\/en\/wp-json\/wp\/v2\/posts\/23033","targetHints":{"allow":["GET"]}}],"collection":[{"href":"https:\/\/aem.hr\/en\/wp-json\/wp\/v2\/posts"}],"about":[{"href":"https:\/\/aem.hr\/en\/wp-json\/wp\/v2\/types\/post"}],"author":[{"embeddable":true,"href":"https:\/\/aem.hr\/en\/wp-json\/wp\/v2\/users\/18"}],"replies":[{"embeddable":true,"href":"https:\/\/aem.hr\/en\/wp-json\/wp\/v2\/comments?post=23033"}],"version-history":[{"count":2,"href":"https:\/\/aem.hr\/en\/wp-json\/wp\/v2\/posts\/23033\/revisions"}],"predecessor-version":[{"id":23037,"href":"https:\/\/aem.hr\/en\/wp-json\/wp\/v2\/posts\/23033\/revisions\/23037"}],"wp:attachment":[{"href":"https:\/\/aem.hr\/en\/wp-json\/wp\/v2\/media?parent=23033"}],"wp:term":[{"taxonomy":"category","embeddable":true,"href":"https:\/\/aem.hr\/en\/wp-json\/wp\/v2\/categories?post=23033"},{"taxonomy":"post_tag","embeddable":true,"href":"https:\/\/aem.hr\/en\/wp-json\/wp\/v2\/tags?post=23033"}],"curies":[{"name":"wp","href":"https:\/\/api.w.org\/{rel}","templated":true}]}}