{"id":23054,"date":"2025-06-12T14:58:58","date_gmt":"2025-06-12T12:58:58","guid":{"rendered":"http:\/\/aem.hr\/?p=23054"},"modified":"2025-06-12T14:58:59","modified_gmt":"2025-06-12T12:58:59","slug":"odluke-o-pravdanju-fonda-1-24-2-24-3-24","status":"publish","type":"post","link":"https:\/\/aem.hr\/en\/blog\/2025\/06\/12\/odluke-o-pravdanju-fonda-1-24-2-24-3-24\/","title":{"rendered":"Odluke o pravdanju Fonda 1-24, 2-24, 3-24"},"content":{"rendered":"\n<div class=\"wp-block-file\"><a id=\"wp-block-file--media-195f5a46-78e8-4009-891d-d365ffc8e757\" href=\"https:\/\/aem.hr\/wp-content\/uploads\/2025\/06\/Odluka-o-pravdanju-Fond-1-24-16.-dio-Radio-Ludbreg-d.o.o.pdf\">Odluka o pravdanju Fond 1-24 &#8211; 16. dio &#8211; Radio Ludbreg d.o.o.<\/a><a href=\"https:\/\/aem.hr\/wp-content\/uploads\/2025\/06\/Odluka-o-pravdanju-Fond-1-24-16.-dio-Radio-Ludbreg-d.o.o.pdf\" class=\"wp-block-file__button wp-element-button\" download aria-describedby=\"wp-block-file--media-195f5a46-78e8-4009-891d-d365ffc8e757\">Preuzimanje<\/a><\/div>\n\n\n\n<div class=\"wp-block-file\"><a id=\"wp-block-file--media-c4b27fd9-f812-46f0-89c4-7ed912ba743f\" href=\"https:\/\/aem.hr\/wp-content\/uploads\/2025\/06\/Odluka-o-pravdanju-Fond-1-24-17.-dio.pdf\">Odluka o pravdanju Fond 1-24 &#8211; 17. dio<\/a><a href=\"https:\/\/aem.hr\/wp-content\/uploads\/2025\/06\/Odluka-o-pravdanju-Fond-1-24-17.-dio.pdf\" class=\"wp-block-file__button wp-element-button\" download aria-describedby=\"wp-block-file--media-c4b27fd9-f812-46f0-89c4-7ed912ba743f\">Preuzimanje<\/a><\/div>\n\n\n\n<div class=\"wp-block-file\"><a id=\"wp-block-file--media-65751c5a-559f-4ca9-8294-62a624e66045\" href=\"https:\/\/aem.hr\/wp-content\/uploads\/2025\/06\/Odluka-o-pravdanju-Fond-2-24-2.-dio-Obrigado-d.o.o.pdf\">Odluka o pravdanju Fond 2-24 &#8211; 2. dio &#8211; Obrigado d.o.o.<\/a><a href=\"https:\/\/aem.hr\/wp-content\/uploads\/2025\/06\/Odluka-o-pravdanju-Fond-2-24-2.-dio-Obrigado-d.o.o.pdf\" class=\"wp-block-file__button wp-element-button\" download aria-describedby=\"wp-block-file--media-65751c5a-559f-4ca9-8294-62a624e66045\">Preuzimanje<\/a><\/div>\n\n\n\n<div class=\"wp-block-file\"><a id=\"wp-block-file--media-0dde2442-a333-4354-93a4-ef2c1b6de248\" href=\"https:\/\/aem.hr\/wp-content\/uploads\/2025\/06\/Odluka-o-pravdanju-Fond-2-24-4.-dio-Info-print-vl.-Kristijan-Skocibusic.pdf\">Odluka o pravdanju Fond 2-24 &#8211; 4. dio &#8211; Info &#038; print, vl. Kristijan Sko\u010dibu\u0161i\u0107<\/a><a href=\"https:\/\/aem.hr\/wp-content\/uploads\/2025\/06\/Odluka-o-pravdanju-Fond-2-24-4.-dio-Info-print-vl.-Kristijan-Skocibusic.pdf\" class=\"wp-block-file__button wp-element-button\" download aria-describedby=\"wp-block-file--media-0dde2442-a333-4354-93a4-ef2c1b6de248\">Preuzimanje<\/a><\/div>\n\n\n\n<div class=\"wp-block-file\"><a id=\"wp-block-file--media-44eb010f-feaf-496f-a974-a5e0271d64e7\" href=\"https:\/\/aem.hr\/wp-content\/uploads\/2025\/06\/Odluka-o-pravdanju-Fond-2-24-5.-dio-Citadela-Invicta-d.o.o.pdf\">Odluka o pravdanju Fond 2-24 &#8211; 5. dio &#8211; Citadela Invicta d.o.o.<\/a><a href=\"https:\/\/aem.hr\/wp-content\/uploads\/2025\/06\/Odluka-o-pravdanju-Fond-2-24-5.-dio-Citadela-Invicta-d.o.o.pdf\" class=\"wp-block-file__button wp-element-button\" download aria-describedby=\"wp-block-file--media-44eb010f-feaf-496f-a974-a5e0271d64e7\">Preuzimanje<\/a><\/div>\n\n\n\n<div class=\"wp-block-file\"><a id=\"wp-block-file--media-1da48530-3e2b-403a-a75d-3e967cd1ff26\" href=\"https:\/\/aem.hr\/wp-content\/uploads\/2025\/06\/Odluka-o-pravdanju-Fond-2-24-6.-dio-VOX-GRUPA-d.o.o.pdf\">Odluka o pravdanju Fond 2-24 &#8211; 6. dio &#8211; VOX GRUPA d.o.o.<\/a><a href=\"https:\/\/aem.hr\/wp-content\/uploads\/2025\/06\/Odluka-o-pravdanju-Fond-2-24-6.-dio-VOX-GRUPA-d.o.o.pdf\" class=\"wp-block-file__button wp-element-button\" download aria-describedby=\"wp-block-file--media-1da48530-3e2b-403a-a75d-3e967cd1ff26\">Preuzimanje<\/a><\/div>\n\n\n\n<div class=\"wp-block-file\"><a id=\"wp-block-file--media-4ee59173-7962-4764-8eae-9779fe698c7f\" href=\"https:\/\/aem.hr\/wp-content\/uploads\/2025\/06\/Odluka-o-pravdanju-Fond-2-24-7.-dio.pdf\">Odluka o pravdanju Fond 2-24 &#8211; 7. dio<\/a><a href=\"https:\/\/aem.hr\/wp-content\/uploads\/2025\/06\/Odluka-o-pravdanju-Fond-2-24-7.-dio.pdf\" class=\"wp-block-file__button wp-element-button\" download aria-describedby=\"wp-block-file--media-4ee59173-7962-4764-8eae-9779fe698c7f\">Preuzimanje<\/a><\/div>\n\n\n\n<div class=\"wp-block-file\"><a id=\"wp-block-file--media-bf61fad2-e4c6-4a9d-87a0-8358dd433ba1\" href=\"https:\/\/aem.hr\/wp-content\/uploads\/2025\/06\/Odluka-o-pravdanju-Fond-2-24-8.-dio-Alter-Media-d.o.o.pdf\">Odluka o pravdanju Fond 2-24 &#8211; 8. dio &#8211; Alter Media d.o.o.<\/a><a href=\"https:\/\/aem.hr\/wp-content\/uploads\/2025\/06\/Odluka-o-pravdanju-Fond-2-24-8.-dio-Alter-Media-d.o.o.pdf\" class=\"wp-block-file__button wp-element-button\" download aria-describedby=\"wp-block-file--media-bf61fad2-e4c6-4a9d-87a0-8358dd433ba1\">Preuzimanje<\/a><\/div>\n\n\n\n<div class=\"wp-block-file\"><a id=\"wp-block-file--media-90933141-4608-4006-b31b-91a1a191669c\" href=\"https:\/\/aem.hr\/wp-content\/uploads\/2025\/06\/Odluka-o-pravdanju-Fond-3-24-11.-dio.pdf\">Odluka o pravdanju Fond 3-24 &#8211; 11. dio<\/a><a href=\"https:\/\/aem.hr\/wp-content\/uploads\/2025\/06\/Odluka-o-pravdanju-Fond-3-24-11.-dio.pdf\" class=\"wp-block-file__button wp-element-button\" download aria-describedby=\"wp-block-file--media-90933141-4608-4006-b31b-91a1a191669c\">Preuzimanje<\/a><\/div>\n","protected":false},"excerpt":{"rendered":"","protected":false},"author":18,"featured_media":0,"comment_status":"closed","ping_status":"closed","sticky":false,"template":"","format":"standard","meta":{"_acf_changed":false,"inline_featured_image":false,"advgb_blocks_editor_width":"","advgb_blocks_columns_visual_guide":"","_links_to":"","_links_to_type":0,"footnotes":""},"categories":[89],"tags":[],"class_list":["post-23054","post","type-post","status-publish","format-standard","hentry","category-fond-za-pluralizam"],"acf":[],"yoast_head":"<!-- This site is optimized with the Yoast SEO plugin v25.7 - https:\/\/yoast.com\/wordpress\/plugins\/seo\/ -->\n<title>Odluke o pravdanju Fonda 1-24, 2-24, 3-24 - Agencija za elektroni\u010dke medije<\/title>\n<meta name=\"robots\" content=\"index, follow, max-snippet:-1, max-image-preview:large, max-video-preview:-1\" \/>\n<link rel=\"canonical\" href=\"https:\/\/aem.hr\/blog\/2025\/06\/12\/odluke-o-pravdanju-fonda-1-24-2-24-3-24\/\" \/>\n<meta property=\"og:locale\" content=\"en_US\" \/>\n<meta property=\"og:type\" content=\"article\" \/>\n<meta property=\"og:title\" content=\"Odluke o pravdanju Fonda 1-24, 2-24, 3-24 - Agencija za elektroni\u010dke medije\" \/>\n<meta property=\"og:url\" content=\"https:\/\/aem.hr\/blog\/2025\/06\/12\/odluke-o-pravdanju-fonda-1-24-2-24-3-24\/\" \/>\n<meta property=\"og:site_name\" content=\"Agencija za elektroni\u010dke medije\" \/>\n<meta property=\"article:published_time\" content=\"2025-06-12T12:58:58+00:00\" \/>\n<meta property=\"article:modified_time\" content=\"2025-06-12T12:58:59+00:00\" \/>\n<meta name=\"author\" content=\"Matko Kirac\" \/>\n<meta name=\"twitter:card\" content=\"summary_large_image\" \/>\n<meta name=\"twitter:label1\" content=\"Written by\" \/>\n\t<meta name=\"twitter:data1\" content=\"Matko Kirac\" \/>\n\t<meta name=\"twitter:label2\" content=\"Est. reading time\" \/>\n\t<meta name=\"twitter:data2\" content=\"1 minute\" \/>\n<script type=\"application\/ld+json\" class=\"yoast-schema-graph\">{\"@context\":\"https:\/\/schema.org\",\"@graph\":[{\"@type\":\"WebPage\",\"@id\":\"https:\/\/aem.hr\/blog\/2025\/06\/12\/odluke-o-pravdanju-fonda-1-24-2-24-3-24\/\",\"url\":\"https:\/\/aem.hr\/blog\/2025\/06\/12\/odluke-o-pravdanju-fonda-1-24-2-24-3-24\/\",\"name\":\"Odluke o pravdanju Fonda 1-24, 2-24, 3-24 - Agencija za elektroni\u010dke medije\",\"isPartOf\":{\"@id\":\"https:\/\/aem.hr\/#website\"},\"datePublished\":\"2025-06-12T12:58:58+00:00\",\"dateModified\":\"2025-06-12T12:58:59+00:00\",\"author\":{\"@id\":\"https:\/\/aem.hr\/#\/schema\/person\/c100d12574f2ef4fe03266d61bfc55e1\"},\"breadcrumb\":{\"@id\":\"https:\/\/aem.hr\/blog\/2025\/06\/12\/odluke-o-pravdanju-fonda-1-24-2-24-3-24\/#breadcrumb\"},\"inLanguage\":\"en-US\",\"potentialAction\":[{\"@type\":\"ReadAction\",\"target\":[\"https:\/\/aem.hr\/blog\/2025\/06\/12\/odluke-o-pravdanju-fonda-1-24-2-24-3-24\/\"]}]},{\"@type\":\"BreadcrumbList\",\"@id\":\"https:\/\/aem.hr\/blog\/2025\/06\/12\/odluke-o-pravdanju-fonda-1-24-2-24-3-24\/#breadcrumb\",\"itemListElement\":[{\"@type\":\"ListItem\",\"position\":1,\"name\":\"Po\u010detna stranica\",\"item\":\"https:\/\/aem.hr\/\"},{\"@type\":\"ListItem\",\"position\":2,\"name\":\"Odluke o pravdanju Fonda 1-24, 2-24, 3-24\"}]},{\"@type\":\"WebSite\",\"@id\":\"https:\/\/aem.hr\/#website\",\"url\":\"https:\/\/aem.hr\/\",\"name\":\"Agencija za elektroni\u010dke medije\",\"description\":\"\",\"potentialAction\":[{\"@type\":\"SearchAction\",\"target\":{\"@type\":\"EntryPoint\",\"urlTemplate\":\"https:\/\/aem.hr\/?s={search_term_string}\"},\"query-input\":{\"@type\":\"PropertyValueSpecification\",\"valueRequired\":true,\"valueName\":\"search_term_string\"}}],\"inLanguage\":\"en-US\"},{\"@type\":\"Person\",\"@id\":\"https:\/\/aem.hr\/#\/schema\/person\/c100d12574f2ef4fe03266d61bfc55e1\",\"name\":\"Matko Kirac\",\"url\":\"https:\/\/aem.hr\/en\/blog\/author\/mkirac\/\"}]}<\/script>\n<!-- \/ Yoast SEO plugin. -->","yoast_head_json":{"title":"Odluke o pravdanju Fonda 1-24, 2-24, 3-24 - Agencija za elektroni\u010dke medije","robots":{"index":"index","follow":"follow","max-snippet":"max-snippet:-1","max-image-preview":"max-image-preview:large","max-video-preview":"max-video-preview:-1"},"canonical":"https:\/\/aem.hr\/blog\/2025\/06\/12\/odluke-o-pravdanju-fonda-1-24-2-24-3-24\/","og_locale":"en_US","og_type":"article","og_title":"Odluke o pravdanju Fonda 1-24, 2-24, 3-24 - Agencija za elektroni\u010dke medije","og_url":"https:\/\/aem.hr\/blog\/2025\/06\/12\/odluke-o-pravdanju-fonda-1-24-2-24-3-24\/","og_site_name":"Agencija za elektroni\u010dke medije","article_published_time":"2025-06-12T12:58:58+00:00","article_modified_time":"2025-06-12T12:58:59+00:00","author":"Matko Kirac","twitter_card":"summary_large_image","twitter_misc":{"Written by":"Matko Kirac","Est. reading time":"1 minute"},"schema":{"@context":"https:\/\/schema.org","@graph":[{"@type":"WebPage","@id":"https:\/\/aem.hr\/blog\/2025\/06\/12\/odluke-o-pravdanju-fonda-1-24-2-24-3-24\/","url":"https:\/\/aem.hr\/blog\/2025\/06\/12\/odluke-o-pravdanju-fonda-1-24-2-24-3-24\/","name":"Odluke o pravdanju Fonda 1-24, 2-24, 3-24 - Agencija za elektroni\u010dke medije","isPartOf":{"@id":"https:\/\/aem.hr\/#website"},"datePublished":"2025-06-12T12:58:58+00:00","dateModified":"2025-06-12T12:58:59+00:00","author":{"@id":"https:\/\/aem.hr\/#\/schema\/person\/c100d12574f2ef4fe03266d61bfc55e1"},"breadcrumb":{"@id":"https:\/\/aem.hr\/blog\/2025\/06\/12\/odluke-o-pravdanju-fonda-1-24-2-24-3-24\/#breadcrumb"},"inLanguage":"en-US","potentialAction":[{"@type":"ReadAction","target":["https:\/\/aem.hr\/blog\/2025\/06\/12\/odluke-o-pravdanju-fonda-1-24-2-24-3-24\/"]}]},{"@type":"BreadcrumbList","@id":"https:\/\/aem.hr\/blog\/2025\/06\/12\/odluke-o-pravdanju-fonda-1-24-2-24-3-24\/#breadcrumb","itemListElement":[{"@type":"ListItem","position":1,"name":"Po\u010detna stranica","item":"https:\/\/aem.hr\/"},{"@type":"ListItem","position":2,"name":"Odluke o pravdanju Fonda 1-24, 2-24, 3-24"}]},{"@type":"WebSite","@id":"https:\/\/aem.hr\/#website","url":"https:\/\/aem.hr\/","name":"Agencija za elektroni\u010dke medije","description":"","potentialAction":[{"@type":"SearchAction","target":{"@type":"EntryPoint","urlTemplate":"https:\/\/aem.hr\/?s={search_term_string}"},"query-input":{"@type":"PropertyValueSpecification","valueRequired":true,"valueName":"search_term_string"}}],"inLanguage":"en-US"},{"@type":"Person","@id":"https:\/\/aem.hr\/#\/schema\/person\/c100d12574f2ef4fe03266d61bfc55e1","name":"Matko Kirac","url":"https:\/\/aem.hr\/en\/blog\/author\/mkirac\/"}]}},"author_meta":{"display_name":"Matko Kirac","author_link":"https:\/\/aem.hr\/en\/blog\/author\/mkirac\/"},"featured_img":null,"coauthors":[],"tax_additional":{"categories":{"linked":["<a href=\"https:\/\/aem.hr\/en\/kategorija\/fond-za-pluralizam\/\" class=\"advgb-post-tax-term\">Fond za pluralizam<\/a>"],"unlinked":["<span class=\"advgb-post-tax-term\">Fond za pluralizam<\/span>"]}},"comment_count":"0","relative_dates":{"created":"Posted 11 months ago","modified":"Updated 11 months ago"},"absolute_dates":{"created":"Posted on 12. June 2025.","modified":"Updated on 12. June 2025."},"absolute_dates_time":{"created":"Posted on 12. June 2025. 14:58","modified":"Updated on 12. June 2025. 14:58"},"featured_img_caption":"","series_order":"","_links":{"self":[{"href":"https:\/\/aem.hr\/en\/wp-json\/wp\/v2\/posts\/23054","targetHints":{"allow":["GET"]}}],"collection":[{"href":"https:\/\/aem.hr\/en\/wp-json\/wp\/v2\/posts"}],"about":[{"href":"https:\/\/aem.hr\/en\/wp-json\/wp\/v2\/types\/post"}],"author":[{"embeddable":true,"href":"https:\/\/aem.hr\/en\/wp-json\/wp\/v2\/users\/18"}],"replies":[{"embeddable":true,"href":"https:\/\/aem.hr\/en\/wp-json\/wp\/v2\/comments?post=23054"}],"version-history":[{"count":1,"href":"https:\/\/aem.hr\/en\/wp-json\/wp\/v2\/posts\/23054\/revisions"}],"predecessor-version":[{"id":23068,"href":"https:\/\/aem.hr\/en\/wp-json\/wp\/v2\/posts\/23054\/revisions\/23068"}],"wp:attachment":[{"href":"https:\/\/aem.hr\/en\/wp-json\/wp\/v2\/media?parent=23054"}],"wp:term":[{"taxonomy":"category","embeddable":true,"href":"https:\/\/aem.hr\/en\/wp-json\/wp\/v2\/categories?post=23054"},{"taxonomy":"post_tag","embeddable":true,"href":"https:\/\/aem.hr\/en\/wp-json\/wp\/v2\/tags?post=23054"}],"curies":[{"name":"wp","href":"https:\/\/api.w.org\/{rel}","templated":true}]}}