{"id":23144,"date":"2025-07-10T10:22:05","date_gmt":"2025-07-10T08:22:05","guid":{"rendered":"https:\/\/aem.hr\/?p=23144"},"modified":"2025-07-10T10:22:07","modified_gmt":"2025-07-10T08:22:07","slug":"odluke-o-pravdanju-fonda-2-24-10-15-dio","status":"publish","type":"post","link":"https:\/\/aem.hr\/en\/blog\/2025\/07\/10\/odluke-o-pravdanju-fonda-2-24-10-15-dio\/","title":{"rendered":"Odluke o pravdanju Fonda  2-24 10.- 15. dio"},"content":{"rendered":"\n<div class=\"wp-block-file\"><a id=\"wp-block-file--media-051c6773-8248-4268-bad8-11ca1e83aede\" href=\"https:\/\/aem.hr\/wp-content\/uploads\/2025\/07\/Odluka-o-pravdanju-Fond-2-24-10.-dio.pdf\">Odluka o pravdanju Fond 2-24 &#8211; 10. dio<\/a><a href=\"https:\/\/aem.hr\/wp-content\/uploads\/2025\/07\/Odluka-o-pravdanju-Fond-2-24-10.-dio.pdf\" class=\"wp-block-file__button wp-element-button\" download aria-describedby=\"wp-block-file--media-051c6773-8248-4268-bad8-11ca1e83aede\">Preuzimanje<\/a><\/div>\n\n\n\n<div class=\"wp-block-file\"><a id=\"wp-block-file--media-d4579bf0-16b7-4c2d-8707-c6c1e6d56ab0\" href=\"https:\/\/aem.hr\/wp-content\/uploads\/2025\/07\/Odluka-o-pravdanju-Fond-2-24-11.-dio-Crol-Udruga-za-medijski-aktivizam-CroL-LGBT-News-portal.pdf\">Odluka o pravdanju Fond 2-24 &#8211; 11. dio &#8211; Crol Udruga za medijski aktivizam &#8211; CroL-LGBT News portal<\/a><a href=\"https:\/\/aem.hr\/wp-content\/uploads\/2025\/07\/Odluka-o-pravdanju-Fond-2-24-11.-dio-Crol-Udruga-za-medijski-aktivizam-CroL-LGBT-News-portal.pdf\" class=\"wp-block-file__button wp-element-button\" download aria-describedby=\"wp-block-file--media-d4579bf0-16b7-4c2d-8707-c6c1e6d56ab0\">Preuzimanje<\/a><\/div>\n\n\n\n<div class=\"wp-block-file\"><a id=\"wp-block-file--media-65a7cd00-6a13-456e-8a4b-a19b92c5b22d\" href=\"https:\/\/aem.hr\/wp-content\/uploads\/2025\/07\/Odluka-o-pravdanju-Fond-2-24-12.-dio-Crol-Udruga-za-medijski-aktivizam.pdf\">Odluka o pravdanju Fond 2-24 &#8211; 12. dio &#8211; Crol &#8211; Udruga za medijski aktivizam<\/a><a href=\"https:\/\/aem.hr\/wp-content\/uploads\/2025\/07\/Odluka-o-pravdanju-Fond-2-24-12.-dio-Crol-Udruga-za-medijski-aktivizam.pdf\" class=\"wp-block-file__button wp-element-button\" download aria-describedby=\"wp-block-file--media-65a7cd00-6a13-456e-8a4b-a19b92c5b22d\">Preuzimanje<\/a><\/div>\n\n\n\n<div class=\"wp-block-file\"><a id=\"wp-block-file--media-30949baa-74e3-4a91-b277-f121bac323e6\" href=\"https:\/\/aem.hr\/wp-content\/uploads\/2025\/07\/Odluka-o-pravdanju-Fond-2-24-13.-dio-Geromar-d.o.o.pdf\">Odluka o pravdanju Fond 2-24 &#8211; 13. dio &#8211; Geromar d.o.o.<\/a><a href=\"https:\/\/aem.hr\/wp-content\/uploads\/2025\/07\/Odluka-o-pravdanju-Fond-2-24-13.-dio-Geromar-d.o.o.pdf\" class=\"wp-block-file__button wp-element-button\" download aria-describedby=\"wp-block-file--media-30949baa-74e3-4a91-b277-f121bac323e6\">Preuzimanje<\/a><\/div>\n\n\n\n<div class=\"wp-block-file\"><a id=\"wp-block-file--media-d3a0d556-1504-4d7c-a96f-2da1c7c5a35f\" href=\"https:\/\/aem.hr\/wp-content\/uploads\/2025\/07\/Odluka-o-pravdanju-Fond-2-24-14.-dio-Udruga-za-promicanje-pozitivnih-vrijednosti-u-drustvu-DOBRE-PRICE.pdf\">Odluka o pravdanju Fond 2-24 &#8211; 14. dio &#8211; Udruga za promicanje pozitivnih vrijednosti u dru\u0161tvu &#8211; DOBRE PRI\u010cE<\/a><a href=\"https:\/\/aem.hr\/wp-content\/uploads\/2025\/07\/Odluka-o-pravdanju-Fond-2-24-14.-dio-Udruga-za-promicanje-pozitivnih-vrijednosti-u-drustvu-DOBRE-PRICE.pdf\" class=\"wp-block-file__button wp-element-button\" download aria-describedby=\"wp-block-file--media-d3a0d556-1504-4d7c-a96f-2da1c7c5a35f\">Preuzimanje<\/a><\/div>\n\n\n\n<div class=\"wp-block-file\"><a id=\"wp-block-file--media-10bab762-47f9-43d8-9cdc-894318e0e321\" href=\"https:\/\/aem.hr\/wp-content\/uploads\/2025\/07\/Odluka-o-povratu-sredstava-Fonda-2-24-\u2013-15.-dio-\u2013-MACONDO-MEDIA-obrt-za-medijske-usluge-vl.-Nikolina-Martinovic.pdf\">Odluka o povratu sredstava Fonda 2-24 \u2013 15. dio \u2013 MACONDO MEDIA, obrt za medijske usluge, vl. Nikolina Martinovi\u0107<\/a><a href=\"https:\/\/aem.hr\/wp-content\/uploads\/2025\/07\/Odluka-o-povratu-sredstava-Fonda-2-24-\u2013-15.-dio-\u2013-MACONDO-MEDIA-obrt-za-medijske-usluge-vl.-Nikolina-Martinovic.pdf\" class=\"wp-block-file__button wp-element-button\" download aria-describedby=\"wp-block-file--media-10bab762-47f9-43d8-9cdc-894318e0e321\">Preuzimanje<\/a><\/div>\n","protected":false},"excerpt":{"rendered":"","protected":false},"author":24,"featured_media":0,"comment_status":"closed","ping_status":"closed","sticky":false,"template":"","format":"standard","meta":{"_acf_changed":false,"inline_featured_image":false,"advgb_blocks_editor_width":"","advgb_blocks_columns_visual_guide":"","_links_to":"","_links_to_type":0,"footnotes":""},"categories":[89],"tags":[],"class_list":["post-23144","post","type-post","status-publish","format-standard","hentry","category-fond-za-pluralizam"],"acf":[],"yoast_head":"<!-- This site is optimized with the Yoast SEO plugin v25.7 - https:\/\/yoast.com\/wordpress\/plugins\/seo\/ -->\n<title>Odluke o pravdanju Fonda 2-24 10.- 15. dio - Agencija za elektroni\u010dke medije<\/title>\n<meta name=\"robots\" content=\"index, follow, max-snippet:-1, max-image-preview:large, max-video-preview:-1\" \/>\n<link rel=\"canonical\" href=\"https:\/\/aem.hr\/blog\/2025\/07\/10\/odluke-o-pravdanju-fonda-2-24-10-15-dio\/\" \/>\n<meta property=\"og:locale\" content=\"en_US\" \/>\n<meta property=\"og:type\" content=\"article\" \/>\n<meta property=\"og:title\" content=\"Odluke o pravdanju Fonda 2-24 10.- 15. dio - Agencija za elektroni\u010dke medije\" \/>\n<meta property=\"og:url\" content=\"https:\/\/aem.hr\/blog\/2025\/07\/10\/odluke-o-pravdanju-fonda-2-24-10-15-dio\/\" \/>\n<meta property=\"og:site_name\" content=\"Agencija za elektroni\u010dke medije\" \/>\n<meta property=\"article:published_time\" content=\"2025-07-10T08:22:05+00:00\" \/>\n<meta property=\"article:modified_time\" content=\"2025-07-10T08:22:07+00:00\" \/>\n<meta name=\"author\" content=\"Josip Maru\u0161i\u0107\" \/>\n<meta name=\"twitter:card\" content=\"summary_large_image\" \/>\n<meta name=\"twitter:label1\" content=\"Written by\" \/>\n\t<meta name=\"twitter:data1\" content=\"Josip Maru\u0161i\u0107\" \/>\n\t<meta name=\"twitter:label2\" content=\"Est. reading time\" \/>\n\t<meta name=\"twitter:data2\" content=\"1 minute\" \/>\n<script type=\"application\/ld+json\" class=\"yoast-schema-graph\">{\"@context\":\"https:\/\/schema.org\",\"@graph\":[{\"@type\":\"WebPage\",\"@id\":\"https:\/\/aem.hr\/blog\/2025\/07\/10\/odluke-o-pravdanju-fonda-2-24-10-15-dio\/\",\"url\":\"https:\/\/aem.hr\/blog\/2025\/07\/10\/odluke-o-pravdanju-fonda-2-24-10-15-dio\/\",\"name\":\"Odluke o pravdanju Fonda 2-24 10.- 15. dio - Agencija za elektroni\u010dke medije\",\"isPartOf\":{\"@id\":\"https:\/\/aem.hr\/#website\"},\"datePublished\":\"2025-07-10T08:22:05+00:00\",\"dateModified\":\"2025-07-10T08:22:07+00:00\",\"author\":{\"@id\":\"https:\/\/aem.hr\/#\/schema\/person\/b40aac838672825e3cf7225056262421\"},\"breadcrumb\":{\"@id\":\"https:\/\/aem.hr\/blog\/2025\/07\/10\/odluke-o-pravdanju-fonda-2-24-10-15-dio\/#breadcrumb\"},\"inLanguage\":\"en-US\",\"potentialAction\":[{\"@type\":\"ReadAction\",\"target\":[\"https:\/\/aem.hr\/blog\/2025\/07\/10\/odluke-o-pravdanju-fonda-2-24-10-15-dio\/\"]}]},{\"@type\":\"BreadcrumbList\",\"@id\":\"https:\/\/aem.hr\/blog\/2025\/07\/10\/odluke-o-pravdanju-fonda-2-24-10-15-dio\/#breadcrumb\",\"itemListElement\":[{\"@type\":\"ListItem\",\"position\":1,\"name\":\"Po\u010detna stranica\",\"item\":\"https:\/\/aem.hr\/\"},{\"@type\":\"ListItem\",\"position\":2,\"name\":\"Odluke o pravdanju Fonda 2-24 10.- 15. dio\"}]},{\"@type\":\"WebSite\",\"@id\":\"https:\/\/aem.hr\/#website\",\"url\":\"https:\/\/aem.hr\/\",\"name\":\"Agencija za elektroni\u010dke medije\",\"description\":\"\",\"potentialAction\":[{\"@type\":\"SearchAction\",\"target\":{\"@type\":\"EntryPoint\",\"urlTemplate\":\"https:\/\/aem.hr\/?s={search_term_string}\"},\"query-input\":{\"@type\":\"PropertyValueSpecification\",\"valueRequired\":true,\"valueName\":\"search_term_string\"}}],\"inLanguage\":\"en-US\"},{\"@type\":\"Person\",\"@id\":\"https:\/\/aem.hr\/#\/schema\/person\/b40aac838672825e3cf7225056262421\",\"name\":\"Josip Maru\u0161i\u0107\",\"url\":\"https:\/\/aem.hr\/en\/blog\/author\/jmarusic\/\"}]}<\/script>\n<!-- \/ Yoast SEO plugin. -->","yoast_head_json":{"title":"Odluke o pravdanju Fonda 2-24 10.- 15. dio - Agencija za elektroni\u010dke medije","robots":{"index":"index","follow":"follow","max-snippet":"max-snippet:-1","max-image-preview":"max-image-preview:large","max-video-preview":"max-video-preview:-1"},"canonical":"https:\/\/aem.hr\/blog\/2025\/07\/10\/odluke-o-pravdanju-fonda-2-24-10-15-dio\/","og_locale":"en_US","og_type":"article","og_title":"Odluke o pravdanju Fonda 2-24 10.- 15. dio - Agencija za elektroni\u010dke medije","og_url":"https:\/\/aem.hr\/blog\/2025\/07\/10\/odluke-o-pravdanju-fonda-2-24-10-15-dio\/","og_site_name":"Agencija za elektroni\u010dke medije","article_published_time":"2025-07-10T08:22:05+00:00","article_modified_time":"2025-07-10T08:22:07+00:00","author":"Josip Maru\u0161i\u0107","twitter_card":"summary_large_image","twitter_misc":{"Written by":"Josip Maru\u0161i\u0107","Est. reading time":"1 minute"},"schema":{"@context":"https:\/\/schema.org","@graph":[{"@type":"WebPage","@id":"https:\/\/aem.hr\/blog\/2025\/07\/10\/odluke-o-pravdanju-fonda-2-24-10-15-dio\/","url":"https:\/\/aem.hr\/blog\/2025\/07\/10\/odluke-o-pravdanju-fonda-2-24-10-15-dio\/","name":"Odluke o pravdanju Fonda 2-24 10.- 15. dio - Agencija za elektroni\u010dke medije","isPartOf":{"@id":"https:\/\/aem.hr\/#website"},"datePublished":"2025-07-10T08:22:05+00:00","dateModified":"2025-07-10T08:22:07+00:00","author":{"@id":"https:\/\/aem.hr\/#\/schema\/person\/b40aac838672825e3cf7225056262421"},"breadcrumb":{"@id":"https:\/\/aem.hr\/blog\/2025\/07\/10\/odluke-o-pravdanju-fonda-2-24-10-15-dio\/#breadcrumb"},"inLanguage":"en-US","potentialAction":[{"@type":"ReadAction","target":["https:\/\/aem.hr\/blog\/2025\/07\/10\/odluke-o-pravdanju-fonda-2-24-10-15-dio\/"]}]},{"@type":"BreadcrumbList","@id":"https:\/\/aem.hr\/blog\/2025\/07\/10\/odluke-o-pravdanju-fonda-2-24-10-15-dio\/#breadcrumb","itemListElement":[{"@type":"ListItem","position":1,"name":"Po\u010detna stranica","item":"https:\/\/aem.hr\/"},{"@type":"ListItem","position":2,"name":"Odluke o pravdanju Fonda 2-24 10.- 15. dio"}]},{"@type":"WebSite","@id":"https:\/\/aem.hr\/#website","url":"https:\/\/aem.hr\/","name":"Agencija za elektroni\u010dke medije","description":"","potentialAction":[{"@type":"SearchAction","target":{"@type":"EntryPoint","urlTemplate":"https:\/\/aem.hr\/?s={search_term_string}"},"query-input":{"@type":"PropertyValueSpecification","valueRequired":true,"valueName":"search_term_string"}}],"inLanguage":"en-US"},{"@type":"Person","@id":"https:\/\/aem.hr\/#\/schema\/person\/b40aac838672825e3cf7225056262421","name":"Josip Maru\u0161i\u0107","url":"https:\/\/aem.hr\/en\/blog\/author\/jmarusic\/"}]}},"author_meta":{"display_name":"Josip Maru\u0161i\u0107","author_link":"https:\/\/aem.hr\/en\/blog\/author\/jmarusic\/"},"featured_img":null,"coauthors":[],"tax_additional":{"categories":{"linked":["<a href=\"https:\/\/aem.hr\/en\/kategorija\/fond-za-pluralizam\/\" class=\"advgb-post-tax-term\">Fond za pluralizam<\/a>"],"unlinked":["<span class=\"advgb-post-tax-term\">Fond za pluralizam<\/span>"]}},"comment_count":"0","relative_dates":{"created":"Posted 10 months ago","modified":"Updated 10 months ago"},"absolute_dates":{"created":"Posted on 10. July 2025.","modified":"Updated on 10. July 2025."},"absolute_dates_time":{"created":"Posted on 10. July 2025. 10:22","modified":"Updated on 10. July 2025. 10:22"},"featured_img_caption":"","series_order":"","_links":{"self":[{"href":"https:\/\/aem.hr\/en\/wp-json\/wp\/v2\/posts\/23144","targetHints":{"allow":["GET"]}}],"collection":[{"href":"https:\/\/aem.hr\/en\/wp-json\/wp\/v2\/posts"}],"about":[{"href":"https:\/\/aem.hr\/en\/wp-json\/wp\/v2\/types\/post"}],"author":[{"embeddable":true,"href":"https:\/\/aem.hr\/en\/wp-json\/wp\/v2\/users\/24"}],"replies":[{"embeddable":true,"href":"https:\/\/aem.hr\/en\/wp-json\/wp\/v2\/comments?post=23144"}],"version-history":[{"count":1,"href":"https:\/\/aem.hr\/en\/wp-json\/wp\/v2\/posts\/23144\/revisions"}],"predecessor-version":[{"id":23157,"href":"https:\/\/aem.hr\/en\/wp-json\/wp\/v2\/posts\/23144\/revisions\/23157"}],"wp:attachment":[{"href":"https:\/\/aem.hr\/en\/wp-json\/wp\/v2\/media?parent=23144"}],"wp:term":[{"taxonomy":"category","embeddable":true,"href":"https:\/\/aem.hr\/en\/wp-json\/wp\/v2\/categories?post=23144"},{"taxonomy":"post_tag","embeddable":true,"href":"https:\/\/aem.hr\/en\/wp-json\/wp\/v2\/tags?post=23144"}],"curies":[{"name":"wp","href":"https:\/\/api.w.org\/{rel}","templated":true}]}}