{"id":24072,"date":"2026-01-20T11:15:05","date_gmt":"2026-01-20T10:15:05","guid":{"rendered":"https:\/\/aem.hr\/?p=24072"},"modified":"2026-01-21T14:31:44","modified_gmt":"2026-01-21T13:31:44","slug":"pravdanje-sredstava-fonda-za-poticanje-pluralizma-i-raznovrsnosti-elektronickih-medija-natjecaji-4-2024-5-2024-i-6-2024-za-2025-godinu-datumi-snimki","status":"publish","type":"post","link":"https:\/\/aem.hr\/en\/blog\/2026\/01\/20\/pravdanje-sredstava-fonda-za-poticanje-pluralizma-i-raznovrsnosti-elektronickih-medija-natjecaji-4-2024-5-2024-i-6-2024-za-2025-godinu-datumi-snimki\/","title":{"rendered":"Pravdanje sredstava Fonda za poticanje pluralizma i raznovrsnosti elektroni\u010dkih medija \u2013 natje\u010daji 4\/2024, 5\/2024 i 6\/2024 za 2025. godinu \u2013 DATUMI SNIMKI"},"content":{"rendered":"\n<p>Objavljujemo datume snimki emisija koje u sklopu zavr\u0161nog pravdanja Fondova za 2025. trebaju dostaviti radijski i televizijski nakladnici, pru\u017eatelji audio i audiovizualnih programa iz \u010dl. 92. ZEM-a te neprofitni proizvo\u0111a\u010di radijskih i audiovizualnih programa. Ova obavijest&nbsp;<strong>ne odnosi se&nbsp;<\/strong>na pru\u017eatelje elektroni\u010dkih publikacija.&nbsp;<strong>Datumi snimki za sve obveznike pravdanja Fondova 4\/2024, 5\/2024 i 6\/2024 na koje se ova obavijest odnosi, nalaze se u tri prilo\u017eena&nbsp; dokumenta,&nbsp; zasebno za svaki Fond.<\/strong><\/p>\n\n\n\n<div class=\"wp-block-file\"><a id=\"wp-block-file--media-0dd6710f-d54d-421f-b99a-4ad3d4f5a5d6\" href=\"http:\/\/aem.hr\/wp-content\/uploads\/2026\/01\/Fond-4-24-web.pdf\">Fond 4\/2024<\/a><a href=\"http:\/\/aem.hr\/wp-content\/uploads\/2026\/01\/Fond-4-24-web.pdf\" class=\"wp-block-file__button wp-element-button\" download aria-describedby=\"wp-block-file--media-0dd6710f-d54d-421f-b99a-4ad3d4f5a5d6\">Preuzimanimanje<\/a><\/div>\n\n\n\n<div class=\"wp-block-file\"><a id=\"wp-block-file--media-7579907c-f0f1-4143-8e78-72ec3ad96b7e\" href=\"https:\/\/aem.hr\/wp-content\/uploads\/2026\/01\/Fond-5-24.pdf\">Fond 5\/2024<\/a><a href=\"https:\/\/aem.hr\/wp-content\/uploads\/2026\/01\/Fond-5-24.pdf\" class=\"wp-block-file__button wp-element-button\" download aria-describedby=\"wp-block-file--media-7579907c-f0f1-4143-8e78-72ec3ad96b7e\">Preuzimanje<\/a><\/div>\n\n\n\n<div class=\"wp-block-file\"><a id=\"wp-block-file--media-2ce92dfe-8573-4d8e-ab78-39670bd077af\" href=\"https:\/\/aem.hr\/wp-content\/uploads\/2026\/01\/Fond-6-24.pdf\">Fond 6\/2024<\/a><a href=\"https:\/\/aem.hr\/wp-content\/uploads\/2026\/01\/Fond-6-24.pdf\" class=\"wp-block-file__button wp-element-button\" download aria-describedby=\"wp-block-file--media-2ce92dfe-8573-4d8e-ab78-39670bd077af\">Preuzimanje<\/a><\/div>\n\n\n\n<p><\/p>\n","protected":false},"excerpt":{"rendered":"<p>Objavljujemo datume snimki emisija koje u sklopu zavr\u0161nog pravdanja Fondova za 2025. trebaju dostaviti radijski i televizijski nakladnici, pru\u017eatelji audio i audiovizualnih programa iz \u010dl. 92. ZEM-a te neprofitni proizvo\u0111a\u010di radijskih i audiovizualnih programa. Ova obavijest&nbsp;ne odnosi se&nbsp;na pru\u017eatelje elektroni\u010dkih publikacija.&nbsp;Datumi snimki za sve obveznike pravdanja Fondova 4\/2024, 5\/2024 i 6\/2024 na koje se ova [&hellip;]<\/p>\n","protected":false},"author":18,"featured_media":24079,"comment_status":"closed","ping_status":"closed","sticky":false,"template":"","format":"standard","meta":{"_acf_changed":false,"inline_featured_image":false,"advgb_blocks_editor_width":"","advgb_blocks_columns_visual_guide":"","_links_to":"","_links_to_type":0,"footnotes":""},"categories":[5],"tags":[],"class_list":["post-24072","post","type-post","status-publish","format-standard","has-post-thumbnail","hentry","category-vijesti"],"acf":[],"yoast_head":"<!-- This site is optimized with the Yoast SEO plugin v25.7 - https:\/\/yoast.com\/wordpress\/plugins\/seo\/ -->\n<title>Pravdanje sredstava Fonda za poticanje pluralizma i raznovrsnosti elektroni\u010dkih medija \u2013 natje\u010daji 4\/2024, 5\/2024 i 6\/2024 za 2025. godinu \u2013 DATUMI SNIMKI - Agencija za elektroni\u010dke medije<\/title>\n<meta name=\"robots\" content=\"index, follow, max-snippet:-1, max-image-preview:large, max-video-preview:-1\" \/>\n<link rel=\"canonical\" href=\"https:\/\/aem.hr\/blog\/2026\/01\/20\/pravdanje-sredstava-fonda-za-poticanje-pluralizma-i-raznovrsnosti-elektronickih-medija-natjecaji-4-2024-5-2024-i-6-2024-za-2025-godinu-datumi-snimki\/\" \/>\n<meta property=\"og:locale\" content=\"en_US\" \/>\n<meta property=\"og:type\" content=\"article\" \/>\n<meta property=\"og:title\" content=\"Pravdanje sredstava Fonda za poticanje pluralizma i raznovrsnosti elektroni\u010dkih medija \u2013 natje\u010daji 4\/2024, 5\/2024 i 6\/2024 za 2025. godinu \u2013 DATUMI SNIMKI - Agencija za elektroni\u010dke medije\" \/>\n<meta property=\"og:description\" content=\"Objavljujemo datume snimki emisija koje u sklopu zavr\u0161nog pravdanja Fondova za 2025. trebaju dostaviti radijski i televizijski nakladnici, pru\u017eatelji audio i audiovizualnih programa iz \u010dl. 92. ZEM-a te neprofitni proizvo\u0111a\u010di radijskih i audiovizualnih programa. Ova obavijest&nbsp;ne odnosi se&nbsp;na pru\u017eatelje elektroni\u010dkih publikacija.&nbsp;Datumi snimki za sve obveznike pravdanja Fondova 4\/2024, 5\/2024 i 6\/2024 na koje se ova [&hellip;]\" \/>\n<meta property=\"og:url\" content=\"https:\/\/aem.hr\/blog\/2026\/01\/20\/pravdanje-sredstava-fonda-za-poticanje-pluralizma-i-raznovrsnosti-elektronickih-medija-natjecaji-4-2024-5-2024-i-6-2024-za-2025-godinu-datumi-snimki\/\" \/>\n<meta property=\"og:site_name\" content=\"Agencija za elektroni\u010dke medije\" \/>\n<meta property=\"article:published_time\" content=\"2026-01-20T10:15:05+00:00\" \/>\n<meta property=\"article:modified_time\" content=\"2026-01-21T13:31:44+00:00\" \/>\n<meta property=\"og:image\" content=\"https:\/\/aem.hr\/wp-content\/uploads\/2026\/01\/Fotografija-za-objavu-web-scaled.jpg\" \/>\n\t<meta property=\"og:image:width\" content=\"2560\" \/>\n\t<meta property=\"og:image:height\" content=\"1416\" \/>\n\t<meta property=\"og:image:type\" content=\"image\/jpeg\" \/>\n<meta name=\"author\" content=\"Matko Kirac\" \/>\n<meta name=\"twitter:card\" content=\"summary_large_image\" \/>\n<meta name=\"twitter:label1\" content=\"Written by\" \/>\n\t<meta name=\"twitter:data1\" content=\"Matko Kirac\" \/>\n\t<meta name=\"twitter:label2\" content=\"Est. reading time\" \/>\n\t<meta name=\"twitter:data2\" content=\"1 minute\" \/>\n<script type=\"application\/ld+json\" class=\"yoast-schema-graph\">{\"@context\":\"https:\/\/schema.org\",\"@graph\":[{\"@type\":\"WebPage\",\"@id\":\"https:\/\/aem.hr\/blog\/2026\/01\/20\/pravdanje-sredstava-fonda-za-poticanje-pluralizma-i-raznovrsnosti-elektronickih-medija-natjecaji-4-2024-5-2024-i-6-2024-za-2025-godinu-datumi-snimki\/\",\"url\":\"https:\/\/aem.hr\/blog\/2026\/01\/20\/pravdanje-sredstava-fonda-za-poticanje-pluralizma-i-raznovrsnosti-elektronickih-medija-natjecaji-4-2024-5-2024-i-6-2024-za-2025-godinu-datumi-snimki\/\",\"name\":\"Pravdanje sredstava Fonda za poticanje pluralizma i raznovrsnosti elektroni\u010dkih medija \u2013 natje\u010daji 4\/2024, 5\/2024 i 6\/2024 za 2025. godinu \u2013 DATUMI SNIMKI - Agencija za elektroni\u010dke medije\",\"isPartOf\":{\"@id\":\"https:\/\/aem.hr\/#website\"},\"primaryImageOfPage\":{\"@id\":\"https:\/\/aem.hr\/blog\/2026\/01\/20\/pravdanje-sredstava-fonda-za-poticanje-pluralizma-i-raznovrsnosti-elektronickih-medija-natjecaji-4-2024-5-2024-i-6-2024-za-2025-godinu-datumi-snimki\/#primaryimage\"},\"image\":{\"@id\":\"https:\/\/aem.hr\/blog\/2026\/01\/20\/pravdanje-sredstava-fonda-za-poticanje-pluralizma-i-raznovrsnosti-elektronickih-medija-natjecaji-4-2024-5-2024-i-6-2024-za-2025-godinu-datumi-snimki\/#primaryimage\"},\"thumbnailUrl\":\"https:\/\/aem.hr\/wp-content\/uploads\/2026\/01\/Fotografija-za-objavu-web-scaled.jpg\",\"datePublished\":\"2026-01-20T10:15:05+00:00\",\"dateModified\":\"2026-01-21T13:31:44+00:00\",\"author\":{\"@id\":\"https:\/\/aem.hr\/#\/schema\/person\/c100d12574f2ef4fe03266d61bfc55e1\"},\"breadcrumb\":{\"@id\":\"https:\/\/aem.hr\/blog\/2026\/01\/20\/pravdanje-sredstava-fonda-za-poticanje-pluralizma-i-raznovrsnosti-elektronickih-medija-natjecaji-4-2024-5-2024-i-6-2024-za-2025-godinu-datumi-snimki\/#breadcrumb\"},\"inLanguage\":\"en-US\",\"potentialAction\":[{\"@type\":\"ReadAction\",\"target\":[\"https:\/\/aem.hr\/blog\/2026\/01\/20\/pravdanje-sredstava-fonda-za-poticanje-pluralizma-i-raznovrsnosti-elektronickih-medija-natjecaji-4-2024-5-2024-i-6-2024-za-2025-godinu-datumi-snimki\/\"]}]},{\"@type\":\"ImageObject\",\"inLanguage\":\"en-US\",\"@id\":\"https:\/\/aem.hr\/blog\/2026\/01\/20\/pravdanje-sredstava-fonda-za-poticanje-pluralizma-i-raznovrsnosti-elektronickih-medija-natjecaji-4-2024-5-2024-i-6-2024-za-2025-godinu-datumi-snimki\/#primaryimage\",\"url\":\"https:\/\/aem.hr\/wp-content\/uploads\/2026\/01\/Fotografija-za-objavu-web-scaled.jpg\",\"contentUrl\":\"https:\/\/aem.hr\/wp-content\/uploads\/2026\/01\/Fotografija-za-objavu-web-scaled.jpg\",\"width\":2560,\"height\":1416},{\"@type\":\"BreadcrumbList\",\"@id\":\"https:\/\/aem.hr\/blog\/2026\/01\/20\/pravdanje-sredstava-fonda-za-poticanje-pluralizma-i-raznovrsnosti-elektronickih-medija-natjecaji-4-2024-5-2024-i-6-2024-za-2025-godinu-datumi-snimki\/#breadcrumb\",\"itemListElement\":[{\"@type\":\"ListItem\",\"position\":1,\"name\":\"Po\u010detna stranica\",\"item\":\"https:\/\/aem.hr\/\"},{\"@type\":\"ListItem\",\"position\":2,\"name\":\"Pravdanje sredstava Fonda za poticanje pluralizma i raznovrsnosti elektroni\u010dkih medija \u2013 natje\u010daji 4\/2024, 5\/2024 i 6\/2024 za 2025. godinu \u2013 DATUMI SNIMKI\"}]},{\"@type\":\"WebSite\",\"@id\":\"https:\/\/aem.hr\/#website\",\"url\":\"https:\/\/aem.hr\/\",\"name\":\"Agencija za elektroni\u010dke medije\",\"description\":\"\",\"potentialAction\":[{\"@type\":\"SearchAction\",\"target\":{\"@type\":\"EntryPoint\",\"urlTemplate\":\"https:\/\/aem.hr\/?s={search_term_string}\"},\"query-input\":{\"@type\":\"PropertyValueSpecification\",\"valueRequired\":true,\"valueName\":\"search_term_string\"}}],\"inLanguage\":\"en-US\"},{\"@type\":\"Person\",\"@id\":\"https:\/\/aem.hr\/#\/schema\/person\/c100d12574f2ef4fe03266d61bfc55e1\",\"name\":\"Matko Kirac\",\"url\":\"https:\/\/aem.hr\/en\/blog\/author\/mkirac\/\"}]}<\/script>\n<!-- \/ Yoast SEO plugin. -->","yoast_head_json":{"title":"Pravdanje sredstava Fonda za poticanje pluralizma i raznovrsnosti elektroni\u010dkih medija \u2013 natje\u010daji 4\/2024, 5\/2024 i 6\/2024 za 2025. godinu \u2013 DATUMI SNIMKI - Agencija za elektroni\u010dke medije","robots":{"index":"index","follow":"follow","max-snippet":"max-snippet:-1","max-image-preview":"max-image-preview:large","max-video-preview":"max-video-preview:-1"},"canonical":"https:\/\/aem.hr\/blog\/2026\/01\/20\/pravdanje-sredstava-fonda-za-poticanje-pluralizma-i-raznovrsnosti-elektronickih-medija-natjecaji-4-2024-5-2024-i-6-2024-za-2025-godinu-datumi-snimki\/","og_locale":"en_US","og_type":"article","og_title":"Pravdanje sredstava Fonda za poticanje pluralizma i raznovrsnosti elektroni\u010dkih medija \u2013 natje\u010daji 4\/2024, 5\/2024 i 6\/2024 za 2025. godinu \u2013 DATUMI SNIMKI - Agencija za elektroni\u010dke medije","og_description":"Objavljujemo datume snimki emisija koje u sklopu zavr\u0161nog pravdanja Fondova za 2025. trebaju dostaviti radijski i televizijski nakladnici, pru\u017eatelji audio i audiovizualnih programa iz \u010dl. 92. ZEM-a te neprofitni proizvo\u0111a\u010di radijskih i audiovizualnih programa. Ova obavijest&nbsp;ne odnosi se&nbsp;na pru\u017eatelje elektroni\u010dkih publikacija.&nbsp;Datumi snimki za sve obveznike pravdanja Fondova 4\/2024, 5\/2024 i 6\/2024 na koje se ova [&hellip;]","og_url":"https:\/\/aem.hr\/blog\/2026\/01\/20\/pravdanje-sredstava-fonda-za-poticanje-pluralizma-i-raznovrsnosti-elektronickih-medija-natjecaji-4-2024-5-2024-i-6-2024-za-2025-godinu-datumi-snimki\/","og_site_name":"Agencija za elektroni\u010dke medije","article_published_time":"2026-01-20T10:15:05+00:00","article_modified_time":"2026-01-21T13:31:44+00:00","og_image":[{"width":2560,"height":1416,"url":"https:\/\/aem.hr\/wp-content\/uploads\/2026\/01\/Fotografija-za-objavu-web-scaled.jpg","type":"image\/jpeg"}],"author":"Matko Kirac","twitter_card":"summary_large_image","twitter_misc":{"Written by":"Matko Kirac","Est. reading time":"1 minute"},"schema":{"@context":"https:\/\/schema.org","@graph":[{"@type":"WebPage","@id":"https:\/\/aem.hr\/blog\/2026\/01\/20\/pravdanje-sredstava-fonda-za-poticanje-pluralizma-i-raznovrsnosti-elektronickih-medija-natjecaji-4-2024-5-2024-i-6-2024-za-2025-godinu-datumi-snimki\/","url":"https:\/\/aem.hr\/blog\/2026\/01\/20\/pravdanje-sredstava-fonda-za-poticanje-pluralizma-i-raznovrsnosti-elektronickih-medija-natjecaji-4-2024-5-2024-i-6-2024-za-2025-godinu-datumi-snimki\/","name":"Pravdanje sredstava Fonda za poticanje pluralizma i raznovrsnosti elektroni\u010dkih medija \u2013 natje\u010daji 4\/2024, 5\/2024 i 6\/2024 za 2025. godinu \u2013 DATUMI SNIMKI - Agencija za elektroni\u010dke medije","isPartOf":{"@id":"https:\/\/aem.hr\/#website"},"primaryImageOfPage":{"@id":"https:\/\/aem.hr\/blog\/2026\/01\/20\/pravdanje-sredstava-fonda-za-poticanje-pluralizma-i-raznovrsnosti-elektronickih-medija-natjecaji-4-2024-5-2024-i-6-2024-za-2025-godinu-datumi-snimki\/#primaryimage"},"image":{"@id":"https:\/\/aem.hr\/blog\/2026\/01\/20\/pravdanje-sredstava-fonda-za-poticanje-pluralizma-i-raznovrsnosti-elektronickih-medija-natjecaji-4-2024-5-2024-i-6-2024-za-2025-godinu-datumi-snimki\/#primaryimage"},"thumbnailUrl":"https:\/\/aem.hr\/wp-content\/uploads\/2026\/01\/Fotografija-za-objavu-web-scaled.jpg","datePublished":"2026-01-20T10:15:05+00:00","dateModified":"2026-01-21T13:31:44+00:00","author":{"@id":"https:\/\/aem.hr\/#\/schema\/person\/c100d12574f2ef4fe03266d61bfc55e1"},"breadcrumb":{"@id":"https:\/\/aem.hr\/blog\/2026\/01\/20\/pravdanje-sredstava-fonda-za-poticanje-pluralizma-i-raznovrsnosti-elektronickih-medija-natjecaji-4-2024-5-2024-i-6-2024-za-2025-godinu-datumi-snimki\/#breadcrumb"},"inLanguage":"en-US","potentialAction":[{"@type":"ReadAction","target":["https:\/\/aem.hr\/blog\/2026\/01\/20\/pravdanje-sredstava-fonda-za-poticanje-pluralizma-i-raznovrsnosti-elektronickih-medija-natjecaji-4-2024-5-2024-i-6-2024-za-2025-godinu-datumi-snimki\/"]}]},{"@type":"ImageObject","inLanguage":"en-US","@id":"https:\/\/aem.hr\/blog\/2026\/01\/20\/pravdanje-sredstava-fonda-za-poticanje-pluralizma-i-raznovrsnosti-elektronickih-medija-natjecaji-4-2024-5-2024-i-6-2024-za-2025-godinu-datumi-snimki\/#primaryimage","url":"https:\/\/aem.hr\/wp-content\/uploads\/2026\/01\/Fotografija-za-objavu-web-scaled.jpg","contentUrl":"https:\/\/aem.hr\/wp-content\/uploads\/2026\/01\/Fotografija-za-objavu-web-scaled.jpg","width":2560,"height":1416},{"@type":"BreadcrumbList","@id":"https:\/\/aem.hr\/blog\/2026\/01\/20\/pravdanje-sredstava-fonda-za-poticanje-pluralizma-i-raznovrsnosti-elektronickih-medija-natjecaji-4-2024-5-2024-i-6-2024-za-2025-godinu-datumi-snimki\/#breadcrumb","itemListElement":[{"@type":"ListItem","position":1,"name":"Po\u010detna stranica","item":"https:\/\/aem.hr\/"},{"@type":"ListItem","position":2,"name":"Pravdanje sredstava Fonda za poticanje pluralizma i raznovrsnosti elektroni\u010dkih medija \u2013 natje\u010daji 4\/2024, 5\/2024 i 6\/2024 za 2025. godinu \u2013 DATUMI SNIMKI"}]},{"@type":"WebSite","@id":"https:\/\/aem.hr\/#website","url":"https:\/\/aem.hr\/","name":"Agencija za elektroni\u010dke medije","description":"","potentialAction":[{"@type":"SearchAction","target":{"@type":"EntryPoint","urlTemplate":"https:\/\/aem.hr\/?s={search_term_string}"},"query-input":{"@type":"PropertyValueSpecification","valueRequired":true,"valueName":"search_term_string"}}],"inLanguage":"en-US"},{"@type":"Person","@id":"https:\/\/aem.hr\/#\/schema\/person\/c100d12574f2ef4fe03266d61bfc55e1","name":"Matko Kirac","url":"https:\/\/aem.hr\/en\/blog\/author\/mkirac\/"}]}},"author_meta":{"display_name":"Matko Kirac","author_link":"https:\/\/aem.hr\/en\/blog\/author\/mkirac\/"},"featured_img":"https:\/\/aem.hr\/wp-content\/uploads\/2026\/01\/Fotografija-za-objavu-web-300x166.jpg","coauthors":[],"tax_additional":{"categories":{"linked":["<a href=\"https:\/\/aem.hr\/en\/kategorija\/vijesti\/\" class=\"advgb-post-tax-term\">Vijesti<\/a>"],"unlinked":["<span class=\"advgb-post-tax-term\">Vijesti<\/span>"]}},"comment_count":"0","relative_dates":{"created":"Posted 3 months ago","modified":"Updated 3 months ago"},"absolute_dates":{"created":"Posted on 20. January 2026.","modified":"Updated on 21. January 2026."},"absolute_dates_time":{"created":"Posted on 20. January 2026. 11:15","modified":"Updated on 21. January 2026. 14:31"},"featured_img_caption":"","series_order":"","_links":{"self":[{"href":"https:\/\/aem.hr\/en\/wp-json\/wp\/v2\/posts\/24072","targetHints":{"allow":["GET"]}}],"collection":[{"href":"https:\/\/aem.hr\/en\/wp-json\/wp\/v2\/posts"}],"about":[{"href":"https:\/\/aem.hr\/en\/wp-json\/wp\/v2\/types\/post"}],"author":[{"embeddable":true,"href":"https:\/\/aem.hr\/en\/wp-json\/wp\/v2\/users\/18"}],"replies":[{"embeddable":true,"href":"https:\/\/aem.hr\/en\/wp-json\/wp\/v2\/comments?post=24072"}],"version-history":[{"count":3,"href":"https:\/\/aem.hr\/en\/wp-json\/wp\/v2\/posts\/24072\/revisions"}],"predecessor-version":[{"id":24088,"href":"https:\/\/aem.hr\/en\/wp-json\/wp\/v2\/posts\/24072\/revisions\/24088"}],"wp:featuredmedia":[{"embeddable":true,"href":"https:\/\/aem.hr\/en\/wp-json\/wp\/v2\/media\/24079"}],"wp:attachment":[{"href":"https:\/\/aem.hr\/en\/wp-json\/wp\/v2\/media?parent=24072"}],"wp:term":[{"taxonomy":"category","embeddable":true,"href":"https:\/\/aem.hr\/en\/wp-json\/wp\/v2\/categories?post=24072"},{"taxonomy":"post_tag","embeddable":true,"href":"https:\/\/aem.hr\/en\/wp-json\/wp\/v2\/tags?post=24072"}],"curies":[{"name":"wp","href":"https:\/\/api.w.org\/{rel}","templated":true}]}}