{"id":24501,"date":"2026-02-03T16:06:59","date_gmt":"2026-02-03T15:06:59","guid":{"rendered":"https:\/\/aem.hr\/?p=24501"},"modified":"2026-02-04T11:45:10","modified_gmt":"2026-02-04T10:45:10","slug":"odrzana-konferencija-europa-i-hrvatska-u-digitalno-doba-sloboda-govora-i-odgovornost-medija","status":"publish","type":"post","link":"https:\/\/aem.hr\/en\/blog\/2026\/02\/03\/odrzana-konferencija-europa-i-hrvatska-u-digitalno-doba-sloboda-govora-i-odgovornost-medija\/","title":{"rendered":"Odr\u017eana konferencija \u201eEuropa i Hrvatska u digitalno doba: sloboda govora i odgovornost medija\u201c"},"content":{"rendered":"\n<p>U dvorani Predstavni\u0161tva Europske komisije u Hrvatskoj odr\u017eana je konferencija pod nazivom \u201eEuropa i Hrvatska u digitalno doba: sloboda govora i odgovornost medija\u201c. Skup su organizirali Predstavni\u0161tvo Europske komisije u Hrvatskoj, Hrvatska regulatorna agencija za mre\u017ene djelatnosti (HAKOM), Agencija za elektroni\u010dke medije (AEM), Nacionalni koordinacijski odbor za provedbu mjera Akcijskog plana razvoja kulture i medija te kampanja Vije\u0107a Europe i OSCE-a za sigurnost novinara. U fokusu diskusije bila je nacionalna, europska i globalna perspektiva Uredbe o jedinstvenom tr\u017ei\u0161tu digitalnih usluga, poznatije kao Akt o digitalnim uslugama ili DSA, te pitanja slobode govora i odgovornosti medija koja proizlaze iz recentne europske zakonske regulative.<\/p>\n\n\n\n<p>U uvodnom govoru voditeljica Predstavni\u0161tva Europske komisije <strong>Zrinka Ujevi\u0107<\/strong> pozdravila je prisutne te istaknula kako Uredba o digitalnim uslugama ima klju\u010dnu ulogu u odgovoru na internetske prijetnje: od za\u0161tite maloljetnika i zaustavljanja financijskih prijevara do suzbijanja \u0161irenja dezinformacija. Naglasila je kako je ova Uredba iznimno va\u017ena jer potvr\u0111uje da digitalni prostor nije izvan zakona te povezuje slobodu govora s odgovorno\u0161\u0107u, jasno isti\u010du\u0107i da ono \u0161to je nezakonito offline, mora biti nezakonito i online.<\/p>\n\n\n\n<p><strong>Jasna Vani\u010dek-Fila<\/strong>, \u010dlanica Vije\u0107a za elektroni\u010dke medije (VEM) i Nacionalna koordinatorica projekta &#8221;Novinari su va\u017eni&#8221; Vije\u0107a Europe ocijenila je kako su digitalne platforme u posljednjih nekoliko godina znatno promijenile te i dalje mijenjaju medijsko okru\u017eenje koje je, kako isti\u010de, sada gotovo neprepoznatljivo.<\/p>\n\n\n\n<p>&#8221;Moramo dovesti u korelaciju velike digitalne platforme i medije. Osim DSA, postoji i uredba Europski akt o slobodi medija (EMFA) koji obvezuje velike digitalne platforme da u slu\u010daju uklanjanja ili ograni\u010davanja vidljivosti nekog sadr\u017eaja to i komuniciraju s medijima. Svima nam je bitno da dezinformacija ne bude, te da ako neka velika digitalna platforma odlu\u010di ukloniti ili ograni\u010diti doseg nekog sadr\u017eaja, da o tome komunicira s medijima.&#8221; kazala je Vani\u010dek-Fila.<\/p>\n\n\n\n<p><strong>Milana Brki\u0107,<\/strong> savjetnica za Uredbu o digitalnim uslugama, iz Glavne uprave za komunikacijske mre\u017ee, sadr\u017eaje i tehnologije Europske Komisije, u svom je izlaganju govorila o temeljnim smjernicama Akta o digitalnim uslugama te o europskoj perspektivi provedbe Akta. Istaknula je kako je nakon dvije godine provedbe DSA oblikovao internetski svijet nabolje, te su ve\u0107 ostvareni pozitivni u\u010dinci za korisnike. Ukupno je Komisija slu\u017ebeno pokrenula 15 postupaka u vezi s uskla\u0111eno\u0161\u0107u pru\u017eatelja usluga 10 vrlo velikih internetskih platformi (VLOP) i vrlo velikih internetskih tra\u017eilica (VLOSE) s obvezama iz DSA-a, dok je u prosincu 2025. postignuta prekretnica dono\u0161enjem prve odluke o neuskla\u0111enosti u okviru DSA-a, kada je Komisija je izrekla kaznu od 120 milijuna eura platformi X zbog kr\u0161enja njezinih obveza prema DSA-u. Time se \u0161alje jasna poruka da Komisija stoji iza svoji digitalnih pravila i provodit \u0107e ih u skladu sa slovom zakona, te nastavlja djelovati punim kapacitetom u otvorenim slu\u010dajevima kako bi potaknula dodatne pozitivne promjene u digitalnom okru\u017eenju.<\/p>\n\n\n\n<p>Dok Komisija provodi ove obveze kada je rije\u010d o najve\u0107im platformama u Europi i njihovim dodatnim obvezama, na nacionalnoj razini oslanjamo se na Koordinatore za digitalne usluge, \u010diju je ulogu u Hrvatskoj predstavila <strong>Lidija Antoni\u0107<\/strong>, rukovoditeljica Sektora za digitalne usluge iz Hrvatske regulatorne za mre\u017ene djelatnosti. Upravo je HAKOM odgovoran, izme\u0111u ostalog, i za certificiranje pouzdanih prijavitelja \u2013 neovisnih organizacija koje su stru\u010dne u otkrivanju, identificiranju i uklanjanju nezakonitog sadr\u017eaja.<\/p>\n\n\n\n<p>S druge strane, na probleme hrvatskih medija u suradnji s velikim internetskim platformama ukazao je i izvr\u0161ni direktor Hrvatske udruge digitalnih izdava\u010da (HUDI) <strong>Ozren Kronja.<\/strong><\/p>\n\n\n\n<p>&#8216;&#8221;Od ukupno 340 milijuna eura prihoda od ogla\u0161avanja na digitalnim kanalima u Hrvatskoj, \u010dak 240 milijuna odlazi Meti i Googleu. Hrvatski izdava\u010di od oglasnog kola\u010da primaju samo 100 milijuna eura&#8221;, kazao je Kronja. Naglasio je i da su klju\u010dne obveze velikih internetskih platformi ve\u0107a transparentnost njihovih algoritama, transparentniji izvje\u0161taji o moderiranju sadr\u017eaja te pove\u0107anje njihovih u\u010dinaka na slobodu i pluralizam medija, ali i na suzbijanje \u0161irenja&nbsp;nezakonitog sadr\u017eaja.<\/p>\n\n\n\n<p>Nakon prezentacija uslijedila je panel rasprava u kojoj su sudjelovali <strong>Andrea \u010covi\u0107 Vidovi\u0107<\/strong> iz Predstavni\u0161tva Europske komisije u Hrvatskoj, <strong>Domagoj Mari\u010di\u0107<\/strong> iz HAKOM-a, zamjenik glavnog dr\u017eavnog odvjetnika Republike Hrvatske <strong>Ivan Glavi\u0107<\/strong> i glavna tajnica HND-a <strong>Melisa Skender.<\/strong><\/p>\n\n\n\n<p>Zamjenica Voditeljice Predstavni\u0161tva Europske komisije&nbsp; <strong>Andrea \u010covi\u0107 Vidovi\u0107<\/strong>, sudjeluju\u0107i u otvorenoj panel raspravi \u201eSloboda govora i odgovornost medija u digitalno doba\u201c, istaknula je konkretne primjere iz prakse vezane uz provedbu Akta o digitalnim uslugama, te je objasnila preklapanja i poveznice sa drugim va\u017enim regulatornim rje\u0161enjima, poput Akta o digitalnim tr\u017ei\u0161tima (DMA), Akta o umjetnoj inteligenciji (AI Act), i najnovijim Aktom o digitalnoj pravednosti (DFA).<\/p>\n\n\n\n<p>Pomo\u0107nik ravnatelja Hrvatske regulatorne agencije za mre\u017ene djelatnosti (HAKOM) <strong>Domagoj Mari\u010di\u0107 <\/strong>kazao je kako je cilj skupa upoznati predstavnike medija \u010demu Akt o digitalnim uslugama slu\u017ei i na koji na\u010din je relevantan za rad medija te \u0161to se zapravo u njegovoj primjeni mo\u017ee o\u010dekivati.<\/p>\n\n\n\n<p>&#8221;DSA je dugo o\u010dekivani propis, a prije njega regulacija sadr\u017eaja na internetu zapravo nije postojala. Akt o digitalnim uslugama nastoji o\u017eivotvoriti na\u010delo &#8211;&nbsp;ono \u0161to je zabranjeno &#8216;offline&#8217;, treba biti zabranjeno i &#8216;online&#8217;. Govor mr\u017enje i dezinformacije su, pritom, samo jedan od aspekata Akta o digitalnim uslugama koji pokriva i puno \u0161iri dijapazon nezakonitosti &#8211; od dje\u010dje pornografije do povrede intelektualnog vlasni\u0161tva&#8221;, kazao je Mari\u010di\u0107.<\/p>\n\n\n\n<p>Naglasio je i kako HAKOM, kao nacionalni&nbsp;koordinator za digitalne usluge u provo\u0111enju EU Akta o digitalnim uslugama, ne kontrolira sadr\u017eaj medijskih objava nego koordinira rad nadle\u017enih institucija.<\/p>\n\n\n\n<p>&#8221;Bilo je raznih postupanja, ali nisu izre\u010dene nikakve sankcije. Najvi\u0161e pritu\u017ebi dobili smo na velike internetske platforme za koje nismo nadle\u017eni nego je nadle\u017ena Europska komisija&#8221;, kazao je Mari\u010di\u0107.<\/p>\n\n\n\n<figure class=\"wp-block-gallery has-nested-images columns-default is-cropped wp-block-gallery-1 is-layout-flex wp-block-gallery-is-layout-flex\">\n<figure class=\"wp-block-image size-large\"><img loading=\"lazy\" decoding=\"async\" width=\"1024\" height=\"683\" data-id=\"24509\" src=\"https:\/\/aem.hr\/wp-content\/uploads\/2026\/02\/2026-02-02-11-54-36-Marko-Lopac-1024x683.jpg\" alt=\"\" class=\"wp-image-24509\" srcset=\"https:\/\/aem.hr\/wp-content\/uploads\/2026\/02\/2026-02-02-11-54-36-Marko-Lopac-1024x683.jpg 1024w, https:\/\/aem.hr\/wp-content\/uploads\/2026\/02\/2026-02-02-11-54-36-Marko-Lopac-300x200.jpg 300w, https:\/\/aem.hr\/wp-content\/uploads\/2026\/02\/2026-02-02-11-54-36-Marko-Lopac-768x512.jpg 768w, https:\/\/aem.hr\/wp-content\/uploads\/2026\/02\/2026-02-02-11-54-36-Marko-Lopac-1536x1024.jpg 1536w, https:\/\/aem.hr\/wp-content\/uploads\/2026\/02\/2026-02-02-11-54-36-Marko-Lopac-270x180.jpg 270w, https:\/\/aem.hr\/wp-content\/uploads\/2026\/02\/2026-02-02-11-54-36-Marko-Lopac.jpg 2048w\" sizes=\"auto, (max-width: 1024px) 100vw, 1024px\" \/><figcaption class=\"wp-element-caption\">marko.lopac@gmail.com<\/figcaption><\/figure>\n\n\n\n<figure class=\"wp-block-image size-large\"><img loading=\"lazy\" decoding=\"async\" width=\"1024\" height=\"683\" data-id=\"24513\" src=\"https:\/\/aem.hr\/wp-content\/uploads\/2026\/02\/2026-02-02-11-59-17-Marko-Lopac-1024x683.jpg\" alt=\"\" class=\"wp-image-24513\" srcset=\"https:\/\/aem.hr\/wp-content\/uploads\/2026\/02\/2026-02-02-11-59-17-Marko-Lopac-1024x683.jpg 1024w, https:\/\/aem.hr\/wp-content\/uploads\/2026\/02\/2026-02-02-11-59-17-Marko-Lopac-300x200.jpg 300w, https:\/\/aem.hr\/wp-content\/uploads\/2026\/02\/2026-02-02-11-59-17-Marko-Lopac-768x512.jpg 768w, https:\/\/aem.hr\/wp-content\/uploads\/2026\/02\/2026-02-02-11-59-17-Marko-Lopac-1536x1024.jpg 1536w, https:\/\/aem.hr\/wp-content\/uploads\/2026\/02\/2026-02-02-11-59-17-Marko-Lopac-270x180.jpg 270w, https:\/\/aem.hr\/wp-content\/uploads\/2026\/02\/2026-02-02-11-59-17-Marko-Lopac.jpg 2048w\" sizes=\"auto, (max-width: 1024px) 100vw, 1024px\" \/><figcaption class=\"wp-element-caption\">marko.lopac@gmail.com<\/figcaption><\/figure>\n\n\n\n<figure class=\"wp-block-image size-large\"><img loading=\"lazy\" decoding=\"async\" width=\"1024\" height=\"683\" data-id=\"24527\" src=\"https:\/\/aem.hr\/wp-content\/uploads\/2026\/02\/2026-02-02-12-02-27-Marko-Lopac-1024x683.jpg\" alt=\"\" class=\"wp-image-24527\" srcset=\"https:\/\/aem.hr\/wp-content\/uploads\/2026\/02\/2026-02-02-12-02-27-Marko-Lopac-1024x683.jpg 1024w, https:\/\/aem.hr\/wp-content\/uploads\/2026\/02\/2026-02-02-12-02-27-Marko-Lopac-300x200.jpg 300w, https:\/\/aem.hr\/wp-content\/uploads\/2026\/02\/2026-02-02-12-02-27-Marko-Lopac-768x512.jpg 768w, https:\/\/aem.hr\/wp-content\/uploads\/2026\/02\/2026-02-02-12-02-27-Marko-Lopac-1536x1024.jpg 1536w, https:\/\/aem.hr\/wp-content\/uploads\/2026\/02\/2026-02-02-12-02-27-Marko-Lopac-270x180.jpg 270w, https:\/\/aem.hr\/wp-content\/uploads\/2026\/02\/2026-02-02-12-02-27-Marko-Lopac.jpg 2048w\" sizes=\"auto, (max-width: 1024px) 100vw, 1024px\" \/><figcaption class=\"wp-element-caption\">marko.lopac@gmail.com<\/figcaption><\/figure>\n\n\n\n<figure class=\"wp-block-image size-large\"><img loading=\"lazy\" decoding=\"async\" width=\"1024\" height=\"683\" data-id=\"24511\" src=\"https:\/\/aem.hr\/wp-content\/uploads\/2026\/02\/2026-02-02-12-06-57-Marko-Lopac-1024x683.jpg\" alt=\"\" class=\"wp-image-24511\" srcset=\"https:\/\/aem.hr\/wp-content\/uploads\/2026\/02\/2026-02-02-12-06-57-Marko-Lopac-1024x683.jpg 1024w, https:\/\/aem.hr\/wp-content\/uploads\/2026\/02\/2026-02-02-12-06-57-Marko-Lopac-300x200.jpg 300w, https:\/\/aem.hr\/wp-content\/uploads\/2026\/02\/2026-02-02-12-06-57-Marko-Lopac-768x512.jpg 768w, https:\/\/aem.hr\/wp-content\/uploads\/2026\/02\/2026-02-02-12-06-57-Marko-Lopac-1536x1024.jpg 1536w, https:\/\/aem.hr\/wp-content\/uploads\/2026\/02\/2026-02-02-12-06-57-Marko-Lopac-270x180.jpg 270w, https:\/\/aem.hr\/wp-content\/uploads\/2026\/02\/2026-02-02-12-06-57-Marko-Lopac.jpg 2048w\" sizes=\"auto, (max-width: 1024px) 100vw, 1024px\" \/><figcaption class=\"wp-element-caption\">marko.lopac@gmail.com<\/figcaption><\/figure>\n\n\n\n<figure class=\"wp-block-image size-large\"><img loading=\"lazy\" decoding=\"async\" width=\"1024\" height=\"683\" data-id=\"24516\" src=\"https:\/\/aem.hr\/wp-content\/uploads\/2026\/02\/2026-02-02-12-07-47-Marko-Lopac-1-1024x683.jpg\" alt=\"\" class=\"wp-image-24516\" srcset=\"https:\/\/aem.hr\/wp-content\/uploads\/2026\/02\/2026-02-02-12-07-47-Marko-Lopac-1-1024x683.jpg 1024w, https:\/\/aem.hr\/wp-content\/uploads\/2026\/02\/2026-02-02-12-07-47-Marko-Lopac-1-300x200.jpg 300w, https:\/\/aem.hr\/wp-content\/uploads\/2026\/02\/2026-02-02-12-07-47-Marko-Lopac-1-768x512.jpg 768w, https:\/\/aem.hr\/wp-content\/uploads\/2026\/02\/2026-02-02-12-07-47-Marko-Lopac-1-1536x1024.jpg 1536w, https:\/\/aem.hr\/wp-content\/uploads\/2026\/02\/2026-02-02-12-07-47-Marko-Lopac-1-270x180.jpg 270w, https:\/\/aem.hr\/wp-content\/uploads\/2026\/02\/2026-02-02-12-07-47-Marko-Lopac-1.jpg 2048w\" sizes=\"auto, (max-width: 1024px) 100vw, 1024px\" \/><figcaption class=\"wp-element-caption\">marko.lopac@gmail.com<\/figcaption><\/figure>\n\n\n\n<figure class=\"wp-block-image size-large\"><img loading=\"lazy\" decoding=\"async\" width=\"1024\" height=\"683\" data-id=\"24523\" src=\"https:\/\/aem.hr\/wp-content\/uploads\/2026\/02\/2026-02-02-12-16-09-Marko-Lopac-1024x683.jpg\" alt=\"\" class=\"wp-image-24523\" srcset=\"https:\/\/aem.hr\/wp-content\/uploads\/2026\/02\/2026-02-02-12-16-09-Marko-Lopac-1024x683.jpg 1024w, https:\/\/aem.hr\/wp-content\/uploads\/2026\/02\/2026-02-02-12-16-09-Marko-Lopac-300x200.jpg 300w, https:\/\/aem.hr\/wp-content\/uploads\/2026\/02\/2026-02-02-12-16-09-Marko-Lopac-768x512.jpg 768w, https:\/\/aem.hr\/wp-content\/uploads\/2026\/02\/2026-02-02-12-16-09-Marko-Lopac-1536x1024.jpg 1536w, https:\/\/aem.hr\/wp-content\/uploads\/2026\/02\/2026-02-02-12-16-09-Marko-Lopac-270x180.jpg 270w, https:\/\/aem.hr\/wp-content\/uploads\/2026\/02\/2026-02-02-12-16-09-Marko-Lopac.jpg 2048w\" sizes=\"auto, (max-width: 1024px) 100vw, 1024px\" \/><figcaption class=\"wp-element-caption\">marko.lopac@gmail.com<\/figcaption><\/figure>\n\n\n\n<figure class=\"wp-block-image size-large\"><img loading=\"lazy\" decoding=\"async\" width=\"1024\" height=\"683\" data-id=\"24535\" src=\"https:\/\/aem.hr\/wp-content\/uploads\/2026\/02\/2026-02-02-14-00-36-Marko-Lopac-1-1024x683.jpg\" alt=\"\" class=\"wp-image-24535\" srcset=\"https:\/\/aem.hr\/wp-content\/uploads\/2026\/02\/2026-02-02-14-00-36-Marko-Lopac-1-1024x683.jpg 1024w, https:\/\/aem.hr\/wp-content\/uploads\/2026\/02\/2026-02-02-14-00-36-Marko-Lopac-1-300x200.jpg 300w, https:\/\/aem.hr\/wp-content\/uploads\/2026\/02\/2026-02-02-14-00-36-Marko-Lopac-1-768x512.jpg 768w, https:\/\/aem.hr\/wp-content\/uploads\/2026\/02\/2026-02-02-14-00-36-Marko-Lopac-1-1536x1024.jpg 1536w, https:\/\/aem.hr\/wp-content\/uploads\/2026\/02\/2026-02-02-14-00-36-Marko-Lopac-1-270x180.jpg 270w, https:\/\/aem.hr\/wp-content\/uploads\/2026\/02\/2026-02-02-14-00-36-Marko-Lopac-1.jpg 2048w\" sizes=\"auto, (max-width: 1024px) 100vw, 1024px\" \/><figcaption class=\"wp-element-caption\">marko.lopac@gmail.com<\/figcaption><\/figure>\n\n\n\n<figure class=\"wp-block-image size-large\"><img loading=\"lazy\" decoding=\"async\" width=\"1024\" height=\"683\" data-id=\"24529\" src=\"https:\/\/aem.hr\/wp-content\/uploads\/2026\/02\/2026-02-02-12-22-48-Marko-Lopac-1024x683.jpg\" alt=\"\" class=\"wp-image-24529\" srcset=\"https:\/\/aem.hr\/wp-content\/uploads\/2026\/02\/2026-02-02-12-22-48-Marko-Lopac-1024x683.jpg 1024w, https:\/\/aem.hr\/wp-content\/uploads\/2026\/02\/2026-02-02-12-22-48-Marko-Lopac-300x200.jpg 300w, https:\/\/aem.hr\/wp-content\/uploads\/2026\/02\/2026-02-02-12-22-48-Marko-Lopac-768x512.jpg 768w, https:\/\/aem.hr\/wp-content\/uploads\/2026\/02\/2026-02-02-12-22-48-Marko-Lopac-1536x1024.jpg 1536w, https:\/\/aem.hr\/wp-content\/uploads\/2026\/02\/2026-02-02-12-22-48-Marko-Lopac-270x180.jpg 270w, https:\/\/aem.hr\/wp-content\/uploads\/2026\/02\/2026-02-02-12-22-48-Marko-Lopac.jpg 2048w\" sizes=\"auto, (max-width: 1024px) 100vw, 1024px\" \/><figcaption class=\"wp-element-caption\">marko.lopac@gmail.com<\/figcaption><\/figure>\n\n\n\n<figure class=\"wp-block-image size-large\"><img loading=\"lazy\" decoding=\"async\" width=\"1024\" height=\"683\" data-id=\"24514\" src=\"https:\/\/aem.hr\/wp-content\/uploads\/2026\/02\/2026-02-02-13-06-25-Marko-Lopac-1024x683.jpg\" alt=\"\" class=\"wp-image-24514\" srcset=\"https:\/\/aem.hr\/wp-content\/uploads\/2026\/02\/2026-02-02-13-06-25-Marko-Lopac-1024x683.jpg 1024w, https:\/\/aem.hr\/wp-content\/uploads\/2026\/02\/2026-02-02-13-06-25-Marko-Lopac-300x200.jpg 300w, https:\/\/aem.hr\/wp-content\/uploads\/2026\/02\/2026-02-02-13-06-25-Marko-Lopac-768x512.jpg 768w, https:\/\/aem.hr\/wp-content\/uploads\/2026\/02\/2026-02-02-13-06-25-Marko-Lopac-1536x1024.jpg 1536w, https:\/\/aem.hr\/wp-content\/uploads\/2026\/02\/2026-02-02-13-06-25-Marko-Lopac-270x180.jpg 270w, https:\/\/aem.hr\/wp-content\/uploads\/2026\/02\/2026-02-02-13-06-25-Marko-Lopac.jpg 2048w\" sizes=\"auto, (max-width: 1024px) 100vw, 1024px\" \/><figcaption class=\"wp-element-caption\">marko.lopac@gmail.com<\/figcaption><\/figure>\n\n\n\n<figure class=\"wp-block-image size-large\"><img loading=\"lazy\" decoding=\"async\" width=\"1024\" height=\"683\" data-id=\"24524\" src=\"https:\/\/aem.hr\/wp-content\/uploads\/2026\/02\/2026-02-02-13-23-43-Marko-Lopac-1024x683.jpg\" alt=\"\" class=\"wp-image-24524\" srcset=\"https:\/\/aem.hr\/wp-content\/uploads\/2026\/02\/2026-02-02-13-23-43-Marko-Lopac-1024x683.jpg 1024w, https:\/\/aem.hr\/wp-content\/uploads\/2026\/02\/2026-02-02-13-23-43-Marko-Lopac-300x200.jpg 300w, https:\/\/aem.hr\/wp-content\/uploads\/2026\/02\/2026-02-02-13-23-43-Marko-Lopac-768x512.jpg 768w, https:\/\/aem.hr\/wp-content\/uploads\/2026\/02\/2026-02-02-13-23-43-Marko-Lopac-1536x1024.jpg 1536w, https:\/\/aem.hr\/wp-content\/uploads\/2026\/02\/2026-02-02-13-23-43-Marko-Lopac-270x180.jpg 270w, https:\/\/aem.hr\/wp-content\/uploads\/2026\/02\/2026-02-02-13-23-43-Marko-Lopac.jpg 2048w\" sizes=\"auto, (max-width: 1024px) 100vw, 1024px\" \/><figcaption class=\"wp-element-caption\">marko.lopac@gmail.com<\/figcaption><\/figure>\n\n\n\n<figure class=\"wp-block-image size-large\"><img loading=\"lazy\" decoding=\"async\" width=\"1024\" height=\"683\" data-id=\"24521\" src=\"https:\/\/aem.hr\/wp-content\/uploads\/2026\/02\/2026-02-02-13-25-02-Marko-Lopac-1024x683.jpg\" alt=\"\" class=\"wp-image-24521\" srcset=\"https:\/\/aem.hr\/wp-content\/uploads\/2026\/02\/2026-02-02-13-25-02-Marko-Lopac-1024x683.jpg 1024w, https:\/\/aem.hr\/wp-content\/uploads\/2026\/02\/2026-02-02-13-25-02-Marko-Lopac-300x200.jpg 300w, https:\/\/aem.hr\/wp-content\/uploads\/2026\/02\/2026-02-02-13-25-02-Marko-Lopac-768x512.jpg 768w, https:\/\/aem.hr\/wp-content\/uploads\/2026\/02\/2026-02-02-13-25-02-Marko-Lopac-1536x1024.jpg 1536w, https:\/\/aem.hr\/wp-content\/uploads\/2026\/02\/2026-02-02-13-25-02-Marko-Lopac-270x180.jpg 270w, https:\/\/aem.hr\/wp-content\/uploads\/2026\/02\/2026-02-02-13-25-02-Marko-Lopac.jpg 2048w\" sizes=\"auto, (max-width: 1024px) 100vw, 1024px\" \/><figcaption class=\"wp-element-caption\">marko.lopac@gmail.com<\/figcaption><\/figure>\n\n\n\n<figure class=\"wp-block-image size-large\"><img loading=\"lazy\" decoding=\"async\" width=\"1024\" height=\"683\" data-id=\"24531\" src=\"https:\/\/aem.hr\/wp-content\/uploads\/2026\/02\/2026-02-02-13-34-16-Marko-Lopac-1024x683.jpg\" alt=\"\" class=\"wp-image-24531\" srcset=\"https:\/\/aem.hr\/wp-content\/uploads\/2026\/02\/2026-02-02-13-34-16-Marko-Lopac-1024x683.jpg 1024w, https:\/\/aem.hr\/wp-content\/uploads\/2026\/02\/2026-02-02-13-34-16-Marko-Lopac-300x200.jpg 300w, https:\/\/aem.hr\/wp-content\/uploads\/2026\/02\/2026-02-02-13-34-16-Marko-Lopac-768x512.jpg 768w, https:\/\/aem.hr\/wp-content\/uploads\/2026\/02\/2026-02-02-13-34-16-Marko-Lopac-1536x1024.jpg 1536w, https:\/\/aem.hr\/wp-content\/uploads\/2026\/02\/2026-02-02-13-34-16-Marko-Lopac-270x180.jpg 270w, https:\/\/aem.hr\/wp-content\/uploads\/2026\/02\/2026-02-02-13-34-16-Marko-Lopac.jpg 2048w\" sizes=\"auto, (max-width: 1024px) 100vw, 1024px\" \/><figcaption class=\"wp-element-caption\">marko.lopac@gmail.com<\/figcaption><\/figure>\n\n\n\n<figure class=\"wp-block-image size-large\"><img loading=\"lazy\" decoding=\"async\" width=\"1024\" height=\"683\" data-id=\"24518\" src=\"https:\/\/aem.hr\/wp-content\/uploads\/2026\/02\/2026-02-02-12-17-21-Marko-Lopac-2-1-1024x683.jpg\" alt=\"\" class=\"wp-image-24518\" srcset=\"https:\/\/aem.hr\/wp-content\/uploads\/2026\/02\/2026-02-02-12-17-21-Marko-Lopac-2-1-1024x683.jpg 1024w, https:\/\/aem.hr\/wp-content\/uploads\/2026\/02\/2026-02-02-12-17-21-Marko-Lopac-2-1-300x200.jpg 300w, https:\/\/aem.hr\/wp-content\/uploads\/2026\/02\/2026-02-02-12-17-21-Marko-Lopac-2-1-768x512.jpg 768w, https:\/\/aem.hr\/wp-content\/uploads\/2026\/02\/2026-02-02-12-17-21-Marko-Lopac-2-1-1536x1024.jpg 1536w, https:\/\/aem.hr\/wp-content\/uploads\/2026\/02\/2026-02-02-12-17-21-Marko-Lopac-2-1-270x180.jpg 270w, https:\/\/aem.hr\/wp-content\/uploads\/2026\/02\/2026-02-02-12-17-21-Marko-Lopac-2-1.jpg 2048w\" sizes=\"auto, (max-width: 1024px) 100vw, 1024px\" \/><figcaption class=\"wp-element-caption\">marko.lopac@gmail.com<\/figcaption><\/figure>\n<\/figure>\n","protected":false},"excerpt":{"rendered":"<p>U dvorani Predstavni\u0161tva Europske komisije u Hrvatskoj odr\u017eana je konferencija pod nazivom \u201eEuropa i Hrvatska u digitalno doba: sloboda govora i odgovornost medija\u201c. Skup su organizirali Predstavni\u0161tvo Europske komisije u Hrvatskoj, Hrvatska regulatorna agencija za mre\u017ene djelatnosti (HAKOM), Agencija za elektroni\u010dke medije (AEM), Nacionalni koordinacijski odbor za provedbu mjera Akcijskog plana razvoja kulture i medija [&hellip;]<\/p>\n","protected":false},"author":23,"featured_media":24503,"comment_status":"closed","ping_status":"closed","sticky":false,"template":"","format":"standard","meta":{"_acf_changed":false,"inline_featured_image":false,"advgb_blocks_editor_width":"","advgb_blocks_columns_visual_guide":"","_links_to":"","_links_to_type":0,"footnotes":""},"categories":[156,74,5],"tags":[],"class_list":["post-24501","post","type-post","status-publish","format-standard","has-post-thumbnail","hentry","category-nekategorizirano","category-novosti","category-vijesti"],"acf":[],"yoast_head":"<!-- This site is optimized with the Yoast SEO plugin v25.7 - https:\/\/yoast.com\/wordpress\/plugins\/seo\/ -->\n<title>Odr\u017eana konferencija \u201eEuropa i Hrvatska u digitalno doba: sloboda govora i odgovornost medija\u201c - Agencija za elektroni\u010dke medije<\/title>\n<meta name=\"robots\" content=\"index, follow, max-snippet:-1, max-image-preview:large, max-video-preview:-1\" \/>\n<link rel=\"canonical\" href=\"https:\/\/aem.hr\/blog\/2026\/02\/03\/odrzana-konferencija-europa-i-hrvatska-u-digitalno-doba-sloboda-govora-i-odgovornost-medija\/\" \/>\n<meta property=\"og:locale\" content=\"en_US\" \/>\n<meta property=\"og:type\" content=\"article\" \/>\n<meta property=\"og:title\" content=\"Odr\u017eana konferencija \u201eEuropa i Hrvatska u digitalno doba: sloboda govora i odgovornost medija\u201c - Agencija za elektroni\u010dke medije\" \/>\n<meta property=\"og:description\" content=\"U dvorani Predstavni\u0161tva Europske komisije u Hrvatskoj odr\u017eana je konferencija pod nazivom \u201eEuropa i Hrvatska u digitalno doba: sloboda govora i odgovornost medija\u201c. Skup su organizirali Predstavni\u0161tvo Europske komisije u Hrvatskoj, Hrvatska regulatorna agencija za mre\u017ene djelatnosti (HAKOM), Agencija za elektroni\u010dke medije (AEM), Nacionalni koordinacijski odbor za provedbu mjera Akcijskog plana razvoja kulture i medija [&hellip;]\" \/>\n<meta property=\"og:url\" content=\"https:\/\/aem.hr\/blog\/2026\/02\/03\/odrzana-konferencija-europa-i-hrvatska-u-digitalno-doba-sloboda-govora-i-odgovornost-medija\/\" \/>\n<meta property=\"og:site_name\" content=\"Agencija za elektroni\u010dke medije\" \/>\n<meta property=\"article:published_time\" content=\"2026-02-03T15:06:59+00:00\" \/>\n<meta property=\"article:modified_time\" content=\"2026-02-04T10:45:10+00:00\" \/>\n<meta property=\"og:image\" content=\"https:\/\/aem.hr\/wp-content\/uploads\/2026\/02\/rename.jpg\" \/>\n\t<meta property=\"og:image:width\" content=\"2048\" \/>\n\t<meta property=\"og:image:height\" content=\"1365\" \/>\n\t<meta property=\"og:image:type\" content=\"image\/jpeg\" \/>\n<meta name=\"author\" content=\"Sanja Pan\u010di\u0107\" \/>\n<meta name=\"twitter:card\" content=\"summary_large_image\" \/>\n<meta name=\"twitter:label1\" content=\"Written by\" \/>\n\t<meta name=\"twitter:data1\" content=\"Sanja Pan\u010di\u0107\" \/>\n\t<meta name=\"twitter:label2\" content=\"Est. reading time\" \/>\n\t<meta name=\"twitter:data2\" content=\"8 minutes\" \/>\n<script type=\"application\/ld+json\" class=\"yoast-schema-graph\">{\"@context\":\"https:\/\/schema.org\",\"@graph\":[{\"@type\":\"WebPage\",\"@id\":\"https:\/\/aem.hr\/blog\/2026\/02\/03\/odrzana-konferencija-europa-i-hrvatska-u-digitalno-doba-sloboda-govora-i-odgovornost-medija\/\",\"url\":\"https:\/\/aem.hr\/blog\/2026\/02\/03\/odrzana-konferencija-europa-i-hrvatska-u-digitalno-doba-sloboda-govora-i-odgovornost-medija\/\",\"name\":\"Odr\u017eana konferencija \u201eEuropa i Hrvatska u digitalno doba: sloboda govora i odgovornost medija\u201c - Agencija za elektroni\u010dke medije\",\"isPartOf\":{\"@id\":\"https:\/\/aem.hr\/#website\"},\"primaryImageOfPage\":{\"@id\":\"https:\/\/aem.hr\/blog\/2026\/02\/03\/odrzana-konferencija-europa-i-hrvatska-u-digitalno-doba-sloboda-govora-i-odgovornost-medija\/#primaryimage\"},\"image\":{\"@id\":\"https:\/\/aem.hr\/blog\/2026\/02\/03\/odrzana-konferencija-europa-i-hrvatska-u-digitalno-doba-sloboda-govora-i-odgovornost-medija\/#primaryimage\"},\"thumbnailUrl\":\"https:\/\/aem.hr\/wp-content\/uploads\/2026\/02\/rename.jpg\",\"datePublished\":\"2026-02-03T15:06:59+00:00\",\"dateModified\":\"2026-02-04T10:45:10+00:00\",\"author\":{\"@id\":\"https:\/\/aem.hr\/#\/schema\/person\/1983215934e140fd0b2d560d654b5760\"},\"breadcrumb\":{\"@id\":\"https:\/\/aem.hr\/blog\/2026\/02\/03\/odrzana-konferencija-europa-i-hrvatska-u-digitalno-doba-sloboda-govora-i-odgovornost-medija\/#breadcrumb\"},\"inLanguage\":\"en-US\",\"potentialAction\":[{\"@type\":\"ReadAction\",\"target\":[\"https:\/\/aem.hr\/blog\/2026\/02\/03\/odrzana-konferencija-europa-i-hrvatska-u-digitalno-doba-sloboda-govora-i-odgovornost-medija\/\"]}]},{\"@type\":\"ImageObject\",\"inLanguage\":\"en-US\",\"@id\":\"https:\/\/aem.hr\/blog\/2026\/02\/03\/odrzana-konferencija-europa-i-hrvatska-u-digitalno-doba-sloboda-govora-i-odgovornost-medija\/#primaryimage\",\"url\":\"https:\/\/aem.hr\/wp-content\/uploads\/2026\/02\/rename.jpg\",\"contentUrl\":\"https:\/\/aem.hr\/wp-content\/uploads\/2026\/02\/rename.jpg\",\"width\":2048,\"height\":1365,\"caption\":\"marko.lopac@gmail.com\"},{\"@type\":\"BreadcrumbList\",\"@id\":\"https:\/\/aem.hr\/blog\/2026\/02\/03\/odrzana-konferencija-europa-i-hrvatska-u-digitalno-doba-sloboda-govora-i-odgovornost-medija\/#breadcrumb\",\"itemListElement\":[{\"@type\":\"ListItem\",\"position\":1,\"name\":\"Po\u010detna stranica\",\"item\":\"https:\/\/aem.hr\/\"},{\"@type\":\"ListItem\",\"position\":2,\"name\":\"Odr\u017eana konferencija \u201eEuropa i Hrvatska u digitalno doba: sloboda govora i odgovornost medija\u201c\"}]},{\"@type\":\"WebSite\",\"@id\":\"https:\/\/aem.hr\/#website\",\"url\":\"https:\/\/aem.hr\/\",\"name\":\"Agencija za elektroni\u010dke medije\",\"description\":\"\",\"potentialAction\":[{\"@type\":\"SearchAction\",\"target\":{\"@type\":\"EntryPoint\",\"urlTemplate\":\"https:\/\/aem.hr\/?s={search_term_string}\"},\"query-input\":{\"@type\":\"PropertyValueSpecification\",\"valueRequired\":true,\"valueName\":\"search_term_string\"}}],\"inLanguage\":\"en-US\"},{\"@type\":\"Person\",\"@id\":\"https:\/\/aem.hr\/#\/schema\/person\/1983215934e140fd0b2d560d654b5760\",\"name\":\"Sanja Pan\u010di\u0107\",\"url\":\"https:\/\/aem.hr\/en\/blog\/author\/spancic\/\"}]}<\/script>\n<!-- \/ Yoast SEO plugin. -->","yoast_head_json":{"title":"Odr\u017eana konferencija \u201eEuropa i Hrvatska u digitalno doba: sloboda govora i odgovornost medija\u201c - Agencija za elektroni\u010dke medije","robots":{"index":"index","follow":"follow","max-snippet":"max-snippet:-1","max-image-preview":"max-image-preview:large","max-video-preview":"max-video-preview:-1"},"canonical":"https:\/\/aem.hr\/blog\/2026\/02\/03\/odrzana-konferencija-europa-i-hrvatska-u-digitalno-doba-sloboda-govora-i-odgovornost-medija\/","og_locale":"en_US","og_type":"article","og_title":"Odr\u017eana konferencija \u201eEuropa i Hrvatska u digitalno doba: sloboda govora i odgovornost medija\u201c - Agencija za elektroni\u010dke medije","og_description":"U dvorani Predstavni\u0161tva Europske komisije u Hrvatskoj odr\u017eana je konferencija pod nazivom \u201eEuropa i Hrvatska u digitalno doba: sloboda govora i odgovornost medija\u201c. Skup su organizirali Predstavni\u0161tvo Europske komisije u Hrvatskoj, Hrvatska regulatorna agencija za mre\u017ene djelatnosti (HAKOM), Agencija za elektroni\u010dke medije (AEM), Nacionalni koordinacijski odbor za provedbu mjera Akcijskog plana razvoja kulture i medija [&hellip;]","og_url":"https:\/\/aem.hr\/blog\/2026\/02\/03\/odrzana-konferencija-europa-i-hrvatska-u-digitalno-doba-sloboda-govora-i-odgovornost-medija\/","og_site_name":"Agencija za elektroni\u010dke medije","article_published_time":"2026-02-03T15:06:59+00:00","article_modified_time":"2026-02-04T10:45:10+00:00","og_image":[{"width":2048,"height":1365,"url":"https:\/\/aem.hr\/wp-content\/uploads\/2026\/02\/rename.jpg","type":"image\/jpeg"}],"author":"Sanja Pan\u010di\u0107","twitter_card":"summary_large_image","twitter_misc":{"Written by":"Sanja Pan\u010di\u0107","Est. reading time":"8 minutes"},"schema":{"@context":"https:\/\/schema.org","@graph":[{"@type":"WebPage","@id":"https:\/\/aem.hr\/blog\/2026\/02\/03\/odrzana-konferencija-europa-i-hrvatska-u-digitalno-doba-sloboda-govora-i-odgovornost-medija\/","url":"https:\/\/aem.hr\/blog\/2026\/02\/03\/odrzana-konferencija-europa-i-hrvatska-u-digitalno-doba-sloboda-govora-i-odgovornost-medija\/","name":"Odr\u017eana konferencija \u201eEuropa i Hrvatska u digitalno doba: sloboda govora i odgovornost medija\u201c - Agencija za elektroni\u010dke medije","isPartOf":{"@id":"https:\/\/aem.hr\/#website"},"primaryImageOfPage":{"@id":"https:\/\/aem.hr\/blog\/2026\/02\/03\/odrzana-konferencija-europa-i-hrvatska-u-digitalno-doba-sloboda-govora-i-odgovornost-medija\/#primaryimage"},"image":{"@id":"https:\/\/aem.hr\/blog\/2026\/02\/03\/odrzana-konferencija-europa-i-hrvatska-u-digitalno-doba-sloboda-govora-i-odgovornost-medija\/#primaryimage"},"thumbnailUrl":"https:\/\/aem.hr\/wp-content\/uploads\/2026\/02\/rename.jpg","datePublished":"2026-02-03T15:06:59+00:00","dateModified":"2026-02-04T10:45:10+00:00","author":{"@id":"https:\/\/aem.hr\/#\/schema\/person\/1983215934e140fd0b2d560d654b5760"},"breadcrumb":{"@id":"https:\/\/aem.hr\/blog\/2026\/02\/03\/odrzana-konferencija-europa-i-hrvatska-u-digitalno-doba-sloboda-govora-i-odgovornost-medija\/#breadcrumb"},"inLanguage":"en-US","potentialAction":[{"@type":"ReadAction","target":["https:\/\/aem.hr\/blog\/2026\/02\/03\/odrzana-konferencija-europa-i-hrvatska-u-digitalno-doba-sloboda-govora-i-odgovornost-medija\/"]}]},{"@type":"ImageObject","inLanguage":"en-US","@id":"https:\/\/aem.hr\/blog\/2026\/02\/03\/odrzana-konferencija-europa-i-hrvatska-u-digitalno-doba-sloboda-govora-i-odgovornost-medija\/#primaryimage","url":"https:\/\/aem.hr\/wp-content\/uploads\/2026\/02\/rename.jpg","contentUrl":"https:\/\/aem.hr\/wp-content\/uploads\/2026\/02\/rename.jpg","width":2048,"height":1365,"caption":"marko.lopac@gmail.com"},{"@type":"BreadcrumbList","@id":"https:\/\/aem.hr\/blog\/2026\/02\/03\/odrzana-konferencija-europa-i-hrvatska-u-digitalno-doba-sloboda-govora-i-odgovornost-medija\/#breadcrumb","itemListElement":[{"@type":"ListItem","position":1,"name":"Po\u010detna stranica","item":"https:\/\/aem.hr\/"},{"@type":"ListItem","position":2,"name":"Odr\u017eana konferencija \u201eEuropa i Hrvatska u digitalno doba: sloboda govora i odgovornost medija\u201c"}]},{"@type":"WebSite","@id":"https:\/\/aem.hr\/#website","url":"https:\/\/aem.hr\/","name":"Agencija za elektroni\u010dke medije","description":"","potentialAction":[{"@type":"SearchAction","target":{"@type":"EntryPoint","urlTemplate":"https:\/\/aem.hr\/?s={search_term_string}"},"query-input":{"@type":"PropertyValueSpecification","valueRequired":true,"valueName":"search_term_string"}}],"inLanguage":"en-US"},{"@type":"Person","@id":"https:\/\/aem.hr\/#\/schema\/person\/1983215934e140fd0b2d560d654b5760","name":"Sanja Pan\u010di\u0107","url":"https:\/\/aem.hr\/en\/blog\/author\/spancic\/"}]}},"author_meta":{"display_name":"Sanja Pan\u010di\u0107","author_link":"https:\/\/aem.hr\/en\/blog\/author\/spancic\/"},"featured_img":"https:\/\/aem.hr\/wp-content\/uploads\/2026\/02\/rename-300x200.jpg","coauthors":[],"tax_additional":{"categories":{"linked":["<a href=\"https:\/\/aem.hr\/en\/kategorija\/nekategorizirano\/\" class=\"advgb-post-tax-term\">Nekategorizirano<\/a>","<a href=\"https:\/\/aem.hr\/en\/kategorija\/novosti\/\" class=\"advgb-post-tax-term\">Novosti<\/a>","<a href=\"https:\/\/aem.hr\/en\/kategorija\/vijesti\/\" class=\"advgb-post-tax-term\">Vijesti<\/a>"],"unlinked":["<span class=\"advgb-post-tax-term\">Nekategorizirano<\/span>","<span class=\"advgb-post-tax-term\">Novosti<\/span>","<span class=\"advgb-post-tax-term\">Vijesti<\/span>"]}},"comment_count":"0","relative_dates":{"created":"Posted 3 months ago","modified":"Updated 3 months ago"},"absolute_dates":{"created":"Posted on 3. February 2026.","modified":"Updated on 4. February 2026."},"absolute_dates_time":{"created":"Posted on 3. February 2026. 16:06","modified":"Updated on 4. February 2026. 11:45"},"featured_img_caption":"marko.lopac@gmail.com","series_order":"","_links":{"self":[{"href":"https:\/\/aem.hr\/en\/wp-json\/wp\/v2\/posts\/24501","targetHints":{"allow":["GET"]}}],"collection":[{"href":"https:\/\/aem.hr\/en\/wp-json\/wp\/v2\/posts"}],"about":[{"href":"https:\/\/aem.hr\/en\/wp-json\/wp\/v2\/types\/post"}],"author":[{"embeddable":true,"href":"https:\/\/aem.hr\/en\/wp-json\/wp\/v2\/users\/23"}],"replies":[{"embeddable":true,"href":"https:\/\/aem.hr\/en\/wp-json\/wp\/v2\/comments?post=24501"}],"version-history":[{"count":4,"href":"https:\/\/aem.hr\/en\/wp-json\/wp\/v2\/posts\/24501\/revisions"}],"predecessor-version":[{"id":24541,"href":"https:\/\/aem.hr\/en\/wp-json\/wp\/v2\/posts\/24501\/revisions\/24541"}],"wp:featuredmedia":[{"embeddable":true,"href":"https:\/\/aem.hr\/en\/wp-json\/wp\/v2\/media\/24503"}],"wp:attachment":[{"href":"https:\/\/aem.hr\/en\/wp-json\/wp\/v2\/media?parent=24501"}],"wp:term":[{"taxonomy":"category","embeddable":true,"href":"https:\/\/aem.hr\/en\/wp-json\/wp\/v2\/categories?post=24501"},{"taxonomy":"post_tag","embeddable":true,"href":"https:\/\/aem.hr\/en\/wp-json\/wp\/v2\/tags?post=24501"}],"curies":[{"name":"wp","href":"https:\/\/api.w.org\/{rel}","templated":true}]}}