{"id":2597,"date":"2011-06-02T00:00:00","date_gmt":"2011-06-01T22:00:00","guid":{"rendered":"http:\/\/emediji.inspirium.hr\/vijesti\/javni-natjecaj-za-raspodjelu-sredstava-fonda\/"},"modified":"2011-06-02T00:00:00","modified_gmt":"2011-06-01T22:00:00","slug":"javni-natjecaj-za-raspodjelu-sredstava-fonda","status":"publish","type":"post","link":"https:\/\/aem.hr\/en\/blog\/2011\/06\/02\/javni-natjecaj-za-raspodjelu-sredstava-fonda\/","title":{"rendered":"Javni natje\u010daj za raspodjelu sredstava Fonda"},"content":{"rendered":"<p>Na temelju \u010dlanka 6. Pravilnika o na\u010dinu i postupku provedbe Javnog natje\u010daja za sufinanciranje programskih sadr\u017eaja iz sredstava Fonda za poticanje pluralizma i raznovrsnosti elektroni\u010dkih medija, kriterijima za raspodjelu sredstava te na\u010dinu pra\u0107enja tro\u0161enja sredstava i ostvarivanja programskih sadr\u017eaja za koja su dodijeljena (Narodne novine, broj 07\/08 i 11\/08) Vije\u0107e raspisuje JAVNI NATJE\u010cAJ broj 01\/11 za raspodjelu sredstava Fonda za poticanje pluralizma i raznovrsnosti elektroni\u010dkih medija &#8211; televizije i radija<\/p>\n<p><a href=\"http:\/\/aem.hr\/files\/repozitorij\/Fond_2011.pptx\" style=\"color:red\">Prezentacija Fonda za poticanje pluralizma i raznovrsnosti el. medija za 2011 godinu >><\/a><br \/>Napomena: Ako koristite office 2003 ili stariji prezentaciju skinite sa linka ispod.<br \/><a href=\"http:\/\/aem.hr\/files\/repozitorij\/Fond_2011_office_2003_i_nize.ppt\" style=\"color:red\">Prezentacija Fonda za poticanje pluralizma i raznovrsnosti el. medija za 2011 godinu za office 2003 i starije >><\/a><\/p>\n<p><a href=\"\/files\/pluralizam\/Proracun_projekta-male_vrijednosti_528.doc\">Prora\u010dun projekta-male vrijednosti.doc<\/a><\/br><a href=\"\/files\/pluralizam\/Obrazac_za_dostavu_ponude_528.doc\">Obrazac za dostavu ponude.doc<\/a><\/br><a href=\"\/files\/pluralizam\/Proracun_projekta-_velike_vrijednosti_528.doc\">Prora\u010dun projekta- velike vrijednosti.doc<\/a><\/br><a href=\"\/files\/pluralizam\/Obrazac_o_opcim_podacima_528.doc\">Obrazac o op\u0107im podacima.doc<\/a><\/br><a href=\"\/files\/pluralizam\/Izjava_o_primljenim_potporama_s_naputkom_528.doc\">Izjava_o_primljenim_potporama s naputkom.doc<\/a><\/br><a href=\"\/files\/pluralizam\/Javni_natjecaj_528.pdf\">Javni natje\u010daj.pdf<\/a><\/br><a href=\"\/files\/pluralizam\/Ocevidnik_528.pdf\">O\u010devidnik.pdf<\/a><\/p>\n","protected":false},"excerpt":{"rendered":"<p>Na temelju \u010dlanka 6. Pravilnika o na\u010dinu i postupku provedbe Javnog natje\u010daja za sufinanciranje programskih sadr\u017eaja iz sredstava Fonda za poticanje pluralizma i raznovrsnosti elektroni\u010dkih medija, kriterijima za raspodjelu sredstava te na\u010dinu pra\u0107enja tro\u0161enja sredstava i ostvarivanja programskih sadr\u017eaja za koja su dodijeljena (Narodne novine, broj 07\/08 i 11\/08) Vije\u0107e raspisuje JAVNI NATJE\u010cAJ broj 01\/11 [&hellip;]<\/p>\n","protected":false},"author":0,"featured_media":0,"comment_status":"closed","ping_status":"closed","sticky":false,"template":"","format":"standard","meta":{"_acf_changed":false,"inline_featured_image":false,"advgb_blocks_editor_width":"","advgb_blocks_columns_visual_guide":"","_links_to":"","_links_to_type":0,"footnotes":""},"categories":[89],"tags":[],"class_list":["post-2597","post","type-post","status-publish","format-standard","hentry","category-fond-za-pluralizam"],"acf":[],"yoast_head":"<!-- This site is optimized with the Yoast SEO plugin v25.7 - https:\/\/yoast.com\/wordpress\/plugins\/seo\/ -->\n<title>Javni natje\u010daj za raspodjelu sredstava Fonda - Agencija za elektroni\u010dke medije<\/title>\n<meta name=\"robots\" content=\"index, follow, max-snippet:-1, max-image-preview:large, max-video-preview:-1\" \/>\n<link rel=\"canonical\" href=\"https:\/\/aem.hr\/en\/blog\/2011\/06\/02\/javni-natjecaj-za-raspodjelu-sredstava-fonda\/\" \/>\n<meta property=\"og:locale\" content=\"en_US\" \/>\n<meta property=\"og:type\" content=\"article\" \/>\n<meta property=\"og:title\" content=\"Javni natje\u010daj za raspodjelu sredstava Fonda - Agencija za elektroni\u010dke medije\" \/>\n<meta property=\"og:description\" content=\"Na temelju \u010dlanka 6. Pravilnika o na\u010dinu i postupku provedbe Javnog natje\u010daja za sufinanciranje programskih sadr\u017eaja iz sredstava Fonda za poticanje pluralizma i raznovrsnosti elektroni\u010dkih medija, kriterijima za raspodjelu sredstava te na\u010dinu pra\u0107enja tro\u0161enja sredstava i ostvarivanja programskih sadr\u017eaja za koja su dodijeljena (Narodne novine, broj 07\/08 i 11\/08) Vije\u0107e raspisuje JAVNI NATJE\u010cAJ broj 01\/11 [&hellip;]\" \/>\n<meta property=\"og:url\" content=\"https:\/\/aem.hr\/en\/blog\/2011\/06\/02\/javni-natjecaj-za-raspodjelu-sredstava-fonda\/\" \/>\n<meta property=\"og:site_name\" content=\"Agencija za elektroni\u010dke medije\" \/>\n<meta property=\"article:published_time\" content=\"2011-06-01T22:00:00+00:00\" \/>\n<meta name=\"twitter:card\" content=\"summary_large_image\" \/>\n<meta name=\"twitter:label1\" content=\"Est. reading time\" \/>\n\t<meta name=\"twitter:data1\" content=\"1 minute\" \/>\n<script type=\"application\/ld+json\" class=\"yoast-schema-graph\">{\"@context\":\"https:\/\/schema.org\",\"@graph\":[{\"@type\":\"WebPage\",\"@id\":\"https:\/\/aem.hr\/en\/blog\/2011\/06\/02\/javni-natjecaj-za-raspodjelu-sredstava-fonda\/\",\"url\":\"https:\/\/aem.hr\/en\/blog\/2011\/06\/02\/javni-natjecaj-za-raspodjelu-sredstava-fonda\/\",\"name\":\"Javni natje\u010daj za raspodjelu sredstava Fonda - Agencija za elektroni\u010dke medije\",\"isPartOf\":{\"@id\":\"https:\/\/aem.hr\/#website\"},\"datePublished\":\"2011-06-01T22:00:00+00:00\",\"author\":{\"@id\":\"\"},\"breadcrumb\":{\"@id\":\"https:\/\/aem.hr\/en\/blog\/2011\/06\/02\/javni-natjecaj-za-raspodjelu-sredstava-fonda\/#breadcrumb\"},\"inLanguage\":\"en-US\",\"potentialAction\":[{\"@type\":\"ReadAction\",\"target\":[\"https:\/\/aem.hr\/en\/blog\/2011\/06\/02\/javni-natjecaj-za-raspodjelu-sredstava-fonda\/\"]}]},{\"@type\":\"BreadcrumbList\",\"@id\":\"https:\/\/aem.hr\/en\/blog\/2011\/06\/02\/javni-natjecaj-za-raspodjelu-sredstava-fonda\/#breadcrumb\",\"itemListElement\":[{\"@type\":\"ListItem\",\"position\":1,\"name\":\"Po\u010detna stranica\",\"item\":\"https:\/\/aem.hr\/\"},{\"@type\":\"ListItem\",\"position\":2,\"name\":\"Javni natje\u010daj za raspodjelu sredstava Fonda\"}]},{\"@type\":\"WebSite\",\"@id\":\"https:\/\/aem.hr\/#website\",\"url\":\"https:\/\/aem.hr\/\",\"name\":\"Agencija za elektroni\u010dke medije\",\"description\":\"\",\"potentialAction\":[{\"@type\":\"SearchAction\",\"target\":{\"@type\":\"EntryPoint\",\"urlTemplate\":\"https:\/\/aem.hr\/?s={search_term_string}\"},\"query-input\":{\"@type\":\"PropertyValueSpecification\",\"valueRequired\":true,\"valueName\":\"search_term_string\"}}],\"inLanguage\":\"en-US\"}]}<\/script>\n<!-- \/ Yoast SEO plugin. -->","yoast_head_json":{"title":"Javni natje\u010daj za raspodjelu sredstava Fonda - Agencija za elektroni\u010dke medije","robots":{"index":"index","follow":"follow","max-snippet":"max-snippet:-1","max-image-preview":"max-image-preview:large","max-video-preview":"max-video-preview:-1"},"canonical":"https:\/\/aem.hr\/en\/blog\/2011\/06\/02\/javni-natjecaj-za-raspodjelu-sredstava-fonda\/","og_locale":"en_US","og_type":"article","og_title":"Javni natje\u010daj za raspodjelu sredstava Fonda - Agencija za elektroni\u010dke medije","og_description":"Na temelju \u010dlanka 6. Pravilnika o na\u010dinu i postupku provedbe Javnog natje\u010daja za sufinanciranje programskih sadr\u017eaja iz sredstava Fonda za poticanje pluralizma i raznovrsnosti elektroni\u010dkih medija, kriterijima za raspodjelu sredstava te na\u010dinu pra\u0107enja tro\u0161enja sredstava i ostvarivanja programskih sadr\u017eaja za koja su dodijeljena (Narodne novine, broj 07\/08 i 11\/08) Vije\u0107e raspisuje JAVNI NATJE\u010cAJ broj 01\/11 [&hellip;]","og_url":"https:\/\/aem.hr\/en\/blog\/2011\/06\/02\/javni-natjecaj-za-raspodjelu-sredstava-fonda\/","og_site_name":"Agencija za elektroni\u010dke medije","article_published_time":"2011-06-01T22:00:00+00:00","twitter_card":"summary_large_image","twitter_misc":{"Est. reading time":"1 minute"},"schema":{"@context":"https:\/\/schema.org","@graph":[{"@type":"WebPage","@id":"https:\/\/aem.hr\/en\/blog\/2011\/06\/02\/javni-natjecaj-za-raspodjelu-sredstava-fonda\/","url":"https:\/\/aem.hr\/en\/blog\/2011\/06\/02\/javni-natjecaj-za-raspodjelu-sredstava-fonda\/","name":"Javni natje\u010daj za raspodjelu sredstava Fonda - Agencija za elektroni\u010dke medije","isPartOf":{"@id":"https:\/\/aem.hr\/#website"},"datePublished":"2011-06-01T22:00:00+00:00","author":{"@id":""},"breadcrumb":{"@id":"https:\/\/aem.hr\/en\/blog\/2011\/06\/02\/javni-natjecaj-za-raspodjelu-sredstava-fonda\/#breadcrumb"},"inLanguage":"en-US","potentialAction":[{"@type":"ReadAction","target":["https:\/\/aem.hr\/en\/blog\/2011\/06\/02\/javni-natjecaj-za-raspodjelu-sredstava-fonda\/"]}]},{"@type":"BreadcrumbList","@id":"https:\/\/aem.hr\/en\/blog\/2011\/06\/02\/javni-natjecaj-za-raspodjelu-sredstava-fonda\/#breadcrumb","itemListElement":[{"@type":"ListItem","position":1,"name":"Po\u010detna stranica","item":"https:\/\/aem.hr\/"},{"@type":"ListItem","position":2,"name":"Javni natje\u010daj za raspodjelu sredstava Fonda"}]},{"@type":"WebSite","@id":"https:\/\/aem.hr\/#website","url":"https:\/\/aem.hr\/","name":"Agencija za elektroni\u010dke medije","description":"","potentialAction":[{"@type":"SearchAction","target":{"@type":"EntryPoint","urlTemplate":"https:\/\/aem.hr\/?s={search_term_string}"},"query-input":{"@type":"PropertyValueSpecification","valueRequired":true,"valueName":"search_term_string"}}],"inLanguage":"en-US"}]}},"author_meta":{"display_name":"","author_link":"https:\/\/aem.hr\/en\/blog\/author\/"},"featured_img":null,"coauthors":[],"tax_additional":{"categories":{"linked":["<a href=\"https:\/\/aem.hr\/en\/kategorija\/fond-za-pluralizam\/\" class=\"advgb-post-tax-term\">Fond za pluralizam<\/a>"],"unlinked":["<span class=\"advgb-post-tax-term\">Fond za pluralizam<\/span>"]}},"comment_count":"0","relative_dates":{"created":"Posted 15 years ago","modified":"Updated 15 years ago"},"absolute_dates":{"created":"Posted on 2. June 2011.","modified":"Updated on 2. June 2011."},"absolute_dates_time":{"created":"Posted on 2. June 2011. 0:00","modified":"Updated on 2. June 2011. 0:00"},"featured_img_caption":"","series_order":"","_links":{"self":[{"href":"https:\/\/aem.hr\/en\/wp-json\/wp\/v2\/posts\/2597","targetHints":{"allow":["GET"]}}],"collection":[{"href":"https:\/\/aem.hr\/en\/wp-json\/wp\/v2\/posts"}],"about":[{"href":"https:\/\/aem.hr\/en\/wp-json\/wp\/v2\/types\/post"}],"replies":[{"embeddable":true,"href":"https:\/\/aem.hr\/en\/wp-json\/wp\/v2\/comments?post=2597"}],"version-history":[{"count":0,"href":"https:\/\/aem.hr\/en\/wp-json\/wp\/v2\/posts\/2597\/revisions"}],"wp:attachment":[{"href":"https:\/\/aem.hr\/en\/wp-json\/wp\/v2\/media?parent=2597"}],"wp:term":[{"taxonomy":"category","embeddable":true,"href":"https:\/\/aem.hr\/en\/wp-json\/wp\/v2\/categories?post=2597"},{"taxonomy":"post_tag","embeddable":true,"href":"https:\/\/aem.hr\/en\/wp-json\/wp\/v2\/tags?post=2597"}],"curies":[{"name":"wp","href":"https:\/\/api.w.org\/{rel}","templated":true}]}}