{"id":26316,"date":"2026-04-27T08:50:24","date_gmt":"2026-04-27T06:50:24","guid":{"rendered":"https:\/\/aem.hr\/?p=26316"},"modified":"2026-04-27T08:57:56","modified_gmt":"2026-04-27T06:57:56","slug":"o-sveobuhvatnim-pristupima-sigurnosti-novinara-i-kvalitetnom-novinarstvu-na-konferenciji-kampanje-novinari-su-vazni-vijeca-europe-doprinos-raspravi-dala-hrvatska-nacionalna-koordinatorica-kampanje","status":"publish","type":"post","link":"https:\/\/aem.hr\/en\/blog\/2026\/04\/27\/o-sveobuhvatnim-pristupima-sigurnosti-novinara-i-kvalitetnom-novinarstvu-na-konferenciji-kampanje-novinari-su-vazni-vijeca-europe-doprinos-raspravi-dala-hrvatska-nacionalna-koordinatorica-kampanje\/","title":{"rendered":"O sveobuhvatnim pristupima sigurnosti novinara i kvalitetnom novinarstvu na konferenciji kampanje &#8220;Novinari su va\u017eni&#8221; Vije\u0107a Europe doprinos raspravi dala hrvatska nacionalna koordinatorica kampanje"},"content":{"rendered":"\n<p><strong>Ki\u0161injev, Moldavija, 23. i 24. travnja 2026.<\/strong><\/p>\n\n\n\n<p>Glavna tema te ujedno naziv godi\u0161nje konferencije kampanje Vije\u0107a Europe <em>Novinari su va\u017eni <\/em>koja je odr\u017eana u Ki\u0161injevu u Moldaviji bila je &#8220;Obrana istine: Sveobuhvatni pristupi sigurnosti novinara i kvalitetnom novinarstvu&#8221;, a okupila je predstavnike javnih vlasti, me\u0111unarodne medijske i pravne stru\u010dnjake, novinare i branitelje ljudskih prava, koji su raspravljali o tome kako sprije\u010diti prijetnje, pritiske i napade na novinare i slobodu medija, kao i o pobolj\u0161anju sigurnosti novinara i za\u0161titi kvalitetnog novinarstva. Na skupu se govorilo o tome kako sigurnost novinara i kvalitetno novinarstvo poja\u010davaju stupove demokratske otpornosti, kao i o ulozi eti\u010dkog novinarstva u smanjenju ranjivosti na polarizaciju, manipulaciju i nasilje.<\/p>\n\n\n\n<p>Na poziv Glavne uprave za demokraciju i ljudska prava Vije\u0107a Europe na konferenciji te godi\u0161njem sastanku nacionalnih koordinatora kampanje za sigurnost novinara \u201cNovinari su va\u017eni\u201d, sudjelovala je i hrvatska nacionalna koordinatorica te \u010dlanica Vije\u0107a za medije Jasna Vani\u010dek-Fila koja je predstavila inicijative i aktivnosti koje su u sklopu kampanje, ali i Nacionalnog i akcijskog plana za razvoj kulture i medija, provode u Hrvatskoj.<\/p>\n\n\n\n<p>Istaknula je va\u017enost kontinuiranog ja\u010danja provedbe protokola za za\u0161titu sigurnosti novinara prilikom izvje\u0161tavanja s javnih skupova te prilikom saznanja o po\u010dinjenom kaznenom djelu na \u0161tetu novinara, \u0161to zajedni\u010dki provode Ministarstvo unutarnjih poslova i novinarske strukovne udruge, Hrvatsko novinarsko dru\u0161tvo i Sindikat novinara Hrvatske, organiziraju\u0107i edukacije i raspravljaju\u0107i o provedbi tih protokola izravno u medijskim redakcijama.<\/p>\n\n\n\n<p>Va\u017enim korakom naprijed nagla\u0161en je i prijedlog hrvatskog &#8220;anti-SLAPP &#8221; zakona,&nbsp;odnosno prijedlog Zakona o za\u0161titi osoba uklju\u010denih u javno djelovanje, koji je upravo u saborskoj proceduri dono\u0161enja a predvi\u0111a da, kada se utvrdi da je tu\u017eitelj vodio zlonamjerni postupak protiv osoba uklju\u010denih u javno djelovanje, me\u0111u kojima su \u010desto novinari i mediji, sud mu mo\u017ee izre\u0107i i do 20.000 eura kazne<em>.&nbsp;<\/em>Posebna karakteristika zakona su i postupovna jamstva, me\u0111u kojima su osiguranje procijenjenih tro\u0161kova postupka, rano odbijanje tu\u017ebe, naknada tro\u0161kova postupka, nov\u010dane kazne i druge sankcije uz isticanje da \u0107e &#8220;sud uvijek obratiti osobitu pa\u017enju na potrebu hitnog postupanja po postupovnim jamstvima&#8221; za \u0161to \u0107e kontaktna to\u010dka biti Pravosudna akademija.&nbsp;<\/p>\n\n\n\n<p>Hrvatska nacionalna koordinatorica kampanje Vije\u0107a Europe <em>Novinari su va\u017eni,<\/em> Jasna Vani\u010dek- Fila, u svom obra\u0107anju istaknula je tako\u0111er kao prijetnju sigurnosti novinara i nepo\u0161tenu praksu koja se zbiva na velikim digitalnim platformama. &#8220;Naime, svjedoci smo u\u010destale pojave la\u017enih naslovnica novina s posve la\u017enim vijestima, fotografijama generiranima umjetnom inteligencijom s uznemiruju\u0107im la\u017enim sadr\u017eajem koji se objavljuje na dru\u0161tvenim mre\u017eama kao pla\u0107eni oglas i nerijetko ima i vi\u0161e od 400 tisu\u0107a pregleda. Doga\u0111a se to konstantno, a jedan od posljednjih primjera je bila la\u017eno konstruirana naslovnica jednog hrvatskog dnevnog lista na dru\u0161tvenim mre\u017eama s posve izmi\u0161ljenim i uznemiruju\u0107im umjetnom inteligencijom generiranim fotografijama i tekstom o poznatoj novinarki. Znamo da je u cijeloj Europskoj uniji na snazi Uredba o digitalnim uslugama, poznatija kao DSA, koja jasno poru\u010duje &#8211; \u0161to je nezakonito u stvarnom svijetu, nezakonito je i na internetu.&#8221; &#8211; kazala je Vani\u010dek-Fila.&nbsp;<br>Dodala je kako nije lako ukloniti takav sadr\u017eaj, a i kad se ukloni pritu\u017ebama digitalnoj platformi, sadr\u017eaj postane nevidljiv te se postavlja pitanje tko \u0107e za njega odgovarati.<br>Naglasila je kako je to zasigurno ozbiljna prijetnja sigurnosti novinara, medija, odnosno povjerenju u medije, a na kraju i prijetnja svima nama \u010ditateljima i cijelom dru\u0161tvu, jer nam se putem mo\u0107i i velikog dosega nezakonito plasiraju razni posve izmi\u0161ljeni, la\u017eni sadr\u017eaji, koji u prvi mah izgledaju kao pravi. Dionici konferencije slo\u017eili su se kako je to neupitna prijetnja profesionalnom i neovisnom novinarstvu kao jednome od&nbsp;temeljnih stupova demokracije te je u tom kontekstu tako\u0111er istaknuta i va\u017enost intenziviranja edukacija medijske pismenosti na svim razinama dru\u0161tva.&nbsp;<br>&nbsp;<\/p>\n\n\n\n<p>Tijekom konferencije predstavljen je i novi dio kampanje <em>Novinari su va\u017eni,<\/em> uklju\u010divanje mladih. Cilj je anga\u017eirati mlade ljude kao informirane gra\u0111ane u preventivnim naporima. Prvi korak bit \u0107e pokretanje projekta <em>Mladi u suo\u010davanju s diskriminacijom &#8211; za\u0161to su novinari va\u017eni<\/em>, koji \u0107e se provoditi u suradnji s Odjelom za mlade Vije\u0107a Europe u nadolaze\u0107em monega\u0161kom predsjedanju Odborom ministara Vije\u0107a Europe. Inicijativa ima za cilj osna\u017eiti mlade ljude da razumiju i adresiraju poveznice izme\u0111u dezinformacija, sigurnosti novinara, slobode izra\u017eavanja i demokratske otpornosti, a uklju\u010divat \u0107e i poziv za dodjelu bespovratnih sredstava za provedbu projekata za mlade.<\/p>\n\n\n\n<figure class=\"wp-block-gallery has-nested-images columns-default is-cropped wp-block-gallery-1 is-layout-flex wp-block-gallery-is-layout-flex\">\n<figure class=\"wp-block-image size-large\"><a href=\"https:\/\/aem.hr\/wp-content\/uploads\/2026\/04\/3500-2333-max-scaled.jpg\"><img loading=\"lazy\" decoding=\"async\" width=\"1024\" height=\"683\" data-id=\"26320\" src=\"https:\/\/aem.hr\/wp-content\/uploads\/2026\/04\/3500-2333-max-1024x683.jpg\" alt=\"\" class=\"wp-image-26320\" srcset=\"https:\/\/aem.hr\/wp-content\/uploads\/2026\/04\/3500-2333-max-1024x683.jpg 1024w, https:\/\/aem.hr\/wp-content\/uploads\/2026\/04\/3500-2333-max-300x200.jpg 300w, https:\/\/aem.hr\/wp-content\/uploads\/2026\/04\/3500-2333-max-768x512.jpg 768w, https:\/\/aem.hr\/wp-content\/uploads\/2026\/04\/3500-2333-max-1536x1024.jpg 1536w, https:\/\/aem.hr\/wp-content\/uploads\/2026\/04\/3500-2333-max-2048x1365.jpg 2048w, https:\/\/aem.hr\/wp-content\/uploads\/2026\/04\/3500-2333-max-270x180.jpg 270w\" sizes=\"auto, (max-width: 1024px) 100vw, 1024px\" \/><\/a><\/figure>\n\n\n\n<figure data-wp-context=\"{&quot;imageId&quot;:&quot;69ef7a8e71743&quot;}\" data-wp-interactive=\"core\/image\" class=\"wp-block-image size-large wp-lightbox-container\"><img loading=\"lazy\" decoding=\"async\" width=\"1024\" height=\"683\" data-wp-class--hide=\"state.isContentHidden\" data-wp-class--show=\"state.isContentVisible\" data-wp-init=\"callbacks.setButtonStyles\" data-wp-on-async--click=\"actions.showLightbox\" data-wp-on-async--load=\"callbacks.setButtonStyles\" data-wp-on-async-window--resize=\"callbacks.setButtonStyles\" data-id=\"26322\" src=\"https:\/\/aem.hr\/wp-content\/uploads\/2026\/04\/DSC058801-1024x683.jpeg\" alt=\"\" class=\"wp-image-26322\" srcset=\"https:\/\/aem.hr\/wp-content\/uploads\/2026\/04\/DSC058801-1024x683.jpeg 1024w, https:\/\/aem.hr\/wp-content\/uploads\/2026\/04\/DSC058801-300x200.jpeg 300w, https:\/\/aem.hr\/wp-content\/uploads\/2026\/04\/DSC058801-768x512.jpeg 768w, https:\/\/aem.hr\/wp-content\/uploads\/2026\/04\/DSC058801-1536x1024.jpeg 1536w, https:\/\/aem.hr\/wp-content\/uploads\/2026\/04\/DSC058801-2048x1365.jpeg 2048w, https:\/\/aem.hr\/wp-content\/uploads\/2026\/04\/DSC058801-270x180.jpeg 270w\" sizes=\"auto, (max-width: 1024px) 100vw, 1024px\" \/><button\n\t\t\tclass=\"lightbox-trigger\"\n\t\t\ttype=\"button\"\n\t\t\taria-haspopup=\"dialog\"\n\t\t\taria-label=\"Enlarge image\"\n\t\t\tdata-wp-init=\"callbacks.initTriggerButton\"\n\t\t\tdata-wp-on-async--click=\"actions.showLightbox\"\n\t\t\tdata-wp-style--right=\"state.imageButtonRight\"\n\t\t\tdata-wp-style--top=\"state.imageButtonTop\"\n\t\t>\n\t\t\t<svg xmlns=\"http:\/\/www.w3.org\/2000\/svg\" width=\"12\" height=\"12\" fill=\"none\" viewBox=\"0 0 12 12\">\n\t\t\t\t<path fill=\"#fff\" d=\"M2 0a2 2 0 0 0-2 2v2h1.5V2a.5.5 0 0 1 .5-.5h2V0H2Zm2 10.5H2a.5.5 0 0 1-.5-.5V8H0v2a2 2 0 0 0 2 2h2v-1.5ZM8 12v-1.5h2a.5.5 0 0 0 .5-.5V8H12v2a2 2 0 0 1-2 2H8Zm2-12a2 2 0 0 1 2 2v2h-1.5V2a.5.5 0 0 0-.5-.5H8V0h2Z\" \/>\n\t\t\t<\/svg>\n\t\t<\/button><\/figure>\n\n\n\n<figure class=\"wp-block-image size-large\"><a href=\"https:\/\/aem.hr\/wp-content\/uploads\/2026\/04\/DSC05490-scaled.jpeg\"><img loading=\"lazy\" decoding=\"async\" width=\"1024\" height=\"683\" data-id=\"26324\" src=\"https:\/\/aem.hr\/wp-content\/uploads\/2026\/04\/DSC05490-1024x683.jpeg\" alt=\"\" class=\"wp-image-26324\" srcset=\"https:\/\/aem.hr\/wp-content\/uploads\/2026\/04\/DSC05490-1024x683.jpeg 1024w, https:\/\/aem.hr\/wp-content\/uploads\/2026\/04\/DSC05490-300x200.jpeg 300w, https:\/\/aem.hr\/wp-content\/uploads\/2026\/04\/DSC05490-768x512.jpeg 768w, https:\/\/aem.hr\/wp-content\/uploads\/2026\/04\/DSC05490-1536x1024.jpeg 1536w, https:\/\/aem.hr\/wp-content\/uploads\/2026\/04\/DSC05490-2048x1365.jpeg 2048w, https:\/\/aem.hr\/wp-content\/uploads\/2026\/04\/DSC05490-270x180.jpeg 270w\" sizes=\"auto, (max-width: 1024px) 100vw, 1024px\" \/><\/a><\/figure>\n\n\n\n<figure class=\"wp-block-image size-large\"><a href=\"https:\/\/aem.hr\/wp-content\/uploads\/2026\/04\/IMG_9402-scaled.jpeg\"><img loading=\"lazy\" decoding=\"async\" width=\"1024\" height=\"768\" data-id=\"26326\" src=\"https:\/\/aem.hr\/wp-content\/uploads\/2026\/04\/IMG_9402-1024x768.jpeg\" alt=\"\" class=\"wp-image-26326\" srcset=\"https:\/\/aem.hr\/wp-content\/uploads\/2026\/04\/IMG_9402-1024x768.jpeg 1024w, https:\/\/aem.hr\/wp-content\/uploads\/2026\/04\/IMG_9402-300x225.jpeg 300w, https:\/\/aem.hr\/wp-content\/uploads\/2026\/04\/IMG_9402-768x576.jpeg 768w, https:\/\/aem.hr\/wp-content\/uploads\/2026\/04\/IMG_9402-1536x1152.jpeg 1536w, https:\/\/aem.hr\/wp-content\/uploads\/2026\/04\/IMG_9402-2048x1536.jpeg 2048w, https:\/\/aem.hr\/wp-content\/uploads\/2026\/04\/IMG_9402-200x150.jpeg 200w\" sizes=\"auto, (max-width: 1024px) 100vw, 1024px\" \/><\/a><\/figure>\n\n\n\n<figure class=\"wp-block-image size-large\"><a href=\"https:\/\/aem.hr\/wp-content\/uploads\/2026\/04\/IMG_9412.jpg\"><img loading=\"lazy\" decoding=\"async\" width=\"742\" height=\"1024\" data-id=\"26328\" src=\"https:\/\/aem.hr\/wp-content\/uploads\/2026\/04\/IMG_9412-742x1024.jpg\" alt=\"\" class=\"wp-image-26328\" srcset=\"https:\/\/aem.hr\/wp-content\/uploads\/2026\/04\/IMG_9412-742x1024.jpg 742w, https:\/\/aem.hr\/wp-content\/uploads\/2026\/04\/IMG_9412-217x300.jpg 217w, https:\/\/aem.hr\/wp-content\/uploads\/2026\/04\/IMG_9412-768x1060.jpg 768w, https:\/\/aem.hr\/wp-content\/uploads\/2026\/04\/IMG_9412-1113x1536.jpg 1113w, https:\/\/aem.hr\/wp-content\/uploads\/2026\/04\/IMG_9412.jpg 1178w\" sizes=\"auto, (max-width: 742px) 100vw, 742px\" \/><\/a><\/figure>\n<\/figure>\n","protected":false},"excerpt":{"rendered":"<p>Ki\u0161injev, Moldavija, 23. i 24. travnja 2026. Glavna tema te ujedno naziv godi\u0161nje konferencije kampanje Vije\u0107a Europe Novinari su va\u017eni koja je odr\u017eana u Ki\u0161injevu u Moldaviji bila je &#8220;Obrana istine: Sveobuhvatni pristupi sigurnosti novinara i kvalitetnom novinarstvu&#8221;, a okupila je predstavnike javnih vlasti, me\u0111unarodne medijske i pravne stru\u010dnjake, novinare i branitelje ljudskih prava, koji [&hellip;]<\/p>\n","protected":false},"author":18,"featured_media":26317,"comment_status":"closed","ping_status":"closed","sticky":false,"template":"","format":"standard","meta":{"_acf_changed":false,"inline_featured_image":false,"advgb_blocks_editor_width":"","advgb_blocks_columns_visual_guide":"","_links_to":"","_links_to_type":0,"footnotes":""},"categories":[5],"tags":[],"class_list":["post-26316","post","type-post","status-publish","format-standard","has-post-thumbnail","hentry","category-vijesti"],"acf":[],"yoast_head":"<!-- This site is optimized with the Yoast SEO plugin v25.7 - https:\/\/yoast.com\/wordpress\/plugins\/seo\/ -->\n<title>O sveobuhvatnim pristupima sigurnosti novinara i kvalitetnom novinarstvu na konferenciji kampanje &quot;Novinari su va\u017eni&quot; Vije\u0107a Europe doprinos raspravi dala hrvatska nacionalna koordinatorica kampanje - Agencija za elektroni\u010dke medije<\/title>\n<meta name=\"robots\" content=\"index, follow, max-snippet:-1, max-image-preview:large, max-video-preview:-1\" \/>\n<link rel=\"canonical\" href=\"https:\/\/aem.hr\/blog\/2026\/04\/27\/o-sveobuhvatnim-pristupima-sigurnosti-novinara-i-kvalitetnom-novinarstvu-na-konferenciji-kampanje-novinari-su-vazni-vijeca-europe-doprinos-raspravi-dala-hrvatska-nacionalna-koordinatorica-kampanje\/\" \/>\n<meta property=\"og:locale\" content=\"en_US\" \/>\n<meta property=\"og:type\" content=\"article\" \/>\n<meta property=\"og:title\" content=\"O sveobuhvatnim pristupima sigurnosti novinara i kvalitetnom novinarstvu na konferenciji kampanje &quot;Novinari su va\u017eni&quot; Vije\u0107a Europe doprinos raspravi dala hrvatska nacionalna koordinatorica kampanje - Agencija za elektroni\u010dke medije\" \/>\n<meta property=\"og:description\" content=\"Ki\u0161injev, Moldavija, 23. i 24. travnja 2026. Glavna tema te ujedno naziv godi\u0161nje konferencije kampanje Vije\u0107a Europe Novinari su va\u017eni koja je odr\u017eana u Ki\u0161injevu u Moldaviji bila je &#8220;Obrana istine: Sveobuhvatni pristupi sigurnosti novinara i kvalitetnom novinarstvu&#8221;, a okupila je predstavnike javnih vlasti, me\u0111unarodne medijske i pravne stru\u010dnjake, novinare i branitelje ljudskih prava, koji [&hellip;]\" \/>\n<meta property=\"og:url\" content=\"https:\/\/aem.hr\/blog\/2026\/04\/27\/o-sveobuhvatnim-pristupima-sigurnosti-novinara-i-kvalitetnom-novinarstvu-na-konferenciji-kampanje-novinari-su-vazni-vijeca-europe-doprinos-raspravi-dala-hrvatska-nacionalna-koordinatorica-kampanje\/\" \/>\n<meta property=\"og:site_name\" content=\"Agencija za elektroni\u010dke medije\" \/>\n<meta property=\"article:published_time\" content=\"2026-04-27T06:50:24+00:00\" \/>\n<meta property=\"article:modified_time\" content=\"2026-04-27T06:57:56+00:00\" \/>\n<meta property=\"og:image\" content=\"https:\/\/aem.hr\/wp-content\/uploads\/2026\/04\/DSC05378-scaled.jpeg\" \/>\n\t<meta property=\"og:image:width\" content=\"2560\" \/>\n\t<meta property=\"og:image:height\" content=\"1706\" \/>\n\t<meta property=\"og:image:type\" content=\"image\/jpeg\" \/>\n<meta name=\"author\" content=\"Matko Kirac\" \/>\n<meta name=\"twitter:card\" content=\"summary_large_image\" \/>\n<meta name=\"twitter:label1\" content=\"Written by\" \/>\n\t<meta name=\"twitter:data1\" content=\"Matko Kirac\" \/>\n\t<meta name=\"twitter:label2\" content=\"Est. reading time\" \/>\n\t<meta name=\"twitter:data2\" content=\"5 minutes\" \/>\n<script type=\"application\/ld+json\" class=\"yoast-schema-graph\">{\"@context\":\"https:\/\/schema.org\",\"@graph\":[{\"@type\":\"WebPage\",\"@id\":\"https:\/\/aem.hr\/blog\/2026\/04\/27\/o-sveobuhvatnim-pristupima-sigurnosti-novinara-i-kvalitetnom-novinarstvu-na-konferenciji-kampanje-novinari-su-vazni-vijeca-europe-doprinos-raspravi-dala-hrvatska-nacionalna-koordinatorica-kampanje\/\",\"url\":\"https:\/\/aem.hr\/blog\/2026\/04\/27\/o-sveobuhvatnim-pristupima-sigurnosti-novinara-i-kvalitetnom-novinarstvu-na-konferenciji-kampanje-novinari-su-vazni-vijeca-europe-doprinos-raspravi-dala-hrvatska-nacionalna-koordinatorica-kampanje\/\",\"name\":\"O sveobuhvatnim pristupima sigurnosti novinara i kvalitetnom novinarstvu na konferenciji kampanje \\\"Novinari su va\u017eni\\\" Vije\u0107a Europe doprinos raspravi dala hrvatska nacionalna koordinatorica kampanje - Agencija za elektroni\u010dke medije\",\"isPartOf\":{\"@id\":\"https:\/\/aem.hr\/#website\"},\"primaryImageOfPage\":{\"@id\":\"https:\/\/aem.hr\/blog\/2026\/04\/27\/o-sveobuhvatnim-pristupima-sigurnosti-novinara-i-kvalitetnom-novinarstvu-na-konferenciji-kampanje-novinari-su-vazni-vijeca-europe-doprinos-raspravi-dala-hrvatska-nacionalna-koordinatorica-kampanje\/#primaryimage\"},\"image\":{\"@id\":\"https:\/\/aem.hr\/blog\/2026\/04\/27\/o-sveobuhvatnim-pristupima-sigurnosti-novinara-i-kvalitetnom-novinarstvu-na-konferenciji-kampanje-novinari-su-vazni-vijeca-europe-doprinos-raspravi-dala-hrvatska-nacionalna-koordinatorica-kampanje\/#primaryimage\"},\"thumbnailUrl\":\"https:\/\/aem.hr\/wp-content\/uploads\/2026\/04\/DSC05378-scaled.jpeg\",\"datePublished\":\"2026-04-27T06:50:24+00:00\",\"dateModified\":\"2026-04-27T06:57:56+00:00\",\"author\":{\"@id\":\"https:\/\/aem.hr\/#\/schema\/person\/c100d12574f2ef4fe03266d61bfc55e1\"},\"breadcrumb\":{\"@id\":\"https:\/\/aem.hr\/blog\/2026\/04\/27\/o-sveobuhvatnim-pristupima-sigurnosti-novinara-i-kvalitetnom-novinarstvu-na-konferenciji-kampanje-novinari-su-vazni-vijeca-europe-doprinos-raspravi-dala-hrvatska-nacionalna-koordinatorica-kampanje\/#breadcrumb\"},\"inLanguage\":\"en-US\",\"potentialAction\":[{\"@type\":\"ReadAction\",\"target\":[\"https:\/\/aem.hr\/blog\/2026\/04\/27\/o-sveobuhvatnim-pristupima-sigurnosti-novinara-i-kvalitetnom-novinarstvu-na-konferenciji-kampanje-novinari-su-vazni-vijeca-europe-doprinos-raspravi-dala-hrvatska-nacionalna-koordinatorica-kampanje\/\"]}]},{\"@type\":\"ImageObject\",\"inLanguage\":\"en-US\",\"@id\":\"https:\/\/aem.hr\/blog\/2026\/04\/27\/o-sveobuhvatnim-pristupima-sigurnosti-novinara-i-kvalitetnom-novinarstvu-na-konferenciji-kampanje-novinari-su-vazni-vijeca-europe-doprinos-raspravi-dala-hrvatska-nacionalna-koordinatorica-kampanje\/#primaryimage\",\"url\":\"https:\/\/aem.hr\/wp-content\/uploads\/2026\/04\/DSC05378-scaled.jpeg\",\"contentUrl\":\"https:\/\/aem.hr\/wp-content\/uploads\/2026\/04\/DSC05378-scaled.jpeg\",\"width\":2560,\"height\":1706},{\"@type\":\"BreadcrumbList\",\"@id\":\"https:\/\/aem.hr\/blog\/2026\/04\/27\/o-sveobuhvatnim-pristupima-sigurnosti-novinara-i-kvalitetnom-novinarstvu-na-konferenciji-kampanje-novinari-su-vazni-vijeca-europe-doprinos-raspravi-dala-hrvatska-nacionalna-koordinatorica-kampanje\/#breadcrumb\",\"itemListElement\":[{\"@type\":\"ListItem\",\"position\":1,\"name\":\"Po\u010detna stranica\",\"item\":\"https:\/\/aem.hr\/\"},{\"@type\":\"ListItem\",\"position\":2,\"name\":\"O sveobuhvatnim pristupima sigurnosti novinara i kvalitetnom novinarstvu na konferenciji kampanje &#8220;Novinari su va\u017eni&#8221; Vije\u0107a Europe doprinos raspravi dala hrvatska nacionalna koordinatorica kampanje\"}]},{\"@type\":\"WebSite\",\"@id\":\"https:\/\/aem.hr\/#website\",\"url\":\"https:\/\/aem.hr\/\",\"name\":\"Agencija za elektroni\u010dke medije\",\"description\":\"\",\"potentialAction\":[{\"@type\":\"SearchAction\",\"target\":{\"@type\":\"EntryPoint\",\"urlTemplate\":\"https:\/\/aem.hr\/?s={search_term_string}\"},\"query-input\":{\"@type\":\"PropertyValueSpecification\",\"valueRequired\":true,\"valueName\":\"search_term_string\"}}],\"inLanguage\":\"en-US\"},{\"@type\":\"Person\",\"@id\":\"https:\/\/aem.hr\/#\/schema\/person\/c100d12574f2ef4fe03266d61bfc55e1\",\"name\":\"Matko Kirac\",\"url\":\"https:\/\/aem.hr\/en\/blog\/author\/mkirac\/\"}]}<\/script>\n<!-- \/ Yoast SEO plugin. -->","yoast_head_json":{"title":"O sveobuhvatnim pristupima sigurnosti novinara i kvalitetnom novinarstvu na konferenciji kampanje \"Novinari su va\u017eni\" Vije\u0107a Europe doprinos raspravi dala hrvatska nacionalna koordinatorica kampanje - Agencija za elektroni\u010dke medije","robots":{"index":"index","follow":"follow","max-snippet":"max-snippet:-1","max-image-preview":"max-image-preview:large","max-video-preview":"max-video-preview:-1"},"canonical":"https:\/\/aem.hr\/blog\/2026\/04\/27\/o-sveobuhvatnim-pristupima-sigurnosti-novinara-i-kvalitetnom-novinarstvu-na-konferenciji-kampanje-novinari-su-vazni-vijeca-europe-doprinos-raspravi-dala-hrvatska-nacionalna-koordinatorica-kampanje\/","og_locale":"en_US","og_type":"article","og_title":"O sveobuhvatnim pristupima sigurnosti novinara i kvalitetnom novinarstvu na konferenciji kampanje \"Novinari su va\u017eni\" Vije\u0107a Europe doprinos raspravi dala hrvatska nacionalna koordinatorica kampanje - Agencija za elektroni\u010dke medije","og_description":"Ki\u0161injev, Moldavija, 23. i 24. travnja 2026. Glavna tema te ujedno naziv godi\u0161nje konferencije kampanje Vije\u0107a Europe Novinari su va\u017eni koja je odr\u017eana u Ki\u0161injevu u Moldaviji bila je &#8220;Obrana istine: Sveobuhvatni pristupi sigurnosti novinara i kvalitetnom novinarstvu&#8221;, a okupila je predstavnike javnih vlasti, me\u0111unarodne medijske i pravne stru\u010dnjake, novinare i branitelje ljudskih prava, koji [&hellip;]","og_url":"https:\/\/aem.hr\/blog\/2026\/04\/27\/o-sveobuhvatnim-pristupima-sigurnosti-novinara-i-kvalitetnom-novinarstvu-na-konferenciji-kampanje-novinari-su-vazni-vijeca-europe-doprinos-raspravi-dala-hrvatska-nacionalna-koordinatorica-kampanje\/","og_site_name":"Agencija za elektroni\u010dke medije","article_published_time":"2026-04-27T06:50:24+00:00","article_modified_time":"2026-04-27T06:57:56+00:00","og_image":[{"width":2560,"height":1706,"url":"https:\/\/aem.hr\/wp-content\/uploads\/2026\/04\/DSC05378-scaled.jpeg","type":"image\/jpeg"}],"author":"Matko Kirac","twitter_card":"summary_large_image","twitter_misc":{"Written by":"Matko Kirac","Est. reading time":"5 minutes"},"schema":{"@context":"https:\/\/schema.org","@graph":[{"@type":"WebPage","@id":"https:\/\/aem.hr\/blog\/2026\/04\/27\/o-sveobuhvatnim-pristupima-sigurnosti-novinara-i-kvalitetnom-novinarstvu-na-konferenciji-kampanje-novinari-su-vazni-vijeca-europe-doprinos-raspravi-dala-hrvatska-nacionalna-koordinatorica-kampanje\/","url":"https:\/\/aem.hr\/blog\/2026\/04\/27\/o-sveobuhvatnim-pristupima-sigurnosti-novinara-i-kvalitetnom-novinarstvu-na-konferenciji-kampanje-novinari-su-vazni-vijeca-europe-doprinos-raspravi-dala-hrvatska-nacionalna-koordinatorica-kampanje\/","name":"O sveobuhvatnim pristupima sigurnosti novinara i kvalitetnom novinarstvu na konferenciji kampanje \"Novinari su va\u017eni\" Vije\u0107a Europe doprinos raspravi dala hrvatska nacionalna koordinatorica kampanje - Agencija za elektroni\u010dke medije","isPartOf":{"@id":"https:\/\/aem.hr\/#website"},"primaryImageOfPage":{"@id":"https:\/\/aem.hr\/blog\/2026\/04\/27\/o-sveobuhvatnim-pristupima-sigurnosti-novinara-i-kvalitetnom-novinarstvu-na-konferenciji-kampanje-novinari-su-vazni-vijeca-europe-doprinos-raspravi-dala-hrvatska-nacionalna-koordinatorica-kampanje\/#primaryimage"},"image":{"@id":"https:\/\/aem.hr\/blog\/2026\/04\/27\/o-sveobuhvatnim-pristupima-sigurnosti-novinara-i-kvalitetnom-novinarstvu-na-konferenciji-kampanje-novinari-su-vazni-vijeca-europe-doprinos-raspravi-dala-hrvatska-nacionalna-koordinatorica-kampanje\/#primaryimage"},"thumbnailUrl":"https:\/\/aem.hr\/wp-content\/uploads\/2026\/04\/DSC05378-scaled.jpeg","datePublished":"2026-04-27T06:50:24+00:00","dateModified":"2026-04-27T06:57:56+00:00","author":{"@id":"https:\/\/aem.hr\/#\/schema\/person\/c100d12574f2ef4fe03266d61bfc55e1"},"breadcrumb":{"@id":"https:\/\/aem.hr\/blog\/2026\/04\/27\/o-sveobuhvatnim-pristupima-sigurnosti-novinara-i-kvalitetnom-novinarstvu-na-konferenciji-kampanje-novinari-su-vazni-vijeca-europe-doprinos-raspravi-dala-hrvatska-nacionalna-koordinatorica-kampanje\/#breadcrumb"},"inLanguage":"en-US","potentialAction":[{"@type":"ReadAction","target":["https:\/\/aem.hr\/blog\/2026\/04\/27\/o-sveobuhvatnim-pristupima-sigurnosti-novinara-i-kvalitetnom-novinarstvu-na-konferenciji-kampanje-novinari-su-vazni-vijeca-europe-doprinos-raspravi-dala-hrvatska-nacionalna-koordinatorica-kampanje\/"]}]},{"@type":"ImageObject","inLanguage":"en-US","@id":"https:\/\/aem.hr\/blog\/2026\/04\/27\/o-sveobuhvatnim-pristupima-sigurnosti-novinara-i-kvalitetnom-novinarstvu-na-konferenciji-kampanje-novinari-su-vazni-vijeca-europe-doprinos-raspravi-dala-hrvatska-nacionalna-koordinatorica-kampanje\/#primaryimage","url":"https:\/\/aem.hr\/wp-content\/uploads\/2026\/04\/DSC05378-scaled.jpeg","contentUrl":"https:\/\/aem.hr\/wp-content\/uploads\/2026\/04\/DSC05378-scaled.jpeg","width":2560,"height":1706},{"@type":"BreadcrumbList","@id":"https:\/\/aem.hr\/blog\/2026\/04\/27\/o-sveobuhvatnim-pristupima-sigurnosti-novinara-i-kvalitetnom-novinarstvu-na-konferenciji-kampanje-novinari-su-vazni-vijeca-europe-doprinos-raspravi-dala-hrvatska-nacionalna-koordinatorica-kampanje\/#breadcrumb","itemListElement":[{"@type":"ListItem","position":1,"name":"Po\u010detna stranica","item":"https:\/\/aem.hr\/"},{"@type":"ListItem","position":2,"name":"O sveobuhvatnim pristupima sigurnosti novinara i kvalitetnom novinarstvu na konferenciji kampanje &#8220;Novinari su va\u017eni&#8221; Vije\u0107a Europe doprinos raspravi dala hrvatska nacionalna koordinatorica kampanje"}]},{"@type":"WebSite","@id":"https:\/\/aem.hr\/#website","url":"https:\/\/aem.hr\/","name":"Agencija za elektroni\u010dke medije","description":"","potentialAction":[{"@type":"SearchAction","target":{"@type":"EntryPoint","urlTemplate":"https:\/\/aem.hr\/?s={search_term_string}"},"query-input":{"@type":"PropertyValueSpecification","valueRequired":true,"valueName":"search_term_string"}}],"inLanguage":"en-US"},{"@type":"Person","@id":"https:\/\/aem.hr\/#\/schema\/person\/c100d12574f2ef4fe03266d61bfc55e1","name":"Matko Kirac","url":"https:\/\/aem.hr\/en\/blog\/author\/mkirac\/"}]}},"author_meta":{"display_name":"Matko Kirac","author_link":"https:\/\/aem.hr\/en\/blog\/author\/mkirac\/"},"featured_img":"https:\/\/aem.hr\/wp-content\/uploads\/2026\/04\/DSC05378-300x200.jpeg","coauthors":[],"tax_additional":{"categories":{"linked":["<a href=\"https:\/\/aem.hr\/en\/kategorija\/vijesti\/\" class=\"advgb-post-tax-term\">Vijesti<\/a>"],"unlinked":["<span class=\"advgb-post-tax-term\">Vijesti<\/span>"]}},"comment_count":"0","relative_dates":{"created":"Posted 6 hours ago","modified":"Updated 6 hours ago"},"absolute_dates":{"created":"Posted on 27. April 2026.","modified":"Updated on 27. April 2026."},"absolute_dates_time":{"created":"Posted on 27. April 2026. 8:50","modified":"Updated on 27. April 2026. 8:57"},"featured_img_caption":"","series_order":"","_links":{"self":[{"href":"https:\/\/aem.hr\/en\/wp-json\/wp\/v2\/posts\/26316","targetHints":{"allow":["GET"]}}],"collection":[{"href":"https:\/\/aem.hr\/en\/wp-json\/wp\/v2\/posts"}],"about":[{"href":"https:\/\/aem.hr\/en\/wp-json\/wp\/v2\/types\/post"}],"author":[{"embeddable":true,"href":"https:\/\/aem.hr\/en\/wp-json\/wp\/v2\/users\/18"}],"replies":[{"embeddable":true,"href":"https:\/\/aem.hr\/en\/wp-json\/wp\/v2\/comments?post=26316"}],"version-history":[{"count":3,"href":"https:\/\/aem.hr\/en\/wp-json\/wp\/v2\/posts\/26316\/revisions"}],"predecessor-version":[{"id":26332,"href":"https:\/\/aem.hr\/en\/wp-json\/wp\/v2\/posts\/26316\/revisions\/26332"}],"wp:featuredmedia":[{"embeddable":true,"href":"https:\/\/aem.hr\/en\/wp-json\/wp\/v2\/media\/26317"}],"wp:attachment":[{"href":"https:\/\/aem.hr\/en\/wp-json\/wp\/v2\/media?parent=26316"}],"wp:term":[{"taxonomy":"category","embeddable":true,"href":"https:\/\/aem.hr\/en\/wp-json\/wp\/v2\/categories?post=26316"},{"taxonomy":"post_tag","embeddable":true,"href":"https:\/\/aem.hr\/en\/wp-json\/wp\/v2\/tags?post=26316"}],"curies":[{"name":"wp","href":"https:\/\/api.w.org\/{rel}","templated":true}]}}