{"id":3099,"date":"2014-09-11T12:18:00","date_gmt":"2014-09-11T10:18:00","guid":{"rendered":"http:\/\/emediji.inspirium.hr\/vijesti\/javni-natjecaj-br-06-14-za-raspodjelu-sredstava-fonda-za-poticanje-pluralizma-i-raznovrsnosti-elektronickih-medija-neprofitni-pruzatelji-medijskih-usluga\/"},"modified":"2014-09-11T12:18:00","modified_gmt":"2014-09-11T10:18:00","slug":"javni-natjecaj-br-06-14-za-raspodjelu-sredstava-fonda-za-poticanje-pluralizma-i-raznovrsnosti-elektronickih-medija-neprofitni-pruzatelji-medijskih-usluga","status":"publish","type":"post","link":"https:\/\/aem.hr\/en\/blog\/2014\/09\/11\/javni-natjecaj-br-06-14-za-raspodjelu-sredstava-fonda-za-poticanje-pluralizma-i-raznovrsnosti-elektronickih-medija-neprofitni-pruzatelji-medijskih-usluga\/","title":{"rendered":"Javni natje\u010daj br. 06\/14  za raspodjelu sredstava Fonda za poticanje pluralizma i raznovrsnosti elektroni\u010dkih medija \u2013 neprofitni pru\u017eatelji medijskih usluga"},"content":{"rendered":"<p>\n  U <a href=\n  \"http:\/\/narodne-novine.nn.hr\/clanci\/oglasi\/2646645.html\">Narodnim<br \/>\n  novinama broj 108&nbsp;od 10. rujna 2014.<br \/>\n  godine<\/a>&nbsp;objavljen je Javni natje\u010daj broj 06\/14 za<br \/>\n  raspodjelu sredstava Fonda za poticanje pluralizma i<br \/>\n  raznovrsnosti elektroni\u010dkih medija \u2013 neprofitni pru\u017eatelji<br \/>\n  medijskih usluga &#8211; televizije i radija iz \u010dlanka 19. i 79. ZEM-a,<br \/>\n  neprofitni pru\u017eatelji elektroni\u010dkih publikacija i neprofitni<br \/>\n  proizvo\u0111a\u010di audiovizualnog i radijskog programa.\n<\/p>\n<p>\n  <strong>Rok za dostavu ponuda na Javni natje\u010daj je 10. listopada<br \/>\n  2014. godine.<\/strong>\n<\/p>\n<p>\n  <strong><strong>Prijave se podnose putem&nbsp;<a href=\n  \"https:\/\/pmu.e-mediji.hr\/\">WEB<br \/>\n  aplikacije<\/a><\/strong><span>.<\/span><\/strong> Podatke koje \u0107ete<br \/>\n  biti du\u017eni unijeti u aplikaciju mo\u017eete pogledati u oglednom<br \/>\n  primjerku Obrasca za prijavu koji je istovjetan aplikaciji.\n<\/p>\n<p>\n  <span>Ukoliko nemate korisni\u010dko ime i lozinku koje su potrebne za<br \/>\n  pristup WEB aplikaciji potrebno je na e-mail<br \/>\n  adresu<\/span><span>&nbsp;<\/span><a href=\n  \"mailto:pmu@e-mediji.hr\">pmu@e-mediji.hr<\/a><span>&nbsp;<\/span><span>poslati<br \/>\n  zahtjev za dostavom korisni\u010dkog imena i lozinke.<\/span>\n<\/p>\n<p>\n  <span><a href=\"\/repository_files\/file\/438\/\">Tekst Javnog<br \/>\n  natje\u010daja<\/a><a href=\n  \"\/repository_files\/file\/295\/\"><br \/><\/a><a href=\n  \"\/repository_files\/file\/296\/\">Obrazac za prijavu \u2013 ogledni<br \/>\n  primjerak<\/a><a href=\n  \"\/repository_files\/file\/294\/\"><br \/><\/a><a href=\n  \"\/repository_files\/file\/297\/\">Izjava o primljenim<br \/>\n  potporama&nbsp;<\/a><a href=\n  \"\/repository_files\/file\/298\/\"><br \/><\/a><a href=\n  \"\/repository_files\/file\/437\/\">Izjava o kaznenoj<br \/>\n  odgovornosti&nbsp;<\/a><\/span><\/p>\n","protected":false},"excerpt":{"rendered":"<p>U Narodnim novinama broj 108&nbsp;od 10. rujna 2014. godine&nbsp;objavljen je Javni natje\u010daj broj 06\/14 za raspodjelu sredstava Fonda za poticanje pluralizma i raznovrsnosti elektroni\u010dkih medija \u2013 neprofitni pru\u017eatelji medijskih usluga &#8211; televizije i radija iz \u010dlanka 19. i 79. ZEM-a, neprofitni pru\u017eatelji elektroni\u010dkih publikacija i neprofitni proizvo\u0111a\u010di audiovizualnog i radijskog programa. Rok za dostavu ponuda [&hellip;]<\/p>\n","protected":false},"author":14,"featured_media":0,"comment_status":"closed","ping_status":"closed","sticky":false,"template":"","format":"standard","meta":{"_acf_changed":false,"inline_featured_image":false,"advgb_blocks_editor_width":"","advgb_blocks_columns_visual_guide":"","_links_to":"","_links_to_type":0,"footnotes":""},"categories":[89],"tags":[],"class_list":["post-3099","post","type-post","status-publish","format-standard","hentry","category-fond-za-pluralizam"],"acf":[],"yoast_head":"<!-- This site is optimized with the Yoast SEO plugin v25.7 - https:\/\/yoast.com\/wordpress\/plugins\/seo\/ -->\n<title>Javni natje\u010daj br. 06\/14 za raspodjelu sredstava Fonda za poticanje pluralizma i raznovrsnosti elektroni\u010dkih medija \u2013 neprofitni pru\u017eatelji medijskih usluga - Agencija za elektroni\u010dke medije<\/title>\n<meta name=\"robots\" content=\"index, follow, max-snippet:-1, max-image-preview:large, max-video-preview:-1\" \/>\n<link rel=\"canonical\" href=\"https:\/\/aem.hr\/en\/blog\/2014\/09\/11\/javni-natjecaj-br-06-14-za-raspodjelu-sredstava-fonda-za-poticanje-pluralizma-i-raznovrsnosti-elektronickih-medija-neprofitni-pruzatelji-medijskih-usluga\/\" \/>\n<meta property=\"og:locale\" content=\"en_US\" \/>\n<meta property=\"og:type\" content=\"article\" \/>\n<meta property=\"og:title\" content=\"Javni natje\u010daj br. 06\/14 za raspodjelu sredstava Fonda za poticanje pluralizma i raznovrsnosti elektroni\u010dkih medija \u2013 neprofitni pru\u017eatelji medijskih usluga - Agencija za elektroni\u010dke medije\" \/>\n<meta property=\"og:description\" content=\"U Narodnim novinama broj 108&nbsp;od 10. rujna 2014. godine&nbsp;objavljen je Javni natje\u010daj broj 06\/14 za raspodjelu sredstava Fonda za poticanje pluralizma i raznovrsnosti elektroni\u010dkih medija \u2013 neprofitni pru\u017eatelji medijskih usluga &#8211; televizije i radija iz \u010dlanka 19. i 79. ZEM-a, neprofitni pru\u017eatelji elektroni\u010dkih publikacija i neprofitni proizvo\u0111a\u010di audiovizualnog i radijskog programa. Rok za dostavu ponuda [&hellip;]\" \/>\n<meta property=\"og:url\" content=\"https:\/\/aem.hr\/en\/blog\/2014\/09\/11\/javni-natjecaj-br-06-14-za-raspodjelu-sredstava-fonda-za-poticanje-pluralizma-i-raznovrsnosti-elektronickih-medija-neprofitni-pruzatelji-medijskih-usluga\/\" \/>\n<meta property=\"og:site_name\" content=\"Agencija za elektroni\u010dke medije\" \/>\n<meta property=\"article:published_time\" content=\"2014-09-11T10:18:00+00:00\" \/>\n<meta name=\"author\" content=\"Anja Jelavi\u0107\" \/>\n<meta name=\"twitter:card\" content=\"summary_large_image\" \/>\n<meta name=\"twitter:label1\" content=\"Written by\" \/>\n\t<meta name=\"twitter:data1\" content=\"Anja Jelavi\u0107\" \/>\n\t<meta name=\"twitter:label2\" content=\"Est. reading time\" \/>\n\t<meta name=\"twitter:data2\" content=\"1 minute\" \/>\n<script type=\"application\/ld+json\" class=\"yoast-schema-graph\">{\"@context\":\"https:\/\/schema.org\",\"@graph\":[{\"@type\":\"WebPage\",\"@id\":\"https:\/\/aem.hr\/en\/blog\/2014\/09\/11\/javni-natjecaj-br-06-14-za-raspodjelu-sredstava-fonda-za-poticanje-pluralizma-i-raznovrsnosti-elektronickih-medija-neprofitni-pruzatelji-medijskih-usluga\/\",\"url\":\"https:\/\/aem.hr\/en\/blog\/2014\/09\/11\/javni-natjecaj-br-06-14-za-raspodjelu-sredstava-fonda-za-poticanje-pluralizma-i-raznovrsnosti-elektronickih-medija-neprofitni-pruzatelji-medijskih-usluga\/\",\"name\":\"Javni natje\u010daj br. 06\/14 za raspodjelu sredstava Fonda za poticanje pluralizma i raznovrsnosti elektroni\u010dkih medija \u2013 neprofitni pru\u017eatelji medijskih usluga - Agencija za elektroni\u010dke medije\",\"isPartOf\":{\"@id\":\"https:\/\/aem.hr\/#website\"},\"datePublished\":\"2014-09-11T10:18:00+00:00\",\"author\":{\"@id\":\"https:\/\/aem.hr\/#\/schema\/person\/9d98c57f166abae7ba353f829ee5ed93\"},\"breadcrumb\":{\"@id\":\"https:\/\/aem.hr\/en\/blog\/2014\/09\/11\/javni-natjecaj-br-06-14-za-raspodjelu-sredstava-fonda-za-poticanje-pluralizma-i-raznovrsnosti-elektronickih-medija-neprofitni-pruzatelji-medijskih-usluga\/#breadcrumb\"},\"inLanguage\":\"en-US\",\"potentialAction\":[{\"@type\":\"ReadAction\",\"target\":[\"https:\/\/aem.hr\/en\/blog\/2014\/09\/11\/javni-natjecaj-br-06-14-za-raspodjelu-sredstava-fonda-za-poticanje-pluralizma-i-raznovrsnosti-elektronickih-medija-neprofitni-pruzatelji-medijskih-usluga\/\"]}]},{\"@type\":\"BreadcrumbList\",\"@id\":\"https:\/\/aem.hr\/en\/blog\/2014\/09\/11\/javni-natjecaj-br-06-14-za-raspodjelu-sredstava-fonda-za-poticanje-pluralizma-i-raznovrsnosti-elektronickih-medija-neprofitni-pruzatelji-medijskih-usluga\/#breadcrumb\",\"itemListElement\":[{\"@type\":\"ListItem\",\"position\":1,\"name\":\"Po\u010detna stranica\",\"item\":\"https:\/\/aem.hr\/\"},{\"@type\":\"ListItem\",\"position\":2,\"name\":\"Javni natje\u010daj br. 06\/14 za raspodjelu sredstava Fonda za poticanje pluralizma i raznovrsnosti elektroni\u010dkih medija \u2013 neprofitni pru\u017eatelji medijskih usluga\"}]},{\"@type\":\"WebSite\",\"@id\":\"https:\/\/aem.hr\/#website\",\"url\":\"https:\/\/aem.hr\/\",\"name\":\"Agencija za elektroni\u010dke medije\",\"description\":\"\",\"potentialAction\":[{\"@type\":\"SearchAction\",\"target\":{\"@type\":\"EntryPoint\",\"urlTemplate\":\"https:\/\/aem.hr\/?s={search_term_string}\"},\"query-input\":{\"@type\":\"PropertyValueSpecification\",\"valueRequired\":true,\"valueName\":\"search_term_string\"}}],\"inLanguage\":\"en-US\"},{\"@type\":\"Person\",\"@id\":\"https:\/\/aem.hr\/#\/schema\/person\/9d98c57f166abae7ba353f829ee5ed93\",\"name\":\"Anja Jelavi\u0107\",\"url\":\"https:\/\/aem.hr\/en\/blog\/author\/ajelavic\/\"}]}<\/script>\n<!-- \/ Yoast SEO plugin. -->","yoast_head_json":{"title":"Javni natje\u010daj br. 06\/14 za raspodjelu sredstava Fonda za poticanje pluralizma i raznovrsnosti elektroni\u010dkih medija \u2013 neprofitni pru\u017eatelji medijskih usluga - Agencija za elektroni\u010dke medije","robots":{"index":"index","follow":"follow","max-snippet":"max-snippet:-1","max-image-preview":"max-image-preview:large","max-video-preview":"max-video-preview:-1"},"canonical":"https:\/\/aem.hr\/en\/blog\/2014\/09\/11\/javni-natjecaj-br-06-14-za-raspodjelu-sredstava-fonda-za-poticanje-pluralizma-i-raznovrsnosti-elektronickih-medija-neprofitni-pruzatelji-medijskih-usluga\/","og_locale":"en_US","og_type":"article","og_title":"Javni natje\u010daj br. 06\/14 za raspodjelu sredstava Fonda za poticanje pluralizma i raznovrsnosti elektroni\u010dkih medija \u2013 neprofitni pru\u017eatelji medijskih usluga - Agencija za elektroni\u010dke medije","og_description":"U Narodnim novinama broj 108&nbsp;od 10. rujna 2014. godine&nbsp;objavljen je Javni natje\u010daj broj 06\/14 za raspodjelu sredstava Fonda za poticanje pluralizma i raznovrsnosti elektroni\u010dkih medija \u2013 neprofitni pru\u017eatelji medijskih usluga &#8211; televizije i radija iz \u010dlanka 19. i 79. ZEM-a, neprofitni pru\u017eatelji elektroni\u010dkih publikacija i neprofitni proizvo\u0111a\u010di audiovizualnog i radijskog programa. Rok za dostavu ponuda [&hellip;]","og_url":"https:\/\/aem.hr\/en\/blog\/2014\/09\/11\/javni-natjecaj-br-06-14-za-raspodjelu-sredstava-fonda-za-poticanje-pluralizma-i-raznovrsnosti-elektronickih-medija-neprofitni-pruzatelji-medijskih-usluga\/","og_site_name":"Agencija za elektroni\u010dke medije","article_published_time":"2014-09-11T10:18:00+00:00","author":"Anja Jelavi\u0107","twitter_card":"summary_large_image","twitter_misc":{"Written by":"Anja Jelavi\u0107","Est. reading time":"1 minute"},"schema":{"@context":"https:\/\/schema.org","@graph":[{"@type":"WebPage","@id":"https:\/\/aem.hr\/en\/blog\/2014\/09\/11\/javni-natjecaj-br-06-14-za-raspodjelu-sredstava-fonda-za-poticanje-pluralizma-i-raznovrsnosti-elektronickih-medija-neprofitni-pruzatelji-medijskih-usluga\/","url":"https:\/\/aem.hr\/en\/blog\/2014\/09\/11\/javni-natjecaj-br-06-14-za-raspodjelu-sredstava-fonda-za-poticanje-pluralizma-i-raznovrsnosti-elektronickih-medija-neprofitni-pruzatelji-medijskih-usluga\/","name":"Javni natje\u010daj br. 06\/14 za raspodjelu sredstava Fonda za poticanje pluralizma i raznovrsnosti elektroni\u010dkih medija \u2013 neprofitni pru\u017eatelji medijskih usluga - Agencija za elektroni\u010dke medije","isPartOf":{"@id":"https:\/\/aem.hr\/#website"},"datePublished":"2014-09-11T10:18:00+00:00","author":{"@id":"https:\/\/aem.hr\/#\/schema\/person\/9d98c57f166abae7ba353f829ee5ed93"},"breadcrumb":{"@id":"https:\/\/aem.hr\/en\/blog\/2014\/09\/11\/javni-natjecaj-br-06-14-za-raspodjelu-sredstava-fonda-za-poticanje-pluralizma-i-raznovrsnosti-elektronickih-medija-neprofitni-pruzatelji-medijskih-usluga\/#breadcrumb"},"inLanguage":"en-US","potentialAction":[{"@type":"ReadAction","target":["https:\/\/aem.hr\/en\/blog\/2014\/09\/11\/javni-natjecaj-br-06-14-za-raspodjelu-sredstava-fonda-za-poticanje-pluralizma-i-raznovrsnosti-elektronickih-medija-neprofitni-pruzatelji-medijskih-usluga\/"]}]},{"@type":"BreadcrumbList","@id":"https:\/\/aem.hr\/en\/blog\/2014\/09\/11\/javni-natjecaj-br-06-14-za-raspodjelu-sredstava-fonda-za-poticanje-pluralizma-i-raznovrsnosti-elektronickih-medija-neprofitni-pruzatelji-medijskih-usluga\/#breadcrumb","itemListElement":[{"@type":"ListItem","position":1,"name":"Po\u010detna stranica","item":"https:\/\/aem.hr\/"},{"@type":"ListItem","position":2,"name":"Javni natje\u010daj br. 06\/14 za raspodjelu sredstava Fonda za poticanje pluralizma i raznovrsnosti elektroni\u010dkih medija \u2013 neprofitni pru\u017eatelji medijskih usluga"}]},{"@type":"WebSite","@id":"https:\/\/aem.hr\/#website","url":"https:\/\/aem.hr\/","name":"Agencija za elektroni\u010dke medije","description":"","potentialAction":[{"@type":"SearchAction","target":{"@type":"EntryPoint","urlTemplate":"https:\/\/aem.hr\/?s={search_term_string}"},"query-input":{"@type":"PropertyValueSpecification","valueRequired":true,"valueName":"search_term_string"}}],"inLanguage":"en-US"},{"@type":"Person","@id":"https:\/\/aem.hr\/#\/schema\/person\/9d98c57f166abae7ba353f829ee5ed93","name":"Anja Jelavi\u0107","url":"https:\/\/aem.hr\/en\/blog\/author\/ajelavic\/"}]}},"author_meta":{"display_name":"Anja Jelavi\u0107","author_link":"https:\/\/aem.hr\/en\/blog\/author\/ajelavic\/"},"featured_img":null,"coauthors":[],"tax_additional":{"categories":{"linked":["<a href=\"https:\/\/aem.hr\/en\/kategorija\/fond-za-pluralizam\/\" class=\"advgb-post-tax-term\">Fond za pluralizam<\/a>"],"unlinked":["<span class=\"advgb-post-tax-term\">Fond za pluralizam<\/span>"]}},"comment_count":"0","relative_dates":{"created":"Posted 12 years ago","modified":"Updated 12 years ago"},"absolute_dates":{"created":"Posted on 11. September 2014.","modified":"Updated on 11. September 2014."},"absolute_dates_time":{"created":"Posted on 11. September 2014. 12:18","modified":"Updated on 11. September 2014. 12:18"},"featured_img_caption":"","series_order":"","_links":{"self":[{"href":"https:\/\/aem.hr\/en\/wp-json\/wp\/v2\/posts\/3099","targetHints":{"allow":["GET"]}}],"collection":[{"href":"https:\/\/aem.hr\/en\/wp-json\/wp\/v2\/posts"}],"about":[{"href":"https:\/\/aem.hr\/en\/wp-json\/wp\/v2\/types\/post"}],"author":[{"embeddable":true,"href":"https:\/\/aem.hr\/en\/wp-json\/wp\/v2\/users\/14"}],"replies":[{"embeddable":true,"href":"https:\/\/aem.hr\/en\/wp-json\/wp\/v2\/comments?post=3099"}],"version-history":[{"count":0,"href":"https:\/\/aem.hr\/en\/wp-json\/wp\/v2\/posts\/3099\/revisions"}],"wp:attachment":[{"href":"https:\/\/aem.hr\/en\/wp-json\/wp\/v2\/media?parent=3099"}],"wp:term":[{"taxonomy":"category","embeddable":true,"href":"https:\/\/aem.hr\/en\/wp-json\/wp\/v2\/categories?post=3099"},{"taxonomy":"post_tag","embeddable":true,"href":"https:\/\/aem.hr\/en\/wp-json\/wp\/v2\/tags?post=3099"}],"curies":[{"name":"wp","href":"https:\/\/api.w.org\/{rel}","templated":true}]}}