{"id":3137,"date":"2014-11-12T11:32:00","date_gmt":"2014-11-12T10:32:00","guid":{"rendered":"http:\/\/emediji.inspirium.hr\/vijesti\/odgovor-opcinskog-drzavnog-odvjetnistva-vezano-uz-optuzbe-na-nedopusteno-raspolaganje-sredstvima-fonda\/"},"modified":"2014-11-12T11:32:00","modified_gmt":"2014-11-12T10:32:00","slug":"odgovor-opcinskog-drzavnog-odvjetnistva-vezano-uz-optuzbe-na-nedopusteno-raspolaganje-sredstvima-fonda","status":"publish","type":"post","link":"https:\/\/aem.hr\/en\/blog\/2014\/11\/12\/odgovor-opcinskog-drzavnog-odvjetnistva-vezano-uz-optuzbe-na-nedopusteno-raspolaganje-sredstvima-fonda\/","title":{"rendered":"Odgovor Op\u0107inskog dr\u017eavnog odvjetni\u0161tva vezano uz optu\u017ebe na nedopu\u0161teno raspolaganje sredstvima Fonda"},"content":{"rendered":"<p>\n  <span>Slijedom prijave, koju je Agencija za elektroni\u010dke medije<br \/>\n  podnijela Op\u0107inskom dr\u017eavnom odvjetni\u0161tvu u Bjelovaru, u o\u017eujku<br \/>\n  2013.godine, u kojoj je ukazano na mogu\u0107e nezakonite radnje<br \/>\n  vezano uz kori\u0161tenje potpore iz sredstava Fonda za poticanje<br \/>\n  pluralizma i raznovrsnosti elektroni\u010dkih medija od strane<br \/>\n  trgova\u010dkih dru\u0161tava Informativni centar Bjelovar d.o.o., Radio<br \/>\n  Terezija d.o.o. i Netgate d.o.o. iz Bjelovara, Op\u0107insko dr\u017eavno<br \/>\n  odvjetni\u0161tvo temeljem pribavljene dokumentacije i provedenih<br \/>\n  izvida nije na\u0161lo da bi bilo po\u010dinjeno kakvo kazneno djelo koje<br \/>\n  se progoni po slu\u017ebenoj du\u017enosti.<\/span>\n<\/p>\n<p>\n  <a href=\"\/repository_files\/file\/477\/\"><span>Odgovor Op\u0107inskog<br \/>\n  dr\u017eavnog odvjetni\u0161tva<\/span><\/a><\/p>\n","protected":false},"excerpt":{"rendered":"<p>Slijedom prijave, koju je Agencija za elektroni\u010dke medije podnijela Op\u0107inskom dr\u017eavnom odvjetni\u0161tvu u Bjelovaru, u o\u017eujku 2013.godine, u kojoj je ukazano na mogu\u0107e nezakonite radnje vezano uz kori\u0161tenje potpore iz sredstava Fonda za poticanje pluralizma i raznovrsnosti elektroni\u010dkih medija od strane trgova\u010dkih dru\u0161tava Informativni centar Bjelovar d.o.o., Radio Terezija d.o.o. i Netgate d.o.o. iz Bjelovara, [&hellip;]<\/p>\n","protected":false},"author":16,"featured_media":0,"comment_status":"closed","ping_status":"closed","sticky":false,"template":"","format":"standard","meta":{"_acf_changed":false,"inline_featured_image":false,"advgb_blocks_editor_width":"","advgb_blocks_columns_visual_guide":"","_links_to":"","_links_to_type":0,"footnotes":""},"categories":[89],"tags":[],"class_list":["post-3137","post","type-post","status-publish","format-standard","hentry","category-fond-za-pluralizam"],"acf":[],"yoast_head":"<!-- This site is optimized with the Yoast SEO plugin v25.7 - https:\/\/yoast.com\/wordpress\/plugins\/seo\/ -->\n<title>Odgovor Op\u0107inskog dr\u017eavnog odvjetni\u0161tva vezano uz optu\u017ebe na nedopu\u0161teno raspolaganje sredstvima Fonda - Agencija za elektroni\u010dke medije<\/title>\n<meta name=\"robots\" content=\"index, follow, max-snippet:-1, max-image-preview:large, max-video-preview:-1\" \/>\n<link rel=\"canonical\" href=\"https:\/\/aem.hr\/blog\/2014\/11\/12\/odgovor-opcinskog-drzavnog-odvjetnistva-vezano-uz-optuzbe-na-nedopusteno-raspolaganje-sredstvima-fonda\/\" \/>\n<meta property=\"og:locale\" content=\"en_US\" \/>\n<meta property=\"og:type\" content=\"article\" \/>\n<meta property=\"og:title\" content=\"Odgovor Op\u0107inskog dr\u017eavnog odvjetni\u0161tva vezano uz optu\u017ebe na nedopu\u0161teno raspolaganje sredstvima Fonda - Agencija za elektroni\u010dke medije\" \/>\n<meta property=\"og:description\" content=\"Slijedom prijave, koju je Agencija za elektroni\u010dke medije podnijela Op\u0107inskom dr\u017eavnom odvjetni\u0161tvu u Bjelovaru, u o\u017eujku 2013.godine, u kojoj je ukazano na mogu\u0107e nezakonite radnje vezano uz kori\u0161tenje potpore iz sredstava Fonda za poticanje pluralizma i raznovrsnosti elektroni\u010dkih medija od strane trgova\u010dkih dru\u0161tava Informativni centar Bjelovar d.o.o., Radio Terezija d.o.o. i Netgate d.o.o. iz Bjelovara, [&hellip;]\" \/>\n<meta property=\"og:url\" content=\"https:\/\/aem.hr\/blog\/2014\/11\/12\/odgovor-opcinskog-drzavnog-odvjetnistva-vezano-uz-optuzbe-na-nedopusteno-raspolaganje-sredstvima-fonda\/\" \/>\n<meta property=\"og:site_name\" content=\"Agencija za elektroni\u010dke medije\" \/>\n<meta property=\"article:published_time\" content=\"2014-11-12T10:32:00+00:00\" \/>\n<meta name=\"author\" content=\"Matija Zeko\" \/>\n<meta name=\"twitter:card\" content=\"summary_large_image\" \/>\n<meta name=\"twitter:label1\" content=\"Written by\" \/>\n\t<meta name=\"twitter:data1\" content=\"Matija Zeko\" \/>\n\t<meta name=\"twitter:label2\" content=\"Est. reading time\" \/>\n\t<meta name=\"twitter:data2\" content=\"1 minute\" \/>\n<script type=\"application\/ld+json\" class=\"yoast-schema-graph\">{\"@context\":\"https:\/\/schema.org\",\"@graph\":[{\"@type\":\"WebPage\",\"@id\":\"https:\/\/aem.hr\/blog\/2014\/11\/12\/odgovor-opcinskog-drzavnog-odvjetnistva-vezano-uz-optuzbe-na-nedopusteno-raspolaganje-sredstvima-fonda\/\",\"url\":\"https:\/\/aem.hr\/blog\/2014\/11\/12\/odgovor-opcinskog-drzavnog-odvjetnistva-vezano-uz-optuzbe-na-nedopusteno-raspolaganje-sredstvima-fonda\/\",\"name\":\"Odgovor Op\u0107inskog dr\u017eavnog odvjetni\u0161tva vezano uz optu\u017ebe na nedopu\u0161teno raspolaganje sredstvima Fonda - Agencija za elektroni\u010dke medije\",\"isPartOf\":{\"@id\":\"https:\/\/aem.hr\/#website\"},\"datePublished\":\"2014-11-12T10:32:00+00:00\",\"author\":{\"@id\":\"https:\/\/aem.hr\/#\/schema\/person\/7dcb85ad8b1477dcb7e9178c0d0b7397\"},\"breadcrumb\":{\"@id\":\"https:\/\/aem.hr\/blog\/2014\/11\/12\/odgovor-opcinskog-drzavnog-odvjetnistva-vezano-uz-optuzbe-na-nedopusteno-raspolaganje-sredstvima-fonda\/#breadcrumb\"},\"inLanguage\":\"en-US\",\"potentialAction\":[{\"@type\":\"ReadAction\",\"target\":[\"https:\/\/aem.hr\/blog\/2014\/11\/12\/odgovor-opcinskog-drzavnog-odvjetnistva-vezano-uz-optuzbe-na-nedopusteno-raspolaganje-sredstvima-fonda\/\"]}]},{\"@type\":\"BreadcrumbList\",\"@id\":\"https:\/\/aem.hr\/blog\/2014\/11\/12\/odgovor-opcinskog-drzavnog-odvjetnistva-vezano-uz-optuzbe-na-nedopusteno-raspolaganje-sredstvima-fonda\/#breadcrumb\",\"itemListElement\":[{\"@type\":\"ListItem\",\"position\":1,\"name\":\"Po\u010detna stranica\",\"item\":\"https:\/\/aem.hr\/\"},{\"@type\":\"ListItem\",\"position\":2,\"name\":\"Odgovor Op\u0107inskog dr\u017eavnog odvjetni\u0161tva vezano uz optu\u017ebe na nedopu\u0161teno raspolaganje sredstvima Fonda\"}]},{\"@type\":\"WebSite\",\"@id\":\"https:\/\/aem.hr\/#website\",\"url\":\"https:\/\/aem.hr\/\",\"name\":\"Agencija za elektroni\u010dke medije\",\"description\":\"\",\"potentialAction\":[{\"@type\":\"SearchAction\",\"target\":{\"@type\":\"EntryPoint\",\"urlTemplate\":\"https:\/\/aem.hr\/?s={search_term_string}\"},\"query-input\":{\"@type\":\"PropertyValueSpecification\",\"valueRequired\":true,\"valueName\":\"search_term_string\"}}],\"inLanguage\":\"en-US\"},{\"@type\":\"Person\",\"@id\":\"https:\/\/aem.hr\/#\/schema\/person\/7dcb85ad8b1477dcb7e9178c0d0b7397\",\"name\":\"Matija Zeko\",\"url\":\"https:\/\/aem.hr\/en\/blog\/author\/mzeko\/\"}]}<\/script>\n<!-- \/ Yoast SEO plugin. -->","yoast_head_json":{"title":"Odgovor Op\u0107inskog dr\u017eavnog odvjetni\u0161tva vezano uz optu\u017ebe na nedopu\u0161teno raspolaganje sredstvima Fonda - Agencija za elektroni\u010dke medije","robots":{"index":"index","follow":"follow","max-snippet":"max-snippet:-1","max-image-preview":"max-image-preview:large","max-video-preview":"max-video-preview:-1"},"canonical":"https:\/\/aem.hr\/blog\/2014\/11\/12\/odgovor-opcinskog-drzavnog-odvjetnistva-vezano-uz-optuzbe-na-nedopusteno-raspolaganje-sredstvima-fonda\/","og_locale":"en_US","og_type":"article","og_title":"Odgovor Op\u0107inskog dr\u017eavnog odvjetni\u0161tva vezano uz optu\u017ebe na nedopu\u0161teno raspolaganje sredstvima Fonda - Agencija za elektroni\u010dke medije","og_description":"Slijedom prijave, koju je Agencija za elektroni\u010dke medije podnijela Op\u0107inskom dr\u017eavnom odvjetni\u0161tvu u Bjelovaru, u o\u017eujku 2013.godine, u kojoj je ukazano na mogu\u0107e nezakonite radnje vezano uz kori\u0161tenje potpore iz sredstava Fonda za poticanje pluralizma i raznovrsnosti elektroni\u010dkih medija od strane trgova\u010dkih dru\u0161tava Informativni centar Bjelovar d.o.o., Radio Terezija d.o.o. i Netgate d.o.o. iz Bjelovara, [&hellip;]","og_url":"https:\/\/aem.hr\/blog\/2014\/11\/12\/odgovor-opcinskog-drzavnog-odvjetnistva-vezano-uz-optuzbe-na-nedopusteno-raspolaganje-sredstvima-fonda\/","og_site_name":"Agencija za elektroni\u010dke medije","article_published_time":"2014-11-12T10:32:00+00:00","author":"Matija Zeko","twitter_card":"summary_large_image","twitter_misc":{"Written by":"Matija Zeko","Est. reading time":"1 minute"},"schema":{"@context":"https:\/\/schema.org","@graph":[{"@type":"WebPage","@id":"https:\/\/aem.hr\/blog\/2014\/11\/12\/odgovor-opcinskog-drzavnog-odvjetnistva-vezano-uz-optuzbe-na-nedopusteno-raspolaganje-sredstvima-fonda\/","url":"https:\/\/aem.hr\/blog\/2014\/11\/12\/odgovor-opcinskog-drzavnog-odvjetnistva-vezano-uz-optuzbe-na-nedopusteno-raspolaganje-sredstvima-fonda\/","name":"Odgovor Op\u0107inskog dr\u017eavnog odvjetni\u0161tva vezano uz optu\u017ebe na nedopu\u0161teno raspolaganje sredstvima Fonda - Agencija za elektroni\u010dke medije","isPartOf":{"@id":"https:\/\/aem.hr\/#website"},"datePublished":"2014-11-12T10:32:00+00:00","author":{"@id":"https:\/\/aem.hr\/#\/schema\/person\/7dcb85ad8b1477dcb7e9178c0d0b7397"},"breadcrumb":{"@id":"https:\/\/aem.hr\/blog\/2014\/11\/12\/odgovor-opcinskog-drzavnog-odvjetnistva-vezano-uz-optuzbe-na-nedopusteno-raspolaganje-sredstvima-fonda\/#breadcrumb"},"inLanguage":"en-US","potentialAction":[{"@type":"ReadAction","target":["https:\/\/aem.hr\/blog\/2014\/11\/12\/odgovor-opcinskog-drzavnog-odvjetnistva-vezano-uz-optuzbe-na-nedopusteno-raspolaganje-sredstvima-fonda\/"]}]},{"@type":"BreadcrumbList","@id":"https:\/\/aem.hr\/blog\/2014\/11\/12\/odgovor-opcinskog-drzavnog-odvjetnistva-vezano-uz-optuzbe-na-nedopusteno-raspolaganje-sredstvima-fonda\/#breadcrumb","itemListElement":[{"@type":"ListItem","position":1,"name":"Po\u010detna stranica","item":"https:\/\/aem.hr\/"},{"@type":"ListItem","position":2,"name":"Odgovor Op\u0107inskog dr\u017eavnog odvjetni\u0161tva vezano uz optu\u017ebe na nedopu\u0161teno raspolaganje sredstvima Fonda"}]},{"@type":"WebSite","@id":"https:\/\/aem.hr\/#website","url":"https:\/\/aem.hr\/","name":"Agencija za elektroni\u010dke medije","description":"","potentialAction":[{"@type":"SearchAction","target":{"@type":"EntryPoint","urlTemplate":"https:\/\/aem.hr\/?s={search_term_string}"},"query-input":{"@type":"PropertyValueSpecification","valueRequired":true,"valueName":"search_term_string"}}],"inLanguage":"en-US"},{"@type":"Person","@id":"https:\/\/aem.hr\/#\/schema\/person\/7dcb85ad8b1477dcb7e9178c0d0b7397","name":"Matija Zeko","url":"https:\/\/aem.hr\/en\/blog\/author\/mzeko\/"}]}},"author_meta":{"display_name":"Matija Zeko","author_link":"https:\/\/aem.hr\/en\/blog\/author\/mzeko\/"},"featured_img":null,"coauthors":[],"tax_additional":{"categories":{"linked":["<a href=\"https:\/\/aem.hr\/en\/kategorija\/fond-za-pluralizam\/\" class=\"advgb-post-tax-term\">Fond za pluralizam<\/a>"],"unlinked":["<span class=\"advgb-post-tax-term\">Fond za pluralizam<\/span>"]}},"comment_count":"0","relative_dates":{"created":"Posted 11 years ago","modified":"Updated 11 years ago"},"absolute_dates":{"created":"Posted on 12. November 2014.","modified":"Updated on 12. November 2014."},"absolute_dates_time":{"created":"Posted on 12. November 2014. 11:32","modified":"Updated on 12. November 2014. 11:32"},"featured_img_caption":"","series_order":"","_links":{"self":[{"href":"https:\/\/aem.hr\/en\/wp-json\/wp\/v2\/posts\/3137","targetHints":{"allow":["GET"]}}],"collection":[{"href":"https:\/\/aem.hr\/en\/wp-json\/wp\/v2\/posts"}],"about":[{"href":"https:\/\/aem.hr\/en\/wp-json\/wp\/v2\/types\/post"}],"author":[{"embeddable":true,"href":"https:\/\/aem.hr\/en\/wp-json\/wp\/v2\/users\/16"}],"replies":[{"embeddable":true,"href":"https:\/\/aem.hr\/en\/wp-json\/wp\/v2\/comments?post=3137"}],"version-history":[{"count":0,"href":"https:\/\/aem.hr\/en\/wp-json\/wp\/v2\/posts\/3137\/revisions"}],"wp:attachment":[{"href":"https:\/\/aem.hr\/en\/wp-json\/wp\/v2\/media?parent=3137"}],"wp:term":[{"taxonomy":"category","embeddable":true,"href":"https:\/\/aem.hr\/en\/wp-json\/wp\/v2\/categories?post=3137"},{"taxonomy":"post_tag","embeddable":true,"href":"https:\/\/aem.hr\/en\/wp-json\/wp\/v2\/tags?post=3137"}],"curies":[{"name":"wp","href":"https:\/\/api.w.org\/{rel}","templated":true}]}}