{"id":3154,"date":"2014-12-10T15:30:00","date_gmt":"2014-12-10T14:30:00","guid":{"rendered":"http:\/\/emediji.inspirium.hr\/vijesti\/odluka-o-dodjeli-sredstava-fonda-javni-natjecaj-broj-06-14\/"},"modified":"2014-12-10T15:30:00","modified_gmt":"2014-12-10T14:30:00","slug":"odluka-o-dodjeli-sredstava-fonda-javni-natjecaj-broj-06-14","status":"publish","type":"post","link":"https:\/\/aem.hr\/en\/blog\/2014\/12\/10\/odluka-o-dodjeli-sredstava-fonda-javni-natjecaj-broj-06-14\/","title":{"rendered":"Odluka o dodjeli sredstava Fonda Javni natje\u010daj broj 06\/14"},"content":{"rendered":"<p>\n  Na temelju provedenog Javnog natje\u010daja broj 06\/14 za raspodjelu<br \/>\n  sredstava Fonda za poticanje pluralizma i raznovrsnosti<br \/>\n  elektroni\u010dkih medija \u2013 neprofitni pru\u017eatelji medijskih usluga \u2013<br \/>\n  televizije i radija iz \u010dlanka 19. i 79. ZEM-a, neprofitni<br \/>\n  pru\u017eatelji elektroni\u010dkih publikacija i neprofitni proizvo\u0111a\u010di<br \/>\n  audiovizualnog i\/ili radijskog programa (\u201eNarodne novine\u201c, broj<br \/>\n  108\/14) dodijeljena su sredstva:<\/p>\n<p>  &#8211; 1 neprofitnom pru\u017eatelju medijske usluge televizije iz \u010dlanka<br \/>\n  79. ZEM-a =54.606,82 kuna<br \/>\n  &#8211; 1 neprofitnom pru\u017eatelju medijske usluge radija iz \u010dlanka 79.<br \/>\n  ZEM-a =62.381,56 kuna<br \/>\n  &#8211; 14 neprofitnih pru\u017eatelja elektroni\u010dkih publikacija =972.000,00<br \/>\n  kuna<br \/>\n  &#8211; 2 neprofitna proizvo\u0111a\u010da radijskog programa =105.086,00<br \/>\n  kuna<br \/>\n  &#8211; 3 neprofitna proizvo\u0111a\u010da audiovizualnog programa =310.594,00<br \/>\n  kuna.\n<\/p>\n<p>\n  <a href=\"\/repository_files\/file\/496\/\">Odluka o dodjeli sredstava<br \/>\n  Fonda Javni natje\u010daj broj 06\/14<\/a><\/p>\n","protected":false},"excerpt":{"rendered":"<p>Na temelju provedenog Javnog natje\u010daja broj 06\/14 za raspodjelu sredstava Fonda za poticanje pluralizma i raznovrsnosti elektroni\u010dkih medija \u2013 neprofitni pru\u017eatelji medijskih usluga \u2013 televizije i radija iz \u010dlanka 19. i 79. ZEM-a, neprofitni pru\u017eatelji elektroni\u010dkih publikacija i neprofitni proizvo\u0111a\u010di audiovizualnog i\/ili radijskog programa (\u201eNarodne novine\u201c, broj 108\/14) dodijeljena su sredstva: &#8211; 1 neprofitnom pru\u017eatelju [&hellip;]<\/p>\n","protected":false},"author":16,"featured_media":0,"comment_status":"closed","ping_status":"closed","sticky":false,"template":"","format":"standard","meta":{"_acf_changed":false,"inline_featured_image":false,"advgb_blocks_editor_width":"","advgb_blocks_columns_visual_guide":"","_links_to":"","_links_to_type":0,"footnotes":""},"categories":[89],"tags":[],"class_list":["post-3154","post","type-post","status-publish","format-standard","hentry","category-fond-za-pluralizam"],"acf":[],"yoast_head":"<!-- This site is optimized with the Yoast SEO plugin v25.7 - https:\/\/yoast.com\/wordpress\/plugins\/seo\/ -->\n<title>Odluka o dodjeli sredstava Fonda Javni natje\u010daj broj 06\/14 - Agencija za elektroni\u010dke medije<\/title>\n<meta name=\"robots\" content=\"index, follow, max-snippet:-1, max-image-preview:large, max-video-preview:-1\" \/>\n<link rel=\"canonical\" href=\"https:\/\/aem.hr\/blog\/2014\/12\/10\/odluka-o-dodjeli-sredstava-fonda-javni-natjecaj-broj-06-14\/\" \/>\n<meta property=\"og:locale\" content=\"en_US\" \/>\n<meta property=\"og:type\" content=\"article\" \/>\n<meta property=\"og:title\" content=\"Odluka o dodjeli sredstava Fonda Javni natje\u010daj broj 06\/14 - Agencija za elektroni\u010dke medije\" \/>\n<meta property=\"og:description\" content=\"Na temelju provedenog Javnog natje\u010daja broj 06\/14 za raspodjelu sredstava Fonda za poticanje pluralizma i raznovrsnosti elektroni\u010dkih medija \u2013 neprofitni pru\u017eatelji medijskih usluga \u2013 televizije i radija iz \u010dlanka 19. i 79. ZEM-a, neprofitni pru\u017eatelji elektroni\u010dkih publikacija i neprofitni proizvo\u0111a\u010di audiovizualnog i\/ili radijskog programa (\u201eNarodne novine\u201c, broj 108\/14) dodijeljena su sredstva: &#8211; 1 neprofitnom pru\u017eatelju [&hellip;]\" \/>\n<meta property=\"og:url\" content=\"https:\/\/aem.hr\/blog\/2014\/12\/10\/odluka-o-dodjeli-sredstava-fonda-javni-natjecaj-broj-06-14\/\" \/>\n<meta property=\"og:site_name\" content=\"Agencija za elektroni\u010dke medije\" \/>\n<meta property=\"article:published_time\" content=\"2014-12-10T14:30:00+00:00\" \/>\n<meta name=\"author\" content=\"Matija Zeko\" \/>\n<meta name=\"twitter:card\" content=\"summary_large_image\" \/>\n<meta name=\"twitter:label1\" content=\"Written by\" \/>\n\t<meta name=\"twitter:data1\" content=\"Matija Zeko\" \/>\n\t<meta name=\"twitter:label2\" content=\"Est. reading time\" \/>\n\t<meta name=\"twitter:data2\" content=\"1 minute\" \/>\n<script type=\"application\/ld+json\" class=\"yoast-schema-graph\">{\"@context\":\"https:\/\/schema.org\",\"@graph\":[{\"@type\":\"WebPage\",\"@id\":\"https:\/\/aem.hr\/blog\/2014\/12\/10\/odluka-o-dodjeli-sredstava-fonda-javni-natjecaj-broj-06-14\/\",\"url\":\"https:\/\/aem.hr\/blog\/2014\/12\/10\/odluka-o-dodjeli-sredstava-fonda-javni-natjecaj-broj-06-14\/\",\"name\":\"Odluka o dodjeli sredstava Fonda Javni natje\u010daj broj 06\/14 - Agencija za elektroni\u010dke medije\",\"isPartOf\":{\"@id\":\"https:\/\/aem.hr\/#website\"},\"datePublished\":\"2014-12-10T14:30:00+00:00\",\"author\":{\"@id\":\"https:\/\/aem.hr\/#\/schema\/person\/7dcb85ad8b1477dcb7e9178c0d0b7397\"},\"breadcrumb\":{\"@id\":\"https:\/\/aem.hr\/blog\/2014\/12\/10\/odluka-o-dodjeli-sredstava-fonda-javni-natjecaj-broj-06-14\/#breadcrumb\"},\"inLanguage\":\"en-US\",\"potentialAction\":[{\"@type\":\"ReadAction\",\"target\":[\"https:\/\/aem.hr\/blog\/2014\/12\/10\/odluka-o-dodjeli-sredstava-fonda-javni-natjecaj-broj-06-14\/\"]}]},{\"@type\":\"BreadcrumbList\",\"@id\":\"https:\/\/aem.hr\/blog\/2014\/12\/10\/odluka-o-dodjeli-sredstava-fonda-javni-natjecaj-broj-06-14\/#breadcrumb\",\"itemListElement\":[{\"@type\":\"ListItem\",\"position\":1,\"name\":\"Po\u010detna stranica\",\"item\":\"https:\/\/aem.hr\/\"},{\"@type\":\"ListItem\",\"position\":2,\"name\":\"Odluka o dodjeli sredstava Fonda Javni natje\u010daj broj 06\/14\"}]},{\"@type\":\"WebSite\",\"@id\":\"https:\/\/aem.hr\/#website\",\"url\":\"https:\/\/aem.hr\/\",\"name\":\"Agencija za elektroni\u010dke medije\",\"description\":\"\",\"potentialAction\":[{\"@type\":\"SearchAction\",\"target\":{\"@type\":\"EntryPoint\",\"urlTemplate\":\"https:\/\/aem.hr\/?s={search_term_string}\"},\"query-input\":{\"@type\":\"PropertyValueSpecification\",\"valueRequired\":true,\"valueName\":\"search_term_string\"}}],\"inLanguage\":\"en-US\"},{\"@type\":\"Person\",\"@id\":\"https:\/\/aem.hr\/#\/schema\/person\/7dcb85ad8b1477dcb7e9178c0d0b7397\",\"name\":\"Matija Zeko\",\"url\":\"https:\/\/aem.hr\/en\/blog\/author\/mzeko\/\"}]}<\/script>\n<!-- \/ Yoast SEO plugin. -->","yoast_head_json":{"title":"Odluka o dodjeli sredstava Fonda Javni natje\u010daj broj 06\/14 - Agencija za elektroni\u010dke medije","robots":{"index":"index","follow":"follow","max-snippet":"max-snippet:-1","max-image-preview":"max-image-preview:large","max-video-preview":"max-video-preview:-1"},"canonical":"https:\/\/aem.hr\/blog\/2014\/12\/10\/odluka-o-dodjeli-sredstava-fonda-javni-natjecaj-broj-06-14\/","og_locale":"en_US","og_type":"article","og_title":"Odluka o dodjeli sredstava Fonda Javni natje\u010daj broj 06\/14 - Agencija za elektroni\u010dke medije","og_description":"Na temelju provedenog Javnog natje\u010daja broj 06\/14 za raspodjelu sredstava Fonda za poticanje pluralizma i raznovrsnosti elektroni\u010dkih medija \u2013 neprofitni pru\u017eatelji medijskih usluga \u2013 televizije i radija iz \u010dlanka 19. i 79. ZEM-a, neprofitni pru\u017eatelji elektroni\u010dkih publikacija i neprofitni proizvo\u0111a\u010di audiovizualnog i\/ili radijskog programa (\u201eNarodne novine\u201c, broj 108\/14) dodijeljena su sredstva: &#8211; 1 neprofitnom pru\u017eatelju [&hellip;]","og_url":"https:\/\/aem.hr\/blog\/2014\/12\/10\/odluka-o-dodjeli-sredstava-fonda-javni-natjecaj-broj-06-14\/","og_site_name":"Agencija za elektroni\u010dke medije","article_published_time":"2014-12-10T14:30:00+00:00","author":"Matija Zeko","twitter_card":"summary_large_image","twitter_misc":{"Written by":"Matija Zeko","Est. reading time":"1 minute"},"schema":{"@context":"https:\/\/schema.org","@graph":[{"@type":"WebPage","@id":"https:\/\/aem.hr\/blog\/2014\/12\/10\/odluka-o-dodjeli-sredstava-fonda-javni-natjecaj-broj-06-14\/","url":"https:\/\/aem.hr\/blog\/2014\/12\/10\/odluka-o-dodjeli-sredstava-fonda-javni-natjecaj-broj-06-14\/","name":"Odluka o dodjeli sredstava Fonda Javni natje\u010daj broj 06\/14 - Agencija za elektroni\u010dke medije","isPartOf":{"@id":"https:\/\/aem.hr\/#website"},"datePublished":"2014-12-10T14:30:00+00:00","author":{"@id":"https:\/\/aem.hr\/#\/schema\/person\/7dcb85ad8b1477dcb7e9178c0d0b7397"},"breadcrumb":{"@id":"https:\/\/aem.hr\/blog\/2014\/12\/10\/odluka-o-dodjeli-sredstava-fonda-javni-natjecaj-broj-06-14\/#breadcrumb"},"inLanguage":"en-US","potentialAction":[{"@type":"ReadAction","target":["https:\/\/aem.hr\/blog\/2014\/12\/10\/odluka-o-dodjeli-sredstava-fonda-javni-natjecaj-broj-06-14\/"]}]},{"@type":"BreadcrumbList","@id":"https:\/\/aem.hr\/blog\/2014\/12\/10\/odluka-o-dodjeli-sredstava-fonda-javni-natjecaj-broj-06-14\/#breadcrumb","itemListElement":[{"@type":"ListItem","position":1,"name":"Po\u010detna stranica","item":"https:\/\/aem.hr\/"},{"@type":"ListItem","position":2,"name":"Odluka o dodjeli sredstava Fonda Javni natje\u010daj broj 06\/14"}]},{"@type":"WebSite","@id":"https:\/\/aem.hr\/#website","url":"https:\/\/aem.hr\/","name":"Agencija za elektroni\u010dke medije","description":"","potentialAction":[{"@type":"SearchAction","target":{"@type":"EntryPoint","urlTemplate":"https:\/\/aem.hr\/?s={search_term_string}"},"query-input":{"@type":"PropertyValueSpecification","valueRequired":true,"valueName":"search_term_string"}}],"inLanguage":"en-US"},{"@type":"Person","@id":"https:\/\/aem.hr\/#\/schema\/person\/7dcb85ad8b1477dcb7e9178c0d0b7397","name":"Matija Zeko","url":"https:\/\/aem.hr\/en\/blog\/author\/mzeko\/"}]}},"author_meta":{"display_name":"Matija Zeko","author_link":"https:\/\/aem.hr\/en\/blog\/author\/mzeko\/"},"featured_img":null,"coauthors":[],"tax_additional":{"categories":{"linked":["<a href=\"https:\/\/aem.hr\/en\/kategorija\/fond-za-pluralizam\/\" class=\"advgb-post-tax-term\">Fond za pluralizam<\/a>"],"unlinked":["<span class=\"advgb-post-tax-term\">Fond za pluralizam<\/span>"]}},"comment_count":"0","relative_dates":{"created":"Posted 11 years ago","modified":"Updated 11 years ago"},"absolute_dates":{"created":"Posted on 10. December 2014.","modified":"Updated on 10. December 2014."},"absolute_dates_time":{"created":"Posted on 10. December 2014. 15:30","modified":"Updated on 10. December 2014. 15:30"},"featured_img_caption":"","series_order":"","_links":{"self":[{"href":"https:\/\/aem.hr\/en\/wp-json\/wp\/v2\/posts\/3154","targetHints":{"allow":["GET"]}}],"collection":[{"href":"https:\/\/aem.hr\/en\/wp-json\/wp\/v2\/posts"}],"about":[{"href":"https:\/\/aem.hr\/en\/wp-json\/wp\/v2\/types\/post"}],"author":[{"embeddable":true,"href":"https:\/\/aem.hr\/en\/wp-json\/wp\/v2\/users\/16"}],"replies":[{"embeddable":true,"href":"https:\/\/aem.hr\/en\/wp-json\/wp\/v2\/comments?post=3154"}],"version-history":[{"count":0,"href":"https:\/\/aem.hr\/en\/wp-json\/wp\/v2\/posts\/3154\/revisions"}],"wp:attachment":[{"href":"https:\/\/aem.hr\/en\/wp-json\/wp\/v2\/media?parent=3154"}],"wp:term":[{"taxonomy":"category","embeddable":true,"href":"https:\/\/aem.hr\/en\/wp-json\/wp\/v2\/categories?post=3154"},{"taxonomy":"post_tag","embeddable":true,"href":"https:\/\/aem.hr\/en\/wp-json\/wp\/v2\/tags?post=3154"}],"curies":[{"name":"wp","href":"https:\/\/api.w.org\/{rel}","templated":true}]}}