{"id":3342,"date":"2015-11-24T00:00:00","date_gmt":"2015-11-23T23:00:00","guid":{"rendered":"http:\/\/emediji.inspirium.hr\/vijesti\/otkazuje-se-odrzavanje-radionice-u-rijeci-javni-natjecaj-03-15-fond-za-poticanje-pluralizma-i-raznovrsnosti-elektronickih-medija\/"},"modified":"2015-11-24T00:00:00","modified_gmt":"2015-11-23T23:00:00","slug":"otkazuje-se-odrzavanje-radionice-u-rijeci-javni-natjecaj-03-15-fond-za-poticanje-pluralizma-i-raznovrsnosti-elektronickih-medija","status":"publish","type":"post","link":"https:\/\/aem.hr\/en\/blog\/2015\/11\/24\/otkazuje-se-odrzavanje-radionice-u-rijeci-javni-natjecaj-03-15-fond-za-poticanje-pluralizma-i-raznovrsnosti-elektronickih-medija\/","title":{"rendered":"Otkazuje se odr\u017eavanje radionice u Rijeci &#8211; Javni natje\u010daj 03\/15 &#8211; Fond za poticanje pluralizma i raznovrsnosti elektroni\u010dkih medija"},"content":{"rendered":"<p>\n  Zbog nedovoljnog broja prijavljenih sudionika otkazuje se<br \/>\n  odr\u017eavanje radionice u Rijeci, na temu Javnog natje\u010daja broj<br \/>\n  03\/15 za raspodjelu sredstava Fonda za poticanje pluralizma i<br \/>\n  raznovrsnosti elektroni\u010dkih medija, \u010diji je termin odr\u017eavanja bio<br \/>\n  zakazan za 27. 11. 2015. Grand Hotel Bonavia, Dolac 4, 51 000<br \/>\n  Rijeka, s po\u010detkom u 12 sati.\n<\/p>\n<p>\n  <span>Pozivamo zainteresirane da se prijave za sudjelovanje na<br \/>\n  radionici koja \u0107e se odr\u017eati u ponedjeljak, 30. studenog 2015., u<br \/>\n  Velikoj dvorani HND-a, Perkov\u010deva 2, u Zagrebu, s po\u010detkom u 10<br \/>\n  sati.<\/span>\n<\/p>\n<p>\n  <span>Prijavite va\u0161e sudjelovanje na radionici u<br \/>\n  Zagrebu&nbsp;<\/span><a href=\n  \"https:\/\/docs.google.com\/forms\/d\/1QYtX4aktFUovYIWT1UFe6DigGomeS2i7CYuiIyN-DTY\/viewform\">ovdje<\/a>,&nbsp;najkasnije<br \/>\n  do<span>&nbsp;\u010detvrtka, 26. studenog 2015.<\/span><\/p>\n","protected":false},"excerpt":{"rendered":"<p>Zbog nedovoljnog broja prijavljenih sudionika otkazuje se odr\u017eavanje radionice u Rijeci, na temu Javnog natje\u010daja broj 03\/15 za raspodjelu sredstava Fonda za poticanje pluralizma i raznovrsnosti elektroni\u010dkih medija, \u010diji je termin odr\u017eavanja bio zakazan za 27. 11. 2015. Grand Hotel Bonavia, Dolac 4, 51 000 Rijeka, s po\u010detkom u 12 sati. Pozivamo zainteresirane da se [&hellip;]<\/p>\n","protected":false},"author":14,"featured_media":0,"comment_status":"closed","ping_status":"closed","sticky":false,"template":"","format":"standard","meta":{"_acf_changed":false,"inline_featured_image":false,"advgb_blocks_editor_width":"","advgb_blocks_columns_visual_guide":"","_links_to":"","_links_to_type":0,"footnotes":""},"categories":[89],"tags":[],"class_list":["post-3342","post","type-post","status-publish","format-standard","hentry","category-fond-za-pluralizam"],"acf":[],"yoast_head":"<!-- This site is optimized with the Yoast SEO plugin v25.7 - https:\/\/yoast.com\/wordpress\/plugins\/seo\/ -->\n<title>Otkazuje se odr\u017eavanje radionice u Rijeci - Javni natje\u010daj 03\/15 - Fond za poticanje pluralizma i raznovrsnosti elektroni\u010dkih medija - Agencija za elektroni\u010dke medije<\/title>\n<meta name=\"robots\" content=\"index, follow, max-snippet:-1, max-image-preview:large, max-video-preview:-1\" \/>\n<link rel=\"canonical\" href=\"https:\/\/aem.hr\/blog\/2015\/11\/24\/otkazuje-se-odrzavanje-radionice-u-rijeci-javni-natjecaj-03-15-fond-za-poticanje-pluralizma-i-raznovrsnosti-elektronickih-medija\/\" \/>\n<meta property=\"og:locale\" content=\"en_US\" \/>\n<meta property=\"og:type\" content=\"article\" \/>\n<meta property=\"og:title\" content=\"Otkazuje se odr\u017eavanje radionice u Rijeci - Javni natje\u010daj 03\/15 - Fond za poticanje pluralizma i raznovrsnosti elektroni\u010dkih medija - Agencija za elektroni\u010dke medije\" \/>\n<meta property=\"og:description\" content=\"Zbog nedovoljnog broja prijavljenih sudionika otkazuje se odr\u017eavanje radionice u Rijeci, na temu Javnog natje\u010daja broj 03\/15 za raspodjelu sredstava Fonda za poticanje pluralizma i raznovrsnosti elektroni\u010dkih medija, \u010diji je termin odr\u017eavanja bio zakazan za 27. 11. 2015. Grand Hotel Bonavia, Dolac 4, 51 000 Rijeka, s po\u010detkom u 12 sati. Pozivamo zainteresirane da se [&hellip;]\" \/>\n<meta property=\"og:url\" content=\"https:\/\/aem.hr\/blog\/2015\/11\/24\/otkazuje-se-odrzavanje-radionice-u-rijeci-javni-natjecaj-03-15-fond-za-poticanje-pluralizma-i-raznovrsnosti-elektronickih-medija\/\" \/>\n<meta property=\"og:site_name\" content=\"Agencija za elektroni\u010dke medije\" \/>\n<meta property=\"article:published_time\" content=\"2015-11-23T23:00:00+00:00\" \/>\n<meta name=\"author\" content=\"Anja Jelavi\u0107\" \/>\n<meta name=\"twitter:card\" content=\"summary_large_image\" \/>\n<meta name=\"twitter:label1\" content=\"Written by\" \/>\n\t<meta name=\"twitter:data1\" content=\"Anja Jelavi\u0107\" \/>\n<script type=\"application\/ld+json\" class=\"yoast-schema-graph\">{\"@context\":\"https:\/\/schema.org\",\"@graph\":[{\"@type\":\"WebPage\",\"@id\":\"https:\/\/aem.hr\/blog\/2015\/11\/24\/otkazuje-se-odrzavanje-radionice-u-rijeci-javni-natjecaj-03-15-fond-za-poticanje-pluralizma-i-raznovrsnosti-elektronickih-medija\/\",\"url\":\"https:\/\/aem.hr\/blog\/2015\/11\/24\/otkazuje-se-odrzavanje-radionice-u-rijeci-javni-natjecaj-03-15-fond-za-poticanje-pluralizma-i-raznovrsnosti-elektronickih-medija\/\",\"name\":\"Otkazuje se odr\u017eavanje radionice u Rijeci - Javni natje\u010daj 03\/15 - Fond za poticanje pluralizma i raznovrsnosti elektroni\u010dkih medija - Agencija za elektroni\u010dke medije\",\"isPartOf\":{\"@id\":\"https:\/\/aem.hr\/#website\"},\"datePublished\":\"2015-11-23T23:00:00+00:00\",\"author\":{\"@id\":\"https:\/\/aem.hr\/#\/schema\/person\/9d98c57f166abae7ba353f829ee5ed93\"},\"breadcrumb\":{\"@id\":\"https:\/\/aem.hr\/blog\/2015\/11\/24\/otkazuje-se-odrzavanje-radionice-u-rijeci-javni-natjecaj-03-15-fond-za-poticanje-pluralizma-i-raznovrsnosti-elektronickih-medija\/#breadcrumb\"},\"inLanguage\":\"en-US\",\"potentialAction\":[{\"@type\":\"ReadAction\",\"target\":[\"https:\/\/aem.hr\/blog\/2015\/11\/24\/otkazuje-se-odrzavanje-radionice-u-rijeci-javni-natjecaj-03-15-fond-za-poticanje-pluralizma-i-raznovrsnosti-elektronickih-medija\/\"]}]},{\"@type\":\"BreadcrumbList\",\"@id\":\"https:\/\/aem.hr\/blog\/2015\/11\/24\/otkazuje-se-odrzavanje-radionice-u-rijeci-javni-natjecaj-03-15-fond-za-poticanje-pluralizma-i-raznovrsnosti-elektronickih-medija\/#breadcrumb\",\"itemListElement\":[{\"@type\":\"ListItem\",\"position\":1,\"name\":\"Po\u010detna stranica\",\"item\":\"https:\/\/aem.hr\/\"},{\"@type\":\"ListItem\",\"position\":2,\"name\":\"Otkazuje se odr\u017eavanje radionice u Rijeci &#8211; Javni natje\u010daj 03\/15 &#8211; Fond za poticanje pluralizma i raznovrsnosti elektroni\u010dkih medija\"}]},{\"@type\":\"WebSite\",\"@id\":\"https:\/\/aem.hr\/#website\",\"url\":\"https:\/\/aem.hr\/\",\"name\":\"Agencija za elektroni\u010dke medije\",\"description\":\"\",\"potentialAction\":[{\"@type\":\"SearchAction\",\"target\":{\"@type\":\"EntryPoint\",\"urlTemplate\":\"https:\/\/aem.hr\/?s={search_term_string}\"},\"query-input\":{\"@type\":\"PropertyValueSpecification\",\"valueRequired\":true,\"valueName\":\"search_term_string\"}}],\"inLanguage\":\"en-US\"},{\"@type\":\"Person\",\"@id\":\"https:\/\/aem.hr\/#\/schema\/person\/9d98c57f166abae7ba353f829ee5ed93\",\"name\":\"Anja Jelavi\u0107\",\"url\":\"https:\/\/aem.hr\/en\/blog\/author\/ajelavic\/\"}]}<\/script>\n<!-- \/ Yoast SEO plugin. -->","yoast_head_json":{"title":"Otkazuje se odr\u017eavanje radionice u Rijeci - Javni natje\u010daj 03\/15 - Fond za poticanje pluralizma i raznovrsnosti elektroni\u010dkih medija - Agencija za elektroni\u010dke medije","robots":{"index":"index","follow":"follow","max-snippet":"max-snippet:-1","max-image-preview":"max-image-preview:large","max-video-preview":"max-video-preview:-1"},"canonical":"https:\/\/aem.hr\/blog\/2015\/11\/24\/otkazuje-se-odrzavanje-radionice-u-rijeci-javni-natjecaj-03-15-fond-za-poticanje-pluralizma-i-raznovrsnosti-elektronickih-medija\/","og_locale":"en_US","og_type":"article","og_title":"Otkazuje se odr\u017eavanje radionice u Rijeci - Javni natje\u010daj 03\/15 - Fond za poticanje pluralizma i raznovrsnosti elektroni\u010dkih medija - Agencija za elektroni\u010dke medije","og_description":"Zbog nedovoljnog broja prijavljenih sudionika otkazuje se odr\u017eavanje radionice u Rijeci, na temu Javnog natje\u010daja broj 03\/15 za raspodjelu sredstava Fonda za poticanje pluralizma i raznovrsnosti elektroni\u010dkih medija, \u010diji je termin odr\u017eavanja bio zakazan za 27. 11. 2015. Grand Hotel Bonavia, Dolac 4, 51 000 Rijeka, s po\u010detkom u 12 sati. Pozivamo zainteresirane da se [&hellip;]","og_url":"https:\/\/aem.hr\/blog\/2015\/11\/24\/otkazuje-se-odrzavanje-radionice-u-rijeci-javni-natjecaj-03-15-fond-za-poticanje-pluralizma-i-raznovrsnosti-elektronickih-medija\/","og_site_name":"Agencija za elektroni\u010dke medije","article_published_time":"2015-11-23T23:00:00+00:00","author":"Anja Jelavi\u0107","twitter_card":"summary_large_image","twitter_misc":{"Written by":"Anja Jelavi\u0107"},"schema":{"@context":"https:\/\/schema.org","@graph":[{"@type":"WebPage","@id":"https:\/\/aem.hr\/blog\/2015\/11\/24\/otkazuje-se-odrzavanje-radionice-u-rijeci-javni-natjecaj-03-15-fond-za-poticanje-pluralizma-i-raznovrsnosti-elektronickih-medija\/","url":"https:\/\/aem.hr\/blog\/2015\/11\/24\/otkazuje-se-odrzavanje-radionice-u-rijeci-javni-natjecaj-03-15-fond-za-poticanje-pluralizma-i-raznovrsnosti-elektronickih-medija\/","name":"Otkazuje se odr\u017eavanje radionice u Rijeci - Javni natje\u010daj 03\/15 - Fond za poticanje pluralizma i raznovrsnosti elektroni\u010dkih medija - Agencija za elektroni\u010dke medije","isPartOf":{"@id":"https:\/\/aem.hr\/#website"},"datePublished":"2015-11-23T23:00:00+00:00","author":{"@id":"https:\/\/aem.hr\/#\/schema\/person\/9d98c57f166abae7ba353f829ee5ed93"},"breadcrumb":{"@id":"https:\/\/aem.hr\/blog\/2015\/11\/24\/otkazuje-se-odrzavanje-radionice-u-rijeci-javni-natjecaj-03-15-fond-za-poticanje-pluralizma-i-raznovrsnosti-elektronickih-medija\/#breadcrumb"},"inLanguage":"en-US","potentialAction":[{"@type":"ReadAction","target":["https:\/\/aem.hr\/blog\/2015\/11\/24\/otkazuje-se-odrzavanje-radionice-u-rijeci-javni-natjecaj-03-15-fond-za-poticanje-pluralizma-i-raznovrsnosti-elektronickih-medija\/"]}]},{"@type":"BreadcrumbList","@id":"https:\/\/aem.hr\/blog\/2015\/11\/24\/otkazuje-se-odrzavanje-radionice-u-rijeci-javni-natjecaj-03-15-fond-za-poticanje-pluralizma-i-raznovrsnosti-elektronickih-medija\/#breadcrumb","itemListElement":[{"@type":"ListItem","position":1,"name":"Po\u010detna stranica","item":"https:\/\/aem.hr\/"},{"@type":"ListItem","position":2,"name":"Otkazuje se odr\u017eavanje radionice u Rijeci &#8211; Javni natje\u010daj 03\/15 &#8211; Fond za poticanje pluralizma i raznovrsnosti elektroni\u010dkih medija"}]},{"@type":"WebSite","@id":"https:\/\/aem.hr\/#website","url":"https:\/\/aem.hr\/","name":"Agencija za elektroni\u010dke medije","description":"","potentialAction":[{"@type":"SearchAction","target":{"@type":"EntryPoint","urlTemplate":"https:\/\/aem.hr\/?s={search_term_string}"},"query-input":{"@type":"PropertyValueSpecification","valueRequired":true,"valueName":"search_term_string"}}],"inLanguage":"en-US"},{"@type":"Person","@id":"https:\/\/aem.hr\/#\/schema\/person\/9d98c57f166abae7ba353f829ee5ed93","name":"Anja Jelavi\u0107","url":"https:\/\/aem.hr\/en\/blog\/author\/ajelavic\/"}]}},"author_meta":{"display_name":"Anja Jelavi\u0107","author_link":"https:\/\/aem.hr\/en\/blog\/author\/ajelavic\/"},"featured_img":null,"coauthors":[],"tax_additional":{"categories":{"linked":["<a href=\"https:\/\/aem.hr\/en\/kategorija\/fond-za-pluralizam\/\" class=\"advgb-post-tax-term\">Fond za pluralizam<\/a>"],"unlinked":["<span class=\"advgb-post-tax-term\">Fond za pluralizam<\/span>"]}},"comment_count":"0","relative_dates":{"created":"Posted 10 years ago","modified":"Updated 10 years ago"},"absolute_dates":{"created":"Posted on 24. November 2015.","modified":"Updated on 24. November 2015."},"absolute_dates_time":{"created":"Posted on 24. November 2015. 0:00","modified":"Updated on 24. November 2015. 0:00"},"featured_img_caption":"","series_order":"","_links":{"self":[{"href":"https:\/\/aem.hr\/en\/wp-json\/wp\/v2\/posts\/3342","targetHints":{"allow":["GET"]}}],"collection":[{"href":"https:\/\/aem.hr\/en\/wp-json\/wp\/v2\/posts"}],"about":[{"href":"https:\/\/aem.hr\/en\/wp-json\/wp\/v2\/types\/post"}],"author":[{"embeddable":true,"href":"https:\/\/aem.hr\/en\/wp-json\/wp\/v2\/users\/14"}],"replies":[{"embeddable":true,"href":"https:\/\/aem.hr\/en\/wp-json\/wp\/v2\/comments?post=3342"}],"version-history":[{"count":0,"href":"https:\/\/aem.hr\/en\/wp-json\/wp\/v2\/posts\/3342\/revisions"}],"wp:attachment":[{"href":"https:\/\/aem.hr\/en\/wp-json\/wp\/v2\/media?parent=3342"}],"wp:term":[{"taxonomy":"category","embeddable":true,"href":"https:\/\/aem.hr\/en\/wp-json\/wp\/v2\/categories?post=3342"},{"taxonomy":"post_tag","embeddable":true,"href":"https:\/\/aem.hr\/en\/wp-json\/wp\/v2\/tags?post=3342"}],"curies":[{"name":"wp","href":"https:\/\/api.w.org\/{rel}","templated":true}]}}