{"id":3357,"date":"2015-12-16T12:03:00","date_gmt":"2015-12-16T11:03:00","guid":{"rendered":"http:\/\/emediji.inspirium.hr\/vijesti\/agencija-za-elektronicke-medije-postala-clanicom-predsjednistva-ekspertne-grupe-europske-komisije-za-audiovizualne-medije\/"},"modified":"2015-12-16T12:03:00","modified_gmt":"2015-12-16T11:03:00","slug":"agencija-za-elektronicke-medije-postala-clanicom-predsjednistva-ekspertne-grupe-europske-komisije-za-audiovizualne-medije","status":"publish","type":"post","link":"https:\/\/aem.hr\/en\/blog\/2015\/12\/16\/agencija-za-elektronicke-medije-postala-clanicom-predsjednistva-ekspertne-grupe-europske-komisije-za-audiovizualne-medije\/","title":{"rendered":"Agencija za elektroni\u010dke medije postala \u010dlanicom predsjedni\u0161tva ekspertne grupe Europske komisije za audiovizualne medije"},"content":{"rendered":"<p>\n  Hrvatska Agencija za elektroni\u010dke medije izabrana je u<br \/>\n  predsjedni\u0161tvo ekspertne grupe <em>European Regulators Group for<br \/>\n  Audiovisual<\/em>&nbsp;<em>Media Services<\/em> (ERGA), koja je<br \/>\n  savjetodavno tijelo Europske komisije te ima va\u017enu ulogu u<br \/>\n  kreiranju pravnog okvira Europske unije za audiovizualne<br \/>\n  medije.&nbsp;\n<\/p>\n<p>\n  <span>Slijedom ulaska u predsjedni\u0161tvo ERGA-e, na \u010dijem se \u010delnom<br \/>\n  mjestu rotiraju predstavnici regulatornih agencija zemalja<br \/>\n  \u010dlanica toga tijela, Agencija za elektroni\u010dke medije 2017. godine<br \/>\n  preuzet \u0107e predsjedanje ovom va\u017enom ekspertnom grupom. U 2016.<br \/>\n  ERGA-om predsjedava Nizozemska odnosno predstavnica nizozemske<br \/>\n  regulatorne agencije Madeleine de Cock Bunning.<\/span>\n<\/p>\n<p>\n  <span>Sastavljena od predstavnika 28 neovisnih regulatora<br \/>\n  audiovizualnih elektroni\u010dkih medija zemalja \u010dlanica EU, ERGA je<br \/>\n  osnovana od strane Europske komisije u velja\u010di 2014 godine.<br \/>\n  Hrvatsku je za mjesto u predsjedni\u0161tvu ERGA-e nominiralo \u010dak 15<br \/>\n  zemalja \u010dlanica pa je tako Agencija za elektroni\u010dke medije u<br \/>\n  izborima postala i jedini kandidat za ovo presti\u017eno<br \/>\n  mjesto.&nbsp;Uz Hrvatsku i Nizozemsku u predsjedni\u0161tvu je i CSA,<br \/>\n  francuska regulatorna agencija.<\/span>\n<\/p>\n<p>\n  &nbsp;<span>\u201eUlazak u predsjedni\u0161tvo ERGA-e priznanje je radu<br \/>\n  Agencije za elektroni\u010dke medije koje smo dobili od kolega,<br \/>\n  predstavnika neovisnih regulatora drugih zemalja \u010dlanica Europske<br \/>\n  unije. Na\u0161 doprinos kreiranju kvalitetnog europskog okvira za<br \/>\n  audiovizualnu industriju koji dajemo kroz aktivno sudjelovanje u<br \/>\n  radnim grupama i inicijativama koje se na nivou Europske unije<br \/>\n  bave ovim pitanjima itekako je prepoznat kao i kvaliteta na\u0161ega<br \/>\n  rada u nadzoru po\u0161tivanja europskih i hrvatskih zakona.\u201c,<br \/>\n  izjavila je ovim povodom Mirjana Raki\u0107, predsjednica Vije\u0107a za<br \/>\n  elektroni\u010dke medije koje upravlja radom Agencije za elektroni\u010dke<br \/>\n  medije.<\/span>\n<\/p>\n<p>\n  <span>Ekspertna grupa ERGA klju\u010dno je savjetodavno tijelo<br \/>\n  Europske komisije u aktualnoj reviziji Direktive o audiovizualnim<br \/>\n  medijskim uslugama. Tijekom 2015. godine ERGA je za potrebe<br \/>\n  Komisije analizirala i pripremila izvje\u0161taje o podru\u010djima<br \/>\n  nezavisnosti regulatora, materijalnoj jurisdikciji, za\u0161titi<br \/>\n  maloljetnika te teritorijalnoj jurisdikciji.<\/span><\/p>\n","protected":false},"excerpt":{"rendered":"<p>Hrvatska Agencija za elektroni\u010dke medije izabrana je u predsjedni\u0161tvo ekspertne grupe European Regulators Group for Audiovisual&nbsp;Media Services (ERGA), koja je savjetodavno tijelo Europske komisije te ima va\u017enu ulogu u kreiranju pravnog okvira Europske unije za audiovizualne medije.&nbsp; Slijedom ulaska u predsjedni\u0161tvo ERGA-e, na \u010dijem se \u010delnom mjestu rotiraju predstavnici regulatornih agencija zemalja \u010dlanica toga tijela, [&hellip;]<\/p>\n","protected":false},"author":14,"featured_media":0,"comment_status":"closed","ping_status":"closed","sticky":false,"template":"","format":"standard","meta":{"_acf_changed":false,"inline_featured_image":false,"advgb_blocks_editor_width":"","advgb_blocks_columns_visual_guide":"","_links_to":"","_links_to_type":0,"footnotes":""},"categories":[5],"tags":[],"class_list":["post-3357","post","type-post","status-publish","format-standard","hentry","category-vijesti"],"acf":[],"yoast_head":"<!-- This site is optimized with the Yoast SEO plugin v25.7 - https:\/\/yoast.com\/wordpress\/plugins\/seo\/ -->\n<title>Agencija za elektroni\u010dke medije postala \u010dlanicom predsjedni\u0161tva ekspertne grupe Europske komisije za audiovizualne medije - Agencija za elektroni\u010dke medije<\/title>\n<meta name=\"robots\" content=\"index, follow, max-snippet:-1, max-image-preview:large, max-video-preview:-1\" \/>\n<link rel=\"canonical\" href=\"https:\/\/aem.hr\/blog\/2015\/12\/16\/agencija-za-elektronicke-medije-postala-clanicom-predsjednistva-ekspertne-grupe-europske-komisije-za-audiovizualne-medije\/\" \/>\n<meta property=\"og:locale\" content=\"en_US\" \/>\n<meta property=\"og:type\" content=\"article\" \/>\n<meta property=\"og:title\" content=\"Agencija za elektroni\u010dke medije postala \u010dlanicom predsjedni\u0161tva ekspertne grupe Europske komisije za audiovizualne medije - Agencija za elektroni\u010dke medije\" \/>\n<meta property=\"og:description\" content=\"Hrvatska Agencija za elektroni\u010dke medije izabrana je u predsjedni\u0161tvo ekspertne grupe European Regulators Group for Audiovisual&nbsp;Media Services (ERGA), koja je savjetodavno tijelo Europske komisije te ima va\u017enu ulogu u kreiranju pravnog okvira Europske unije za audiovizualne medije.&nbsp; Slijedom ulaska u predsjedni\u0161tvo ERGA-e, na \u010dijem se \u010delnom mjestu rotiraju predstavnici regulatornih agencija zemalja \u010dlanica toga tijela, [&hellip;]\" \/>\n<meta property=\"og:url\" content=\"https:\/\/aem.hr\/blog\/2015\/12\/16\/agencija-za-elektronicke-medije-postala-clanicom-predsjednistva-ekspertne-grupe-europske-komisije-za-audiovizualne-medije\/\" \/>\n<meta property=\"og:site_name\" content=\"Agencija za elektroni\u010dke medije\" \/>\n<meta property=\"article:published_time\" content=\"2015-12-16T11:03:00+00:00\" \/>\n<meta name=\"author\" content=\"Anja Jelavi\u0107\" \/>\n<meta name=\"twitter:card\" content=\"summary_large_image\" \/>\n<meta name=\"twitter:label1\" content=\"Written by\" \/>\n\t<meta name=\"twitter:data1\" content=\"Anja Jelavi\u0107\" \/>\n\t<meta name=\"twitter:label2\" content=\"Est. reading time\" \/>\n\t<meta name=\"twitter:data2\" content=\"1 minute\" \/>\n<script type=\"application\/ld+json\" class=\"yoast-schema-graph\">{\"@context\":\"https:\/\/schema.org\",\"@graph\":[{\"@type\":\"WebPage\",\"@id\":\"https:\/\/aem.hr\/blog\/2015\/12\/16\/agencija-za-elektronicke-medije-postala-clanicom-predsjednistva-ekspertne-grupe-europske-komisije-za-audiovizualne-medije\/\",\"url\":\"https:\/\/aem.hr\/blog\/2015\/12\/16\/agencija-za-elektronicke-medije-postala-clanicom-predsjednistva-ekspertne-grupe-europske-komisije-za-audiovizualne-medije\/\",\"name\":\"Agencija za elektroni\u010dke medije postala \u010dlanicom predsjedni\u0161tva ekspertne grupe Europske komisije za audiovizualne medije - Agencija za elektroni\u010dke medije\",\"isPartOf\":{\"@id\":\"https:\/\/aem.hr\/#website\"},\"datePublished\":\"2015-12-16T11:03:00+00:00\",\"author\":{\"@id\":\"https:\/\/aem.hr\/#\/schema\/person\/9d98c57f166abae7ba353f829ee5ed93\"},\"breadcrumb\":{\"@id\":\"https:\/\/aem.hr\/blog\/2015\/12\/16\/agencija-za-elektronicke-medije-postala-clanicom-predsjednistva-ekspertne-grupe-europske-komisije-za-audiovizualne-medije\/#breadcrumb\"},\"inLanguage\":\"en-US\",\"potentialAction\":[{\"@type\":\"ReadAction\",\"target\":[\"https:\/\/aem.hr\/blog\/2015\/12\/16\/agencija-za-elektronicke-medije-postala-clanicom-predsjednistva-ekspertne-grupe-europske-komisije-za-audiovizualne-medije\/\"]}]},{\"@type\":\"BreadcrumbList\",\"@id\":\"https:\/\/aem.hr\/blog\/2015\/12\/16\/agencija-za-elektronicke-medije-postala-clanicom-predsjednistva-ekspertne-grupe-europske-komisije-za-audiovizualne-medije\/#breadcrumb\",\"itemListElement\":[{\"@type\":\"ListItem\",\"position\":1,\"name\":\"Po\u010detna stranica\",\"item\":\"https:\/\/aem.hr\/\"},{\"@type\":\"ListItem\",\"position\":2,\"name\":\"Agencija za elektroni\u010dke medije postala \u010dlanicom predsjedni\u0161tva ekspertne grupe Europske komisije za audiovizualne medije\"}]},{\"@type\":\"WebSite\",\"@id\":\"https:\/\/aem.hr\/#website\",\"url\":\"https:\/\/aem.hr\/\",\"name\":\"Agencija za elektroni\u010dke medije\",\"description\":\"\",\"potentialAction\":[{\"@type\":\"SearchAction\",\"target\":{\"@type\":\"EntryPoint\",\"urlTemplate\":\"https:\/\/aem.hr\/?s={search_term_string}\"},\"query-input\":{\"@type\":\"PropertyValueSpecification\",\"valueRequired\":true,\"valueName\":\"search_term_string\"}}],\"inLanguage\":\"en-US\"},{\"@type\":\"Person\",\"@id\":\"https:\/\/aem.hr\/#\/schema\/person\/9d98c57f166abae7ba353f829ee5ed93\",\"name\":\"Anja Jelavi\u0107\",\"url\":\"https:\/\/aem.hr\/en\/blog\/author\/ajelavic\/\"}]}<\/script>\n<!-- \/ Yoast SEO plugin. -->","yoast_head_json":{"title":"Agencija za elektroni\u010dke medije postala \u010dlanicom predsjedni\u0161tva ekspertne grupe Europske komisije za audiovizualne medije - Agencija za elektroni\u010dke medije","robots":{"index":"index","follow":"follow","max-snippet":"max-snippet:-1","max-image-preview":"max-image-preview:large","max-video-preview":"max-video-preview:-1"},"canonical":"https:\/\/aem.hr\/blog\/2015\/12\/16\/agencija-za-elektronicke-medije-postala-clanicom-predsjednistva-ekspertne-grupe-europske-komisije-za-audiovizualne-medije\/","og_locale":"en_US","og_type":"article","og_title":"Agencija za elektroni\u010dke medije postala \u010dlanicom predsjedni\u0161tva ekspertne grupe Europske komisije za audiovizualne medije - Agencija za elektroni\u010dke medije","og_description":"Hrvatska Agencija za elektroni\u010dke medije izabrana je u predsjedni\u0161tvo ekspertne grupe European Regulators Group for Audiovisual&nbsp;Media Services (ERGA), koja je savjetodavno tijelo Europske komisije te ima va\u017enu ulogu u kreiranju pravnog okvira Europske unije za audiovizualne medije.&nbsp; Slijedom ulaska u predsjedni\u0161tvo ERGA-e, na \u010dijem se \u010delnom mjestu rotiraju predstavnici regulatornih agencija zemalja \u010dlanica toga tijela, [&hellip;]","og_url":"https:\/\/aem.hr\/blog\/2015\/12\/16\/agencija-za-elektronicke-medije-postala-clanicom-predsjednistva-ekspertne-grupe-europske-komisije-za-audiovizualne-medije\/","og_site_name":"Agencija za elektroni\u010dke medije","article_published_time":"2015-12-16T11:03:00+00:00","author":"Anja Jelavi\u0107","twitter_card":"summary_large_image","twitter_misc":{"Written by":"Anja Jelavi\u0107","Est. reading time":"1 minute"},"schema":{"@context":"https:\/\/schema.org","@graph":[{"@type":"WebPage","@id":"https:\/\/aem.hr\/blog\/2015\/12\/16\/agencija-za-elektronicke-medije-postala-clanicom-predsjednistva-ekspertne-grupe-europske-komisije-za-audiovizualne-medije\/","url":"https:\/\/aem.hr\/blog\/2015\/12\/16\/agencija-za-elektronicke-medije-postala-clanicom-predsjednistva-ekspertne-grupe-europske-komisije-za-audiovizualne-medije\/","name":"Agencija za elektroni\u010dke medije postala \u010dlanicom predsjedni\u0161tva ekspertne grupe Europske komisije za audiovizualne medije - Agencija za elektroni\u010dke medije","isPartOf":{"@id":"https:\/\/aem.hr\/#website"},"datePublished":"2015-12-16T11:03:00+00:00","author":{"@id":"https:\/\/aem.hr\/#\/schema\/person\/9d98c57f166abae7ba353f829ee5ed93"},"breadcrumb":{"@id":"https:\/\/aem.hr\/blog\/2015\/12\/16\/agencija-za-elektronicke-medije-postala-clanicom-predsjednistva-ekspertne-grupe-europske-komisije-za-audiovizualne-medije\/#breadcrumb"},"inLanguage":"en-US","potentialAction":[{"@type":"ReadAction","target":["https:\/\/aem.hr\/blog\/2015\/12\/16\/agencija-za-elektronicke-medije-postala-clanicom-predsjednistva-ekspertne-grupe-europske-komisije-za-audiovizualne-medije\/"]}]},{"@type":"BreadcrumbList","@id":"https:\/\/aem.hr\/blog\/2015\/12\/16\/agencija-za-elektronicke-medije-postala-clanicom-predsjednistva-ekspertne-grupe-europske-komisije-za-audiovizualne-medije\/#breadcrumb","itemListElement":[{"@type":"ListItem","position":1,"name":"Po\u010detna stranica","item":"https:\/\/aem.hr\/"},{"@type":"ListItem","position":2,"name":"Agencija za elektroni\u010dke medije postala \u010dlanicom predsjedni\u0161tva ekspertne grupe Europske komisije za audiovizualne medije"}]},{"@type":"WebSite","@id":"https:\/\/aem.hr\/#website","url":"https:\/\/aem.hr\/","name":"Agencija za elektroni\u010dke medije","description":"","potentialAction":[{"@type":"SearchAction","target":{"@type":"EntryPoint","urlTemplate":"https:\/\/aem.hr\/?s={search_term_string}"},"query-input":{"@type":"PropertyValueSpecification","valueRequired":true,"valueName":"search_term_string"}}],"inLanguage":"en-US"},{"@type":"Person","@id":"https:\/\/aem.hr\/#\/schema\/person\/9d98c57f166abae7ba353f829ee5ed93","name":"Anja Jelavi\u0107","url":"https:\/\/aem.hr\/en\/blog\/author\/ajelavic\/"}]}},"author_meta":{"display_name":"Anja Jelavi\u0107","author_link":"https:\/\/aem.hr\/en\/blog\/author\/ajelavic\/"},"featured_img":null,"coauthors":[],"tax_additional":{"categories":{"linked":["<a href=\"https:\/\/aem.hr\/en\/kategorija\/vijesti\/\" class=\"advgb-post-tax-term\">Vijesti<\/a>"],"unlinked":["<span class=\"advgb-post-tax-term\">Vijesti<\/span>"]}},"comment_count":"0","relative_dates":{"created":"Posted 10 years ago","modified":"Updated 10 years ago"},"absolute_dates":{"created":"Posted on 16. December 2015.","modified":"Updated on 16. December 2015."},"absolute_dates_time":{"created":"Posted on 16. December 2015. 12:03","modified":"Updated on 16. December 2015. 12:03"},"featured_img_caption":"","series_order":"","_links":{"self":[{"href":"https:\/\/aem.hr\/en\/wp-json\/wp\/v2\/posts\/3357","targetHints":{"allow":["GET"]}}],"collection":[{"href":"https:\/\/aem.hr\/en\/wp-json\/wp\/v2\/posts"}],"about":[{"href":"https:\/\/aem.hr\/en\/wp-json\/wp\/v2\/types\/post"}],"author":[{"embeddable":true,"href":"https:\/\/aem.hr\/en\/wp-json\/wp\/v2\/users\/14"}],"replies":[{"embeddable":true,"href":"https:\/\/aem.hr\/en\/wp-json\/wp\/v2\/comments?post=3357"}],"version-history":[{"count":0,"href":"https:\/\/aem.hr\/en\/wp-json\/wp\/v2\/posts\/3357\/revisions"}],"wp:attachment":[{"href":"https:\/\/aem.hr\/en\/wp-json\/wp\/v2\/media?parent=3357"}],"wp:term":[{"taxonomy":"category","embeddable":true,"href":"https:\/\/aem.hr\/en\/wp-json\/wp\/v2\/categories?post=3357"},{"taxonomy":"post_tag","embeddable":true,"href":"https:\/\/aem.hr\/en\/wp-json\/wp\/v2\/tags?post=3357"}],"curies":[{"name":"wp","href":"https:\/\/api.w.org\/{rel}","templated":true}]}}