{"id":3358,"date":"2015-12-21T18:40:00","date_gmt":"2015-12-21T17:40:00","guid":{"rendered":"http:\/\/emediji.inspirium.hr\/vijesti\/odrzan-sastanak-na-temu-reality-programa-u-regiji\/"},"modified":"2019-03-08T09:24:25","modified_gmt":"2019-03-08T08:24:25","slug":"odrzan-sastanak-na-temu-reality-programa-u-regiji","status":"publish","type":"post","link":"https:\/\/aem.hr\/en\/blog\/2015\/12\/21\/odrzan-sastanak-na-temu-reality-programa-u-regiji\/","title":{"rendered":"Odr\u017ean sastanak na temu reality programa u regiji"},"content":{"rendered":"<p>U organizaciji Agencije za elektroni\u010dke medije u Zagrebu je<br \/>18.prosinca 2015. odr\u017ean regionalni sastanak predstavnika<br \/>regulatornih tijela na temu <em>Reality programi kru\u017ee<br \/>regijom<\/em>.<\/p>\n<p>Predstavnici regulatora iz Bosne i Hercegovine, Crne Gore,<br \/>Hrvatske, Makedonije, Slovenije i Srbije predstavili su reality<br \/>programe koji se emitiraju u njihovim dr\u017eavama, kako su<br \/>kategorizirani te kakva im je gledanost, uz predstavljanje<br \/>problematike pseudorealityija, koji se emitiraju u BiH te Srbiji.<br \/>Predstavnici skupa posebno su se osvrnuli na Big Brother, koji se<br \/>emitira u pet dr\u017eava regije, s posebnom pozorno\u0161\u0107u na primjenu<br \/>regulacije a u okviru nacionalnih zakonodavnih praksi. Sudionici<br \/>sastanka su se slo\u017eili da priprema preporuka te suradnja mogu<br \/>pobolj\u0161ati za\u0161titu maloljetnika od potencijalno neprimjerenih i<br \/>\u0161tetnih sadr\u017eaja. Uz to, va\u017eno je i podizanje svijesti javnosti<br \/>te edukacija ne samo korisnika medijskih usluga ve\u0107 i onih koji<br \/>proizvode i emitiraju spomenute medijske sadr\u017eaje. Skup u Zagrebu<br \/>nastavak je razmjene praksi uz podr\u0161ku projekta Vije\u0107a<br \/>Europe <em>Unaprje\u0111enje slobode izra\u017eavanja i informiranja<br \/>i slobode medija u Jugoisto\u010dnoj Europi,<\/em> koji je<br \/>pokrenut ove godine a s ciljem intenziviranja suradnje regulatora<br \/>u regiji, u podru\u010dju za\u0161tite maloljetnika.<\/p>\n\n\n<p><\/p>\n","protected":false},"excerpt":{"rendered":"<p>U organizaciji Agencije za elektroni\u010dke medije u Zagrebu je18.prosinca 2015. odr\u017ean regionalni sastanak predstavnikaregulatornih tijela na temu Reality programi kru\u017eeregijom. Predstavnici regulatora iz Bosne i Hercegovine, Crne Gore,Hrvatske, Makedonije, Slovenije i Srbije predstavili su realityprograme koji se emitiraju u njihovim dr\u017eavama, kako sukategorizirani te kakva im je gledanost, uz predstavljanjeproblematike pseudorealityija, koji se emitiraju u [&hellip;]<\/p>\n","protected":false},"author":14,"featured_media":0,"comment_status":"closed","ping_status":"closed","sticky":false,"template":"","format":"standard","meta":{"_acf_changed":false,"inline_featured_image":false,"advgb_blocks_editor_width":"","advgb_blocks_columns_visual_guide":"","_links_to":"","_links_to_type":0,"footnotes":""},"categories":[83],"tags":[],"class_list":["post-3358","post","type-post","status-publish","format-standard","hentry","category-analiza-gledanosti-televizijskog-programa-u-hrvatskoj"],"acf":[],"yoast_head":"<!-- This site is optimized with the Yoast SEO plugin v25.7 - https:\/\/yoast.com\/wordpress\/plugins\/seo\/ -->\n<title>Odr\u017ean sastanak na temu reality programa u regiji - Agencija za elektroni\u010dke medije<\/title>\n<meta name=\"robots\" content=\"index, follow, max-snippet:-1, max-image-preview:large, max-video-preview:-1\" \/>\n<link rel=\"canonical\" href=\"https:\/\/aem.hr\/blog\/2015\/12\/21\/odrzan-sastanak-na-temu-reality-programa-u-regiji\/\" \/>\n<meta property=\"og:locale\" content=\"en_US\" \/>\n<meta property=\"og:type\" content=\"article\" \/>\n<meta property=\"og:title\" content=\"Odr\u017ean sastanak na temu reality programa u regiji - Agencija za elektroni\u010dke medije\" \/>\n<meta property=\"og:description\" content=\"U organizaciji Agencije za elektroni\u010dke medije u Zagrebu je18.prosinca 2015. odr\u017ean regionalni sastanak predstavnikaregulatornih tijela na temu Reality programi kru\u017eeregijom. Predstavnici regulatora iz Bosne i Hercegovine, Crne Gore,Hrvatske, Makedonije, Slovenije i Srbije predstavili su realityprograme koji se emitiraju u njihovim dr\u017eavama, kako sukategorizirani te kakva im je gledanost, uz predstavljanjeproblematike pseudorealityija, koji se emitiraju u [&hellip;]\" \/>\n<meta property=\"og:url\" content=\"https:\/\/aem.hr\/blog\/2015\/12\/21\/odrzan-sastanak-na-temu-reality-programa-u-regiji\/\" \/>\n<meta property=\"og:site_name\" content=\"Agencija za elektroni\u010dke medije\" \/>\n<meta property=\"article:published_time\" content=\"2015-12-21T17:40:00+00:00\" \/>\n<meta property=\"article:modified_time\" content=\"2019-03-08T08:24:25+00:00\" \/>\n<meta name=\"author\" content=\"Anja Jelavi\u0107\" \/>\n<meta name=\"twitter:card\" content=\"summary_large_image\" \/>\n<meta name=\"twitter:label1\" content=\"Written by\" \/>\n\t<meta name=\"twitter:data1\" content=\"Anja Jelavi\u0107\" \/>\n\t<meta name=\"twitter:label2\" content=\"Est. reading time\" \/>\n\t<meta name=\"twitter:data2\" content=\"1 minute\" \/>\n<script type=\"application\/ld+json\" class=\"yoast-schema-graph\">{\"@context\":\"https:\/\/schema.org\",\"@graph\":[{\"@type\":\"WebPage\",\"@id\":\"https:\/\/aem.hr\/blog\/2015\/12\/21\/odrzan-sastanak-na-temu-reality-programa-u-regiji\/\",\"url\":\"https:\/\/aem.hr\/blog\/2015\/12\/21\/odrzan-sastanak-na-temu-reality-programa-u-regiji\/\",\"name\":\"Odr\u017ean sastanak na temu reality programa u regiji - Agencija za elektroni\u010dke medije\",\"isPartOf\":{\"@id\":\"https:\/\/aem.hr\/#website\"},\"datePublished\":\"2015-12-21T17:40:00+00:00\",\"dateModified\":\"2019-03-08T08:24:25+00:00\",\"author\":{\"@id\":\"https:\/\/aem.hr\/#\/schema\/person\/9d98c57f166abae7ba353f829ee5ed93\"},\"breadcrumb\":{\"@id\":\"https:\/\/aem.hr\/blog\/2015\/12\/21\/odrzan-sastanak-na-temu-reality-programa-u-regiji\/#breadcrumb\"},\"inLanguage\":\"en-US\",\"potentialAction\":[{\"@type\":\"ReadAction\",\"target\":[\"https:\/\/aem.hr\/blog\/2015\/12\/21\/odrzan-sastanak-na-temu-reality-programa-u-regiji\/\"]}]},{\"@type\":\"BreadcrumbList\",\"@id\":\"https:\/\/aem.hr\/blog\/2015\/12\/21\/odrzan-sastanak-na-temu-reality-programa-u-regiji\/#breadcrumb\",\"itemListElement\":[{\"@type\":\"ListItem\",\"position\":1,\"name\":\"Po\u010detna stranica\",\"item\":\"https:\/\/aem.hr\/\"},{\"@type\":\"ListItem\",\"position\":2,\"name\":\"Odr\u017ean sastanak na temu reality programa u regiji\"}]},{\"@type\":\"WebSite\",\"@id\":\"https:\/\/aem.hr\/#website\",\"url\":\"https:\/\/aem.hr\/\",\"name\":\"Agencija za elektroni\u010dke medije\",\"description\":\"\",\"potentialAction\":[{\"@type\":\"SearchAction\",\"target\":{\"@type\":\"EntryPoint\",\"urlTemplate\":\"https:\/\/aem.hr\/?s={search_term_string}\"},\"query-input\":{\"@type\":\"PropertyValueSpecification\",\"valueRequired\":true,\"valueName\":\"search_term_string\"}}],\"inLanguage\":\"en-US\"},{\"@type\":\"Person\",\"@id\":\"https:\/\/aem.hr\/#\/schema\/person\/9d98c57f166abae7ba353f829ee5ed93\",\"name\":\"Anja Jelavi\u0107\",\"url\":\"https:\/\/aem.hr\/en\/blog\/author\/ajelavic\/\"}]}<\/script>\n<!-- \/ Yoast SEO plugin. -->","yoast_head_json":{"title":"Odr\u017ean sastanak na temu reality programa u regiji - Agencija za elektroni\u010dke medije","robots":{"index":"index","follow":"follow","max-snippet":"max-snippet:-1","max-image-preview":"max-image-preview:large","max-video-preview":"max-video-preview:-1"},"canonical":"https:\/\/aem.hr\/blog\/2015\/12\/21\/odrzan-sastanak-na-temu-reality-programa-u-regiji\/","og_locale":"en_US","og_type":"article","og_title":"Odr\u017ean sastanak na temu reality programa u regiji - Agencija za elektroni\u010dke medije","og_description":"U organizaciji Agencije za elektroni\u010dke medije u Zagrebu je18.prosinca 2015. odr\u017ean regionalni sastanak predstavnikaregulatornih tijela na temu Reality programi kru\u017eeregijom. Predstavnici regulatora iz Bosne i Hercegovine, Crne Gore,Hrvatske, Makedonije, Slovenije i Srbije predstavili su realityprograme koji se emitiraju u njihovim dr\u017eavama, kako sukategorizirani te kakva im je gledanost, uz predstavljanjeproblematike pseudorealityija, koji se emitiraju u [&hellip;]","og_url":"https:\/\/aem.hr\/blog\/2015\/12\/21\/odrzan-sastanak-na-temu-reality-programa-u-regiji\/","og_site_name":"Agencija za elektroni\u010dke medije","article_published_time":"2015-12-21T17:40:00+00:00","article_modified_time":"2019-03-08T08:24:25+00:00","author":"Anja Jelavi\u0107","twitter_card":"summary_large_image","twitter_misc":{"Written by":"Anja Jelavi\u0107","Est. reading time":"1 minute"},"schema":{"@context":"https:\/\/schema.org","@graph":[{"@type":"WebPage","@id":"https:\/\/aem.hr\/blog\/2015\/12\/21\/odrzan-sastanak-na-temu-reality-programa-u-regiji\/","url":"https:\/\/aem.hr\/blog\/2015\/12\/21\/odrzan-sastanak-na-temu-reality-programa-u-regiji\/","name":"Odr\u017ean sastanak na temu reality programa u regiji - Agencija za elektroni\u010dke medije","isPartOf":{"@id":"https:\/\/aem.hr\/#website"},"datePublished":"2015-12-21T17:40:00+00:00","dateModified":"2019-03-08T08:24:25+00:00","author":{"@id":"https:\/\/aem.hr\/#\/schema\/person\/9d98c57f166abae7ba353f829ee5ed93"},"breadcrumb":{"@id":"https:\/\/aem.hr\/blog\/2015\/12\/21\/odrzan-sastanak-na-temu-reality-programa-u-regiji\/#breadcrumb"},"inLanguage":"en-US","potentialAction":[{"@type":"ReadAction","target":["https:\/\/aem.hr\/blog\/2015\/12\/21\/odrzan-sastanak-na-temu-reality-programa-u-regiji\/"]}]},{"@type":"BreadcrumbList","@id":"https:\/\/aem.hr\/blog\/2015\/12\/21\/odrzan-sastanak-na-temu-reality-programa-u-regiji\/#breadcrumb","itemListElement":[{"@type":"ListItem","position":1,"name":"Po\u010detna stranica","item":"https:\/\/aem.hr\/"},{"@type":"ListItem","position":2,"name":"Odr\u017ean sastanak na temu reality programa u regiji"}]},{"@type":"WebSite","@id":"https:\/\/aem.hr\/#website","url":"https:\/\/aem.hr\/","name":"Agencija za elektroni\u010dke medije","description":"","potentialAction":[{"@type":"SearchAction","target":{"@type":"EntryPoint","urlTemplate":"https:\/\/aem.hr\/?s={search_term_string}"},"query-input":{"@type":"PropertyValueSpecification","valueRequired":true,"valueName":"search_term_string"}}],"inLanguage":"en-US"},{"@type":"Person","@id":"https:\/\/aem.hr\/#\/schema\/person\/9d98c57f166abae7ba353f829ee5ed93","name":"Anja Jelavi\u0107","url":"https:\/\/aem.hr\/en\/blog\/author\/ajelavic\/"}]}},"author_meta":{"display_name":"Anja Jelavi\u0107","author_link":"https:\/\/aem.hr\/en\/blog\/author\/ajelavic\/"},"featured_img":null,"coauthors":[],"tax_additional":{"categories":{"linked":["<a href=\"https:\/\/aem.hr\/en\/kategorija\/analiza-gledanosti-televizijskog-programa-u-hrvatskoj\/\" class=\"advgb-post-tax-term\">ANALIZA GLEDANOSTI TELEVIZIJSKOG PROGRAMA U HRVATSKOJ<\/a>"],"unlinked":["<span class=\"advgb-post-tax-term\">ANALIZA GLEDANOSTI TELEVIZIJSKOG PROGRAMA U HRVATSKOJ<\/span>"]}},"comment_count":"0","relative_dates":{"created":"Posted 10 years ago","modified":"Updated 7 years ago"},"absolute_dates":{"created":"Posted on 21. December 2015.","modified":"Updated on 8. March 2019."},"absolute_dates_time":{"created":"Posted on 21. December 2015. 18:40","modified":"Updated on 8. March 2019. 9:24"},"featured_img_caption":"","series_order":"","_links":{"self":[{"href":"https:\/\/aem.hr\/en\/wp-json\/wp\/v2\/posts\/3358","targetHints":{"allow":["GET"]}}],"collection":[{"href":"https:\/\/aem.hr\/en\/wp-json\/wp\/v2\/posts"}],"about":[{"href":"https:\/\/aem.hr\/en\/wp-json\/wp\/v2\/types\/post"}],"author":[{"embeddable":true,"href":"https:\/\/aem.hr\/en\/wp-json\/wp\/v2\/users\/14"}],"replies":[{"embeddable":true,"href":"https:\/\/aem.hr\/en\/wp-json\/wp\/v2\/comments?post=3358"}],"version-history":[{"count":3,"href":"https:\/\/aem.hr\/en\/wp-json\/wp\/v2\/posts\/3358\/revisions"}],"predecessor-version":[{"id":4889,"href":"https:\/\/aem.hr\/en\/wp-json\/wp\/v2\/posts\/3358\/revisions\/4889"}],"wp:attachment":[{"href":"https:\/\/aem.hr\/en\/wp-json\/wp\/v2\/media?parent=3358"}],"wp:term":[{"taxonomy":"category","embeddable":true,"href":"https:\/\/aem.hr\/en\/wp-json\/wp\/v2\/categories?post=3358"},{"taxonomy":"post_tag","embeddable":true,"href":"https:\/\/aem.hr\/en\/wp-json\/wp\/v2\/tags?post=3358"}],"curies":[{"name":"wp","href":"https:\/\/api.w.org\/{rel}","templated":true}]}}