{"id":3445,"date":"2016-06-09T11:14:00","date_gmt":"2016-06-09T09:14:00","guid":{"rendered":"http:\/\/emediji.inspirium.hr\/vijesti\/upute-za-pravdanje-sredstava-fonda-za-poticanje-pluralizma-i-raznovrsnosti-elektronickih-medija-u-2015-jn-01-15-02-15-i-03-15-u-2016-godini\/"},"modified":"2016-06-09T11:14:00","modified_gmt":"2016-06-09T09:14:00","slug":"upute-za-pravdanje-sredstava-fonda-za-poticanje-pluralizma-i-raznovrsnosti-elektronickih-medija-u-2015-jn-01-15-02-15-i-03-15-u-2016-godini","status":"publish","type":"post","link":"https:\/\/aem.hr\/en\/blog\/2016\/06\/09\/upute-za-pravdanje-sredstava-fonda-za-poticanje-pluralizma-i-raznovrsnosti-elektronickih-medija-u-2015-jn-01-15-02-15-i-03-15-u-2016-godini\/","title":{"rendered":"Upute za pravdanje sredstava Fonda za poticanje pluralizma i raznovrsnosti elektroni\u010dkih medija u 2015. \u2013 JN 01\/15, 02\/15 i 03\/15 u 2016. godini"},"content":{"rendered":"<p><span>Skre\u0107emo pozornost obveznicima pravdanja fondova u 2016. godini da \u0107e se programsko pravdanje sredstava Fondova 01\/15, 02\/15 i 03\/15 provoditi sli\u010dno kao i 2015. godine, putem periodi\u010dkih izvje\u0161\u0107a koja se unose u web-aplikaciju pravdanja, na poveznici<span>\u00a0<\/span><a href=\"https:\/\/pmu.e-mediji.hr\/\">https:\/\/pmu.e-mediji.hr<\/a>.<\/span><\/p>\n<p><span>U odnosu na prethodne godine, do\u0161lo je do izmjene u terminskom planu ispunjavanja programskih podataka o realizaciji emisija te je sada uveden <span>dodatni raniji termin<\/span> za dostavu podataka o emisijama. <\/span><span>Naime, za emisije emitirane u razdoblju od 1. sije\u010dnja do 31. svibnja 2016., podatci moraju biti uneseni najkasnije do 8. srpnja 2016. U nastavku razdoblja realizacije, od 1. lipnja do 31. prosinca 2016., terminski plan ne razlikuje se bitno u odnosu na ranije godine.<\/span><\/p>\n<p>Sve pojedinosti o tome, kao i o svim ostalim va\u017enim informacijama koje se odnose na programsko pravdanje, mo\u017eete prona\u0107i u <a href=\"\/repository_files\/file\/877\/\">prilo\u017eenom dokumentu<\/a> s va\u017enim napomenama. Ujedno Vas pozivamo da se pri radu s aplikacijom koristite i <em><a href=\"\/repository_files\/file\/876\/\"><span>Korisni\u010dkim priru\u010dnikom za kori\u0161tenje aplikacijom pravdanja putem weba<\/span><\/a>.<\/em><\/p>\n","protected":false},"excerpt":{"rendered":"<p>Skre\u0107emo pozornost obveznicima pravdanja fondova u 2016. godini da \u0107e se programsko pravdanje sredstava Fondova 01\/15, 02\/15 i 03\/15 provoditi sli\u010dno kao i 2015. godine, putem periodi\u010dkih izvje\u0161\u0107a koja se unose u web-aplikaciju pravdanja, na poveznici\u00a0https:\/\/pmu.e-mediji.hr. U odnosu na prethodne godine, do\u0161lo je do izmjene u terminskom planu ispunjavanja programskih podataka o realizaciji emisija te [&hellip;]<\/p>\n","protected":false},"author":14,"featured_media":0,"comment_status":"closed","ping_status":"closed","sticky":false,"template":"","format":"standard","meta":{"_acf_changed":false,"inline_featured_image":false,"advgb_blocks_editor_width":"","advgb_blocks_columns_visual_guide":"","_links_to":"","_links_to_type":0,"footnotes":""},"categories":[89],"tags":[],"class_list":["post-3445","post","type-post","status-publish","format-standard","hentry","category-fond-za-pluralizam"],"acf":[],"yoast_head":"<!-- This site is optimized with the Yoast SEO plugin v25.7 - https:\/\/yoast.com\/wordpress\/plugins\/seo\/ -->\n<title>Upute za pravdanje sredstava Fonda za poticanje pluralizma i raznovrsnosti elektroni\u010dkih medija u 2015. \u2013 JN 01\/15, 02\/15 i 03\/15 u 2016. godini - Agencija za elektroni\u010dke medije<\/title>\n<meta name=\"robots\" content=\"index, follow, max-snippet:-1, max-image-preview:large, max-video-preview:-1\" \/>\n<link rel=\"canonical\" href=\"https:\/\/aem.hr\/blog\/2016\/06\/09\/upute-za-pravdanje-sredstava-fonda-za-poticanje-pluralizma-i-raznovrsnosti-elektronickih-medija-u-2015-jn-01-15-02-15-i-03-15-u-2016-godini\/\" \/>\n<meta property=\"og:locale\" content=\"en_US\" \/>\n<meta property=\"og:type\" content=\"article\" \/>\n<meta property=\"og:title\" content=\"Upute za pravdanje sredstava Fonda za poticanje pluralizma i raznovrsnosti elektroni\u010dkih medija u 2015. \u2013 JN 01\/15, 02\/15 i 03\/15 u 2016. godini - Agencija za elektroni\u010dke medije\" \/>\n<meta property=\"og:description\" content=\"Skre\u0107emo pozornost obveznicima pravdanja fondova u 2016. godini da \u0107e se programsko pravdanje sredstava Fondova 01\/15, 02\/15 i 03\/15 provoditi sli\u010dno kao i 2015. godine, putem periodi\u010dkih izvje\u0161\u0107a koja se unose u web-aplikaciju pravdanja, na poveznici\u00a0https:\/\/pmu.e-mediji.hr. U odnosu na prethodne godine, do\u0161lo je do izmjene u terminskom planu ispunjavanja programskih podataka o realizaciji emisija te [&hellip;]\" \/>\n<meta property=\"og:url\" content=\"https:\/\/aem.hr\/blog\/2016\/06\/09\/upute-za-pravdanje-sredstava-fonda-za-poticanje-pluralizma-i-raznovrsnosti-elektronickih-medija-u-2015-jn-01-15-02-15-i-03-15-u-2016-godini\/\" \/>\n<meta property=\"og:site_name\" content=\"Agencija za elektroni\u010dke medije\" \/>\n<meta property=\"article:published_time\" content=\"2016-06-09T09:14:00+00:00\" \/>\n<meta name=\"author\" content=\"Anja Jelavi\u0107\" \/>\n<meta name=\"twitter:card\" content=\"summary_large_image\" \/>\n<meta name=\"twitter:label1\" content=\"Written by\" \/>\n\t<meta name=\"twitter:data1\" content=\"Anja Jelavi\u0107\" \/>\n\t<meta name=\"twitter:label2\" content=\"Est. reading time\" \/>\n\t<meta name=\"twitter:data2\" content=\"1 minute\" \/>\n<script type=\"application\/ld+json\" class=\"yoast-schema-graph\">{\"@context\":\"https:\/\/schema.org\",\"@graph\":[{\"@type\":\"WebPage\",\"@id\":\"https:\/\/aem.hr\/blog\/2016\/06\/09\/upute-za-pravdanje-sredstava-fonda-za-poticanje-pluralizma-i-raznovrsnosti-elektronickih-medija-u-2015-jn-01-15-02-15-i-03-15-u-2016-godini\/\",\"url\":\"https:\/\/aem.hr\/blog\/2016\/06\/09\/upute-za-pravdanje-sredstava-fonda-za-poticanje-pluralizma-i-raznovrsnosti-elektronickih-medija-u-2015-jn-01-15-02-15-i-03-15-u-2016-godini\/\",\"name\":\"Upute za pravdanje sredstava Fonda za poticanje pluralizma i raznovrsnosti elektroni\u010dkih medija u 2015. \u2013 JN 01\/15, 02\/15 i 03\/15 u 2016. godini - Agencija za elektroni\u010dke medije\",\"isPartOf\":{\"@id\":\"https:\/\/aem.hr\/#website\"},\"datePublished\":\"2016-06-09T09:14:00+00:00\",\"author\":{\"@id\":\"https:\/\/aem.hr\/#\/schema\/person\/9d98c57f166abae7ba353f829ee5ed93\"},\"breadcrumb\":{\"@id\":\"https:\/\/aem.hr\/blog\/2016\/06\/09\/upute-za-pravdanje-sredstava-fonda-za-poticanje-pluralizma-i-raznovrsnosti-elektronickih-medija-u-2015-jn-01-15-02-15-i-03-15-u-2016-godini\/#breadcrumb\"},\"inLanguage\":\"en-US\",\"potentialAction\":[{\"@type\":\"ReadAction\",\"target\":[\"https:\/\/aem.hr\/blog\/2016\/06\/09\/upute-za-pravdanje-sredstava-fonda-za-poticanje-pluralizma-i-raznovrsnosti-elektronickih-medija-u-2015-jn-01-15-02-15-i-03-15-u-2016-godini\/\"]}]},{\"@type\":\"BreadcrumbList\",\"@id\":\"https:\/\/aem.hr\/blog\/2016\/06\/09\/upute-za-pravdanje-sredstava-fonda-za-poticanje-pluralizma-i-raznovrsnosti-elektronickih-medija-u-2015-jn-01-15-02-15-i-03-15-u-2016-godini\/#breadcrumb\",\"itemListElement\":[{\"@type\":\"ListItem\",\"position\":1,\"name\":\"Po\u010detna stranica\",\"item\":\"https:\/\/aem.hr\/\"},{\"@type\":\"ListItem\",\"position\":2,\"name\":\"Upute za pravdanje sredstava Fonda za poticanje pluralizma i raznovrsnosti elektroni\u010dkih medija u 2015. \u2013 JN 01\/15, 02\/15 i 03\/15 u 2016. godini\"}]},{\"@type\":\"WebSite\",\"@id\":\"https:\/\/aem.hr\/#website\",\"url\":\"https:\/\/aem.hr\/\",\"name\":\"Agencija za elektroni\u010dke medije\",\"description\":\"\",\"potentialAction\":[{\"@type\":\"SearchAction\",\"target\":{\"@type\":\"EntryPoint\",\"urlTemplate\":\"https:\/\/aem.hr\/?s={search_term_string}\"},\"query-input\":{\"@type\":\"PropertyValueSpecification\",\"valueRequired\":true,\"valueName\":\"search_term_string\"}}],\"inLanguage\":\"en-US\"},{\"@type\":\"Person\",\"@id\":\"https:\/\/aem.hr\/#\/schema\/person\/9d98c57f166abae7ba353f829ee5ed93\",\"name\":\"Anja Jelavi\u0107\",\"url\":\"https:\/\/aem.hr\/en\/blog\/author\/ajelavic\/\"}]}<\/script>\n<!-- \/ Yoast SEO plugin. -->","yoast_head_json":{"title":"Upute za pravdanje sredstava Fonda za poticanje pluralizma i raznovrsnosti elektroni\u010dkih medija u 2015. \u2013 JN 01\/15, 02\/15 i 03\/15 u 2016. godini - Agencija za elektroni\u010dke medije","robots":{"index":"index","follow":"follow","max-snippet":"max-snippet:-1","max-image-preview":"max-image-preview:large","max-video-preview":"max-video-preview:-1"},"canonical":"https:\/\/aem.hr\/blog\/2016\/06\/09\/upute-za-pravdanje-sredstava-fonda-za-poticanje-pluralizma-i-raznovrsnosti-elektronickih-medija-u-2015-jn-01-15-02-15-i-03-15-u-2016-godini\/","og_locale":"en_US","og_type":"article","og_title":"Upute za pravdanje sredstava Fonda za poticanje pluralizma i raznovrsnosti elektroni\u010dkih medija u 2015. \u2013 JN 01\/15, 02\/15 i 03\/15 u 2016. godini - Agencija za elektroni\u010dke medije","og_description":"Skre\u0107emo pozornost obveznicima pravdanja fondova u 2016. godini da \u0107e se programsko pravdanje sredstava Fondova 01\/15, 02\/15 i 03\/15 provoditi sli\u010dno kao i 2015. godine, putem periodi\u010dkih izvje\u0161\u0107a koja se unose u web-aplikaciju pravdanja, na poveznici\u00a0https:\/\/pmu.e-mediji.hr. U odnosu na prethodne godine, do\u0161lo je do izmjene u terminskom planu ispunjavanja programskih podataka o realizaciji emisija te [&hellip;]","og_url":"https:\/\/aem.hr\/blog\/2016\/06\/09\/upute-za-pravdanje-sredstava-fonda-za-poticanje-pluralizma-i-raznovrsnosti-elektronickih-medija-u-2015-jn-01-15-02-15-i-03-15-u-2016-godini\/","og_site_name":"Agencija za elektroni\u010dke medije","article_published_time":"2016-06-09T09:14:00+00:00","author":"Anja Jelavi\u0107","twitter_card":"summary_large_image","twitter_misc":{"Written by":"Anja Jelavi\u0107","Est. reading time":"1 minute"},"schema":{"@context":"https:\/\/schema.org","@graph":[{"@type":"WebPage","@id":"https:\/\/aem.hr\/blog\/2016\/06\/09\/upute-za-pravdanje-sredstava-fonda-za-poticanje-pluralizma-i-raznovrsnosti-elektronickih-medija-u-2015-jn-01-15-02-15-i-03-15-u-2016-godini\/","url":"https:\/\/aem.hr\/blog\/2016\/06\/09\/upute-za-pravdanje-sredstava-fonda-za-poticanje-pluralizma-i-raznovrsnosti-elektronickih-medija-u-2015-jn-01-15-02-15-i-03-15-u-2016-godini\/","name":"Upute za pravdanje sredstava Fonda za poticanje pluralizma i raznovrsnosti elektroni\u010dkih medija u 2015. \u2013 JN 01\/15, 02\/15 i 03\/15 u 2016. godini - Agencija za elektroni\u010dke medije","isPartOf":{"@id":"https:\/\/aem.hr\/#website"},"datePublished":"2016-06-09T09:14:00+00:00","author":{"@id":"https:\/\/aem.hr\/#\/schema\/person\/9d98c57f166abae7ba353f829ee5ed93"},"breadcrumb":{"@id":"https:\/\/aem.hr\/blog\/2016\/06\/09\/upute-za-pravdanje-sredstava-fonda-za-poticanje-pluralizma-i-raznovrsnosti-elektronickih-medija-u-2015-jn-01-15-02-15-i-03-15-u-2016-godini\/#breadcrumb"},"inLanguage":"en-US","potentialAction":[{"@type":"ReadAction","target":["https:\/\/aem.hr\/blog\/2016\/06\/09\/upute-za-pravdanje-sredstava-fonda-za-poticanje-pluralizma-i-raznovrsnosti-elektronickih-medija-u-2015-jn-01-15-02-15-i-03-15-u-2016-godini\/"]}]},{"@type":"BreadcrumbList","@id":"https:\/\/aem.hr\/blog\/2016\/06\/09\/upute-za-pravdanje-sredstava-fonda-za-poticanje-pluralizma-i-raznovrsnosti-elektronickih-medija-u-2015-jn-01-15-02-15-i-03-15-u-2016-godini\/#breadcrumb","itemListElement":[{"@type":"ListItem","position":1,"name":"Po\u010detna stranica","item":"https:\/\/aem.hr\/"},{"@type":"ListItem","position":2,"name":"Upute za pravdanje sredstava Fonda za poticanje pluralizma i raznovrsnosti elektroni\u010dkih medija u 2015. \u2013 JN 01\/15, 02\/15 i 03\/15 u 2016. godini"}]},{"@type":"WebSite","@id":"https:\/\/aem.hr\/#website","url":"https:\/\/aem.hr\/","name":"Agencija za elektroni\u010dke medije","description":"","potentialAction":[{"@type":"SearchAction","target":{"@type":"EntryPoint","urlTemplate":"https:\/\/aem.hr\/?s={search_term_string}"},"query-input":{"@type":"PropertyValueSpecification","valueRequired":true,"valueName":"search_term_string"}}],"inLanguage":"en-US"},{"@type":"Person","@id":"https:\/\/aem.hr\/#\/schema\/person\/9d98c57f166abae7ba353f829ee5ed93","name":"Anja Jelavi\u0107","url":"https:\/\/aem.hr\/en\/blog\/author\/ajelavic\/"}]}},"author_meta":{"display_name":"Anja Jelavi\u0107","author_link":"https:\/\/aem.hr\/en\/blog\/author\/ajelavic\/"},"featured_img":null,"coauthors":[],"tax_additional":{"categories":{"linked":["<a href=\"https:\/\/aem.hr\/en\/kategorija\/fond-za-pluralizam\/\" class=\"advgb-post-tax-term\">Fond za pluralizam<\/a>"],"unlinked":["<span class=\"advgb-post-tax-term\">Fond za pluralizam<\/span>"]}},"comment_count":"0","relative_dates":{"created":"Posted 10 years ago","modified":"Updated 10 years ago"},"absolute_dates":{"created":"Posted on 9. June 2016.","modified":"Updated on 9. June 2016."},"absolute_dates_time":{"created":"Posted on 9. June 2016. 11:14","modified":"Updated on 9. June 2016. 11:14"},"featured_img_caption":"","series_order":"","_links":{"self":[{"href":"https:\/\/aem.hr\/en\/wp-json\/wp\/v2\/posts\/3445","targetHints":{"allow":["GET"]}}],"collection":[{"href":"https:\/\/aem.hr\/en\/wp-json\/wp\/v2\/posts"}],"about":[{"href":"https:\/\/aem.hr\/en\/wp-json\/wp\/v2\/types\/post"}],"author":[{"embeddable":true,"href":"https:\/\/aem.hr\/en\/wp-json\/wp\/v2\/users\/14"}],"replies":[{"embeddable":true,"href":"https:\/\/aem.hr\/en\/wp-json\/wp\/v2\/comments?post=3445"}],"version-history":[{"count":0,"href":"https:\/\/aem.hr\/en\/wp-json\/wp\/v2\/posts\/3445\/revisions"}],"wp:attachment":[{"href":"https:\/\/aem.hr\/en\/wp-json\/wp\/v2\/media?parent=3445"}],"wp:term":[{"taxonomy":"category","embeddable":true,"href":"https:\/\/aem.hr\/en\/wp-json\/wp\/v2\/categories?post=3445"},{"taxonomy":"post_tag","embeddable":true,"href":"https:\/\/aem.hr\/en\/wp-json\/wp\/v2\/tags?post=3445"}],"curies":[{"name":"wp","href":"https:\/\/api.w.org\/{rel}","templated":true}]}}