{"id":3634,"date":"2017-05-23T16:58:00","date_gmt":"2017-05-23T14:58:00","guid":{"rendered":"http:\/\/emediji.inspirium.hr\/vijesti\/odluka-o-dodjeli-sredstava-fonda-01-17\/"},"modified":"2017-05-23T16:58:00","modified_gmt":"2017-05-23T14:58:00","slug":"odluka-o-dodjeli-sredstava-fonda-01-17","status":"publish","type":"post","link":"https:\/\/aem.hr\/en\/blog\/2017\/05\/23\/odluka-o-dodjeli-sredstava-fonda-01-17\/","title":{"rendered":"Odluka o dodjeli sredstava Fonda 01\/17"},"content":{"rendered":"<p>Na temelju provedenog Javnog natje\u010daja broj 01\/17 za raspodjelu sredstava Fonda za poticanje pluralizma i raznovrsnosti elektroni\u010dkih medija \u2013 nakladnika radija, neprofitnih pru\u017eatelja medijskih usluga televizije i radija iz \u010dlanka 19. i 79. ZEM-a, neprofitnih pru\u017eatelja elektroni\u010dkih publikacija, neprofitnih proizvo\u0111a\u010da audiovizualnih i radijskih programa za 2017. i 2018. godinu (\u201eNarodne novine\u201c broj 07\/17) dodijeljena su ukupna sredstva za:<\/p>\n<p>&#8211;\u00a0<strong>120<\/strong> <strong>nakladnika radija te neprofitna pru\u017eatelja medijskih usluga radija iz \u010dlanka 19. i 79. ZEM-a<\/strong> u iznosu od <strong>=29.248.000,00 <\/strong>kuna,<\/p>\n<p>&#8211;\u00a0<strong>1<\/strong> <strong>neprofitnog pru\u017eatelja medijske usluge televizije iz \u010dlanka 19. i 79. ZEM-a<\/strong> u iznosu od <strong>=700.000,00 <\/strong>kuna,<\/p>\n<p>&#8211;\u00a0<strong>20<\/strong> <strong>neprofitnih pru\u017eatelja elektroni\u010dkih publikacija<\/strong> u iznosu od <strong>=3.360.000,00 <\/strong>kuna,<\/p>\n<p>&#8211;\u00a0<strong>8<\/strong> <strong>neprofitnih proizvo\u0111a\u010da audiovizualnog i radijskog programa<\/strong> u iznosu od =<strong>1.344.000,00<\/strong> kuna<\/p>\n<p><a href=\"\/repository_files\/file\/1079\/\">Odluka<\/a><\/p>\n","protected":false},"excerpt":{"rendered":"<p>Na temelju provedenog Javnog natje\u010daja broj 01\/17 za raspodjelu sredstava Fonda za poticanje pluralizma i raznovrsnosti elektroni\u010dkih medija \u2013 nakladnika radija, neprofitnih pru\u017eatelja medijskih usluga televizije i radija iz \u010dlanka 19. i 79. ZEM-a, neprofitnih pru\u017eatelja elektroni\u010dkih publikacija, neprofitnih proizvo\u0111a\u010da audiovizualnih i radijskih programa za 2017. i 2018. godinu (\u201eNarodne novine\u201c broj 07\/17) dodijeljena su [&hellip;]<\/p>\n","protected":false},"author":13,"featured_media":0,"comment_status":"closed","ping_status":"closed","sticky":false,"template":"","format":"standard","meta":{"_acf_changed":false,"inline_featured_image":false,"advgb_blocks_editor_width":"","advgb_blocks_columns_visual_guide":"","_links_to":"","_links_to_type":0,"footnotes":""},"categories":[89],"tags":[],"class_list":["post-3634","post","type-post","status-publish","format-standard","hentry","category-fond-za-pluralizam"],"acf":[],"yoast_head":"<!-- This site is optimized with the Yoast SEO plugin v25.7 - https:\/\/yoast.com\/wordpress\/plugins\/seo\/ -->\n<title>Odluka o dodjeli sredstava Fonda 01\/17 - Agencija za elektroni\u010dke medije<\/title>\n<meta name=\"robots\" content=\"index, follow, max-snippet:-1, max-image-preview:large, max-video-preview:-1\" \/>\n<link rel=\"canonical\" href=\"https:\/\/aem.hr\/blog\/2017\/05\/23\/odluka-o-dodjeli-sredstava-fonda-01-17\/\" \/>\n<meta property=\"og:locale\" content=\"en_US\" \/>\n<meta property=\"og:type\" content=\"article\" \/>\n<meta property=\"og:title\" content=\"Odluka o dodjeli sredstava Fonda 01\/17 - Agencija za elektroni\u010dke medije\" \/>\n<meta property=\"og:description\" content=\"Na temelju provedenog Javnog natje\u010daja broj 01\/17 za raspodjelu sredstava Fonda za poticanje pluralizma i raznovrsnosti elektroni\u010dkih medija \u2013 nakladnika radija, neprofitnih pru\u017eatelja medijskih usluga televizije i radija iz \u010dlanka 19. i 79. ZEM-a, neprofitnih pru\u017eatelja elektroni\u010dkih publikacija, neprofitnih proizvo\u0111a\u010da audiovizualnih i radijskih programa za 2017. i 2018. godinu (\u201eNarodne novine\u201c broj 07\/17) dodijeljena su [&hellip;]\" \/>\n<meta property=\"og:url\" content=\"https:\/\/aem.hr\/blog\/2017\/05\/23\/odluka-o-dodjeli-sredstava-fonda-01-17\/\" \/>\n<meta property=\"og:site_name\" content=\"Agencija za elektroni\u010dke medije\" \/>\n<meta property=\"article:published_time\" content=\"2017-05-23T14:58:00+00:00\" \/>\n<meta name=\"author\" content=\"Josip Maru\u0161i\u0107\" \/>\n<meta name=\"twitter:card\" content=\"summary_large_image\" \/>\n<meta name=\"twitter:label1\" content=\"Written by\" \/>\n\t<meta name=\"twitter:data1\" content=\"Josip Maru\u0161i\u0107\" \/>\n\t<meta name=\"twitter:label2\" content=\"Est. reading time\" \/>\n\t<meta name=\"twitter:data2\" content=\"1 minute\" \/>\n<script type=\"application\/ld+json\" class=\"yoast-schema-graph\">{\"@context\":\"https:\/\/schema.org\",\"@graph\":[{\"@type\":\"WebPage\",\"@id\":\"https:\/\/aem.hr\/blog\/2017\/05\/23\/odluka-o-dodjeli-sredstava-fonda-01-17\/\",\"url\":\"https:\/\/aem.hr\/blog\/2017\/05\/23\/odluka-o-dodjeli-sredstava-fonda-01-17\/\",\"name\":\"Odluka o dodjeli sredstava Fonda 01\/17 - Agencija za elektroni\u010dke medije\",\"isPartOf\":{\"@id\":\"https:\/\/aem.hr\/#website\"},\"datePublished\":\"2017-05-23T14:58:00+00:00\",\"author\":{\"@id\":\"https:\/\/aem.hr\/#\/schema\/person\/b9e33e71f4dc3b7e09ac84016f823e3c\"},\"breadcrumb\":{\"@id\":\"https:\/\/aem.hr\/blog\/2017\/05\/23\/odluka-o-dodjeli-sredstava-fonda-01-17\/#breadcrumb\"},\"inLanguage\":\"en-US\",\"potentialAction\":[{\"@type\":\"ReadAction\",\"target\":[\"https:\/\/aem.hr\/blog\/2017\/05\/23\/odluka-o-dodjeli-sredstava-fonda-01-17\/\"]}]},{\"@type\":\"BreadcrumbList\",\"@id\":\"https:\/\/aem.hr\/blog\/2017\/05\/23\/odluka-o-dodjeli-sredstava-fonda-01-17\/#breadcrumb\",\"itemListElement\":[{\"@type\":\"ListItem\",\"position\":1,\"name\":\"Po\u010detna stranica\",\"item\":\"https:\/\/aem.hr\/\"},{\"@type\":\"ListItem\",\"position\":2,\"name\":\"Odluka o dodjeli sredstava Fonda 01\/17\"}]},{\"@type\":\"WebSite\",\"@id\":\"https:\/\/aem.hr\/#website\",\"url\":\"https:\/\/aem.hr\/\",\"name\":\"Agencija za elektroni\u010dke medije\",\"description\":\"\",\"potentialAction\":[{\"@type\":\"SearchAction\",\"target\":{\"@type\":\"EntryPoint\",\"urlTemplate\":\"https:\/\/aem.hr\/?s={search_term_string}\"},\"query-input\":{\"@type\":\"PropertyValueSpecification\",\"valueRequired\":true,\"valueName\":\"search_term_string\"}}],\"inLanguage\":\"en-US\"},{\"@type\":\"Person\",\"@id\":\"https:\/\/aem.hr\/#\/schema\/person\/b9e33e71f4dc3b7e09ac84016f823e3c\",\"name\":\"Josip Maru\u0161i\u0107\",\"url\":\"https:\/\/aem.hr\/en\/blog\/author\/josip\/\"}]}<\/script>\n<!-- \/ Yoast SEO plugin. -->","yoast_head_json":{"title":"Odluka o dodjeli sredstava Fonda 01\/17 - Agencija za elektroni\u010dke medije","robots":{"index":"index","follow":"follow","max-snippet":"max-snippet:-1","max-image-preview":"max-image-preview:large","max-video-preview":"max-video-preview:-1"},"canonical":"https:\/\/aem.hr\/blog\/2017\/05\/23\/odluka-o-dodjeli-sredstava-fonda-01-17\/","og_locale":"en_US","og_type":"article","og_title":"Odluka o dodjeli sredstava Fonda 01\/17 - Agencija za elektroni\u010dke medije","og_description":"Na temelju provedenog Javnog natje\u010daja broj 01\/17 za raspodjelu sredstava Fonda za poticanje pluralizma i raznovrsnosti elektroni\u010dkih medija \u2013 nakladnika radija, neprofitnih pru\u017eatelja medijskih usluga televizije i radija iz \u010dlanka 19. i 79. ZEM-a, neprofitnih pru\u017eatelja elektroni\u010dkih publikacija, neprofitnih proizvo\u0111a\u010da audiovizualnih i radijskih programa za 2017. i 2018. godinu (\u201eNarodne novine\u201c broj 07\/17) dodijeljena su [&hellip;]","og_url":"https:\/\/aem.hr\/blog\/2017\/05\/23\/odluka-o-dodjeli-sredstava-fonda-01-17\/","og_site_name":"Agencija za elektroni\u010dke medije","article_published_time":"2017-05-23T14:58:00+00:00","author":"Josip Maru\u0161i\u0107","twitter_card":"summary_large_image","twitter_misc":{"Written by":"Josip Maru\u0161i\u0107","Est. reading time":"1 minute"},"schema":{"@context":"https:\/\/schema.org","@graph":[{"@type":"WebPage","@id":"https:\/\/aem.hr\/blog\/2017\/05\/23\/odluka-o-dodjeli-sredstava-fonda-01-17\/","url":"https:\/\/aem.hr\/blog\/2017\/05\/23\/odluka-o-dodjeli-sredstava-fonda-01-17\/","name":"Odluka o dodjeli sredstava Fonda 01\/17 - Agencija za elektroni\u010dke medije","isPartOf":{"@id":"https:\/\/aem.hr\/#website"},"datePublished":"2017-05-23T14:58:00+00:00","author":{"@id":"https:\/\/aem.hr\/#\/schema\/person\/b9e33e71f4dc3b7e09ac84016f823e3c"},"breadcrumb":{"@id":"https:\/\/aem.hr\/blog\/2017\/05\/23\/odluka-o-dodjeli-sredstava-fonda-01-17\/#breadcrumb"},"inLanguage":"en-US","potentialAction":[{"@type":"ReadAction","target":["https:\/\/aem.hr\/blog\/2017\/05\/23\/odluka-o-dodjeli-sredstava-fonda-01-17\/"]}]},{"@type":"BreadcrumbList","@id":"https:\/\/aem.hr\/blog\/2017\/05\/23\/odluka-o-dodjeli-sredstava-fonda-01-17\/#breadcrumb","itemListElement":[{"@type":"ListItem","position":1,"name":"Po\u010detna stranica","item":"https:\/\/aem.hr\/"},{"@type":"ListItem","position":2,"name":"Odluka o dodjeli sredstava Fonda 01\/17"}]},{"@type":"WebSite","@id":"https:\/\/aem.hr\/#website","url":"https:\/\/aem.hr\/","name":"Agencija za elektroni\u010dke medije","description":"","potentialAction":[{"@type":"SearchAction","target":{"@type":"EntryPoint","urlTemplate":"https:\/\/aem.hr\/?s={search_term_string}"},"query-input":{"@type":"PropertyValueSpecification","valueRequired":true,"valueName":"search_term_string"}}],"inLanguage":"en-US"},{"@type":"Person","@id":"https:\/\/aem.hr\/#\/schema\/person\/b9e33e71f4dc3b7e09ac84016f823e3c","name":"Josip Maru\u0161i\u0107","url":"https:\/\/aem.hr\/en\/blog\/author\/josip\/"}]}},"author_meta":{"display_name":"Josip Maru\u0161i\u0107","author_link":"https:\/\/aem.hr\/en\/blog\/author\/josip\/"},"featured_img":null,"coauthors":[],"tax_additional":{"categories":{"linked":["<a href=\"https:\/\/aem.hr\/en\/kategorija\/fond-za-pluralizam\/\" class=\"advgb-post-tax-term\">Fond za pluralizam<\/a>"],"unlinked":["<span class=\"advgb-post-tax-term\">Fond za pluralizam<\/span>"]}},"comment_count":"0","relative_dates":{"created":"Posted 9 years ago","modified":"Updated 9 years ago"},"absolute_dates":{"created":"Posted on 23. May 2017.","modified":"Updated on 23. May 2017."},"absolute_dates_time":{"created":"Posted on 23. May 2017. 16:58","modified":"Updated on 23. May 2017. 16:58"},"featured_img_caption":"","series_order":"","_links":{"self":[{"href":"https:\/\/aem.hr\/en\/wp-json\/wp\/v2\/posts\/3634","targetHints":{"allow":["GET"]}}],"collection":[{"href":"https:\/\/aem.hr\/en\/wp-json\/wp\/v2\/posts"}],"about":[{"href":"https:\/\/aem.hr\/en\/wp-json\/wp\/v2\/types\/post"}],"author":[{"embeddable":true,"href":"https:\/\/aem.hr\/en\/wp-json\/wp\/v2\/users\/13"}],"replies":[{"embeddable":true,"href":"https:\/\/aem.hr\/en\/wp-json\/wp\/v2\/comments?post=3634"}],"version-history":[{"count":0,"href":"https:\/\/aem.hr\/en\/wp-json\/wp\/v2\/posts\/3634\/revisions"}],"wp:attachment":[{"href":"https:\/\/aem.hr\/en\/wp-json\/wp\/v2\/media?parent=3634"}],"wp:term":[{"taxonomy":"category","embeddable":true,"href":"https:\/\/aem.hr\/en\/wp-json\/wp\/v2\/categories?post=3634"},{"taxonomy":"post_tag","embeddable":true,"href":"https:\/\/aem.hr\/en\/wp-json\/wp\/v2\/tags?post=3634"}],"curies":[{"name":"wp","href":"https:\/\/api.w.org\/{rel}","templated":true}]}}