{"id":3774,"date":"2018-03-21T12:46:00","date_gmt":"2018-03-21T11:46:00","guid":{"rendered":"http:\/\/emediji.inspirium.hr\/vijesti\/odluka-o-pravdanju-sredstava-fonda-01-17-prva-skupina-izjava-o-primljenim-potporama-male-vrijednosti\/"},"modified":"2018-03-21T12:46:00","modified_gmt":"2018-03-21T11:46:00","slug":"odluka-o-pravdanju-sredstava-fonda-01-17-prva-skupina-izjava-o-primljenim-potporama-male-vrijednosti","status":"publish","type":"post","link":"https:\/\/aem.hr\/en\/blog\/2018\/03\/21\/odluka-o-pravdanju-sredstava-fonda-01-17-prva-skupina-izjava-o-primljenim-potporama-male-vrijednosti\/","title":{"rendered":"Odluka o pravdanju sredstava Fonda 01\/17 &#8211; prva skupina \/ Izjava o primljenim potporama male vrijednosti"},"content":{"rendered":"<p>U okviru procesa pravdanja sredstava Fonda, Vije\u0107e za elektroni\u010dke medije je na 13-18 sjednici, odr\u017eanoj 21. o\u017eujka 2018., donijelo odluku\u00a0o\u00a0prihva\u0107anju dijela pravdanja sredstava Fonda za poticanje pluralizma i raznovrsnosti elektroni\u010dkih medija po Javnom natje\u010daju broj 01\/17.<\/p>\n<p>Prihva\u0107ena su pravdanja sredstava Fonda za pru\u017eatelje medijskih usluga navedenih u odluci.<\/p>\n<p><a href=\"\/repository_files\/file\/1207\/\">Odluka o pravdanju sredstava Fonda za 2017. godinu po JN 01-17 &#8211; 1. dio<\/a><\/p>\n<p><span>Tako\u0111er, skre\u0107emo pozornost Pru\u017eateljima medijskih usluga, kojima su dodijeljena sredstva Fonda za poticanje pluralizma i raznovrsnosti elektroni\u010dkih medija, da su obvezni prije isplate drugog dijela sredstava (za 2018.) dostaviti potvrdu (obavijest) nadle\u017enog tijela o dodijeljenim potporama male vrijednosti u 2016., 2017. i 2018. godini u odre\u0111enom iznosu ili izjavu ovjerenu kod javnog bilje\u017enika o tome jesu li\u00a0im u razdoblju 2016., 2017. i 2018. godine dodijeljene dr\u017eavne potpore u odre\u0111enom iznosu. Za 2018. godine navodi se i planirani iznos.<\/span><\/p>\n<div>\n<p><a href=\"\/repository_files\/file\/1208\/\">Izjavu<\/a> je potrebno ispuniti i ovjeriti kod javnog bilje\u017enika te je dostaviti na adresu: Agencija za elektroni\u010dke medije, Jagi\u0107eva 31 (III.kat), 10 000 Zagreb.\u00a0<\/p>\n<\/div>\n","protected":false},"excerpt":{"rendered":"<p>U okviru procesa pravdanja sredstava Fonda, Vije\u0107e za elektroni\u010dke medije je na 13-18 sjednici, odr\u017eanoj 21. o\u017eujka 2018., donijelo odluku\u00a0o\u00a0prihva\u0107anju dijela pravdanja sredstava Fonda za poticanje pluralizma i raznovrsnosti elektroni\u010dkih medija po Javnom natje\u010daju broj 01\/17. Prihva\u0107ena su pravdanja sredstava Fonda za pru\u017eatelje medijskih usluga navedenih u odluci. Odluka o pravdanju sredstava Fonda za 2017. [&hellip;]<\/p>\n","protected":false},"author":16,"featured_media":0,"comment_status":"closed","ping_status":"closed","sticky":false,"template":"","format":"standard","meta":{"_acf_changed":false,"inline_featured_image":false,"advgb_blocks_editor_width":"","advgb_blocks_columns_visual_guide":"","_links_to":"","_links_to_type":0,"footnotes":""},"categories":[89],"tags":[],"class_list":["post-3774","post","type-post","status-publish","format-standard","hentry","category-fond-za-pluralizam"],"acf":[],"yoast_head":"<!-- This site is optimized with the Yoast SEO plugin v25.7 - https:\/\/yoast.com\/wordpress\/plugins\/seo\/ -->\n<title>Odluka o pravdanju sredstava Fonda 01\/17 - prva skupina \/ Izjava o primljenim potporama male vrijednosti - Agencija za elektroni\u010dke medije<\/title>\n<meta name=\"robots\" content=\"index, follow, max-snippet:-1, max-image-preview:large, max-video-preview:-1\" \/>\n<link rel=\"canonical\" href=\"https:\/\/aem.hr\/blog\/2018\/03\/21\/odluka-o-pravdanju-sredstava-fonda-01-17-prva-skupina-izjava-o-primljenim-potporama-male-vrijednosti\/\" \/>\n<meta property=\"og:locale\" content=\"en_US\" \/>\n<meta property=\"og:type\" content=\"article\" \/>\n<meta property=\"og:title\" content=\"Odluka o pravdanju sredstava Fonda 01\/17 - prva skupina \/ Izjava o primljenim potporama male vrijednosti - Agencija za elektroni\u010dke medije\" \/>\n<meta property=\"og:description\" content=\"U okviru procesa pravdanja sredstava Fonda, Vije\u0107e za elektroni\u010dke medije je na 13-18 sjednici, odr\u017eanoj 21. o\u017eujka 2018., donijelo odluku\u00a0o\u00a0prihva\u0107anju dijela pravdanja sredstava Fonda za poticanje pluralizma i raznovrsnosti elektroni\u010dkih medija po Javnom natje\u010daju broj 01\/17. Prihva\u0107ena su pravdanja sredstava Fonda za pru\u017eatelje medijskih usluga navedenih u odluci. Odluka o pravdanju sredstava Fonda za 2017. [&hellip;]\" \/>\n<meta property=\"og:url\" content=\"https:\/\/aem.hr\/blog\/2018\/03\/21\/odluka-o-pravdanju-sredstava-fonda-01-17-prva-skupina-izjava-o-primljenim-potporama-male-vrijednosti\/\" \/>\n<meta property=\"og:site_name\" content=\"Agencija za elektroni\u010dke medije\" \/>\n<meta property=\"article:published_time\" content=\"2018-03-21T11:46:00+00:00\" \/>\n<meta name=\"author\" content=\"Matija Zeko\" \/>\n<meta name=\"twitter:card\" content=\"summary_large_image\" \/>\n<meta name=\"twitter:label1\" content=\"Written by\" \/>\n\t<meta name=\"twitter:data1\" content=\"Matija Zeko\" \/>\n\t<meta name=\"twitter:label2\" content=\"Est. reading time\" \/>\n\t<meta name=\"twitter:data2\" content=\"1 minute\" \/>\n<script type=\"application\/ld+json\" class=\"yoast-schema-graph\">{\"@context\":\"https:\/\/schema.org\",\"@graph\":[{\"@type\":\"WebPage\",\"@id\":\"https:\/\/aem.hr\/blog\/2018\/03\/21\/odluka-o-pravdanju-sredstava-fonda-01-17-prva-skupina-izjava-o-primljenim-potporama-male-vrijednosti\/\",\"url\":\"https:\/\/aem.hr\/blog\/2018\/03\/21\/odluka-o-pravdanju-sredstava-fonda-01-17-prva-skupina-izjava-o-primljenim-potporama-male-vrijednosti\/\",\"name\":\"Odluka o pravdanju sredstava Fonda 01\/17 - prva skupina \/ Izjava o primljenim potporama male vrijednosti - Agencija za elektroni\u010dke medije\",\"isPartOf\":{\"@id\":\"https:\/\/aem.hr\/#website\"},\"datePublished\":\"2018-03-21T11:46:00+00:00\",\"author\":{\"@id\":\"https:\/\/aem.hr\/#\/schema\/person\/7dcb85ad8b1477dcb7e9178c0d0b7397\"},\"breadcrumb\":{\"@id\":\"https:\/\/aem.hr\/blog\/2018\/03\/21\/odluka-o-pravdanju-sredstava-fonda-01-17-prva-skupina-izjava-o-primljenim-potporama-male-vrijednosti\/#breadcrumb\"},\"inLanguage\":\"en-US\",\"potentialAction\":[{\"@type\":\"ReadAction\",\"target\":[\"https:\/\/aem.hr\/blog\/2018\/03\/21\/odluka-o-pravdanju-sredstava-fonda-01-17-prva-skupina-izjava-o-primljenim-potporama-male-vrijednosti\/\"]}]},{\"@type\":\"BreadcrumbList\",\"@id\":\"https:\/\/aem.hr\/blog\/2018\/03\/21\/odluka-o-pravdanju-sredstava-fonda-01-17-prva-skupina-izjava-o-primljenim-potporama-male-vrijednosti\/#breadcrumb\",\"itemListElement\":[{\"@type\":\"ListItem\",\"position\":1,\"name\":\"Po\u010detna stranica\",\"item\":\"https:\/\/aem.hr\/\"},{\"@type\":\"ListItem\",\"position\":2,\"name\":\"Odluka o pravdanju sredstava Fonda 01\/17 &#8211; prva skupina \/ Izjava o primljenim potporama male vrijednosti\"}]},{\"@type\":\"WebSite\",\"@id\":\"https:\/\/aem.hr\/#website\",\"url\":\"https:\/\/aem.hr\/\",\"name\":\"Agencija za elektroni\u010dke medije\",\"description\":\"\",\"potentialAction\":[{\"@type\":\"SearchAction\",\"target\":{\"@type\":\"EntryPoint\",\"urlTemplate\":\"https:\/\/aem.hr\/?s={search_term_string}\"},\"query-input\":{\"@type\":\"PropertyValueSpecification\",\"valueRequired\":true,\"valueName\":\"search_term_string\"}}],\"inLanguage\":\"en-US\"},{\"@type\":\"Person\",\"@id\":\"https:\/\/aem.hr\/#\/schema\/person\/7dcb85ad8b1477dcb7e9178c0d0b7397\",\"name\":\"Matija Zeko\",\"url\":\"https:\/\/aem.hr\/en\/blog\/author\/mzeko\/\"}]}<\/script>\n<!-- \/ Yoast SEO plugin. -->","yoast_head_json":{"title":"Odluka o pravdanju sredstava Fonda 01\/17 - prva skupina \/ Izjava o primljenim potporama male vrijednosti - Agencija za elektroni\u010dke medije","robots":{"index":"index","follow":"follow","max-snippet":"max-snippet:-1","max-image-preview":"max-image-preview:large","max-video-preview":"max-video-preview:-1"},"canonical":"https:\/\/aem.hr\/blog\/2018\/03\/21\/odluka-o-pravdanju-sredstava-fonda-01-17-prva-skupina-izjava-o-primljenim-potporama-male-vrijednosti\/","og_locale":"en_US","og_type":"article","og_title":"Odluka o pravdanju sredstava Fonda 01\/17 - prva skupina \/ Izjava o primljenim potporama male vrijednosti - Agencija za elektroni\u010dke medije","og_description":"U okviru procesa pravdanja sredstava Fonda, Vije\u0107e za elektroni\u010dke medije je na 13-18 sjednici, odr\u017eanoj 21. o\u017eujka 2018., donijelo odluku\u00a0o\u00a0prihva\u0107anju dijela pravdanja sredstava Fonda za poticanje pluralizma i raznovrsnosti elektroni\u010dkih medija po Javnom natje\u010daju broj 01\/17. Prihva\u0107ena su pravdanja sredstava Fonda za pru\u017eatelje medijskih usluga navedenih u odluci. Odluka o pravdanju sredstava Fonda za 2017. [&hellip;]","og_url":"https:\/\/aem.hr\/blog\/2018\/03\/21\/odluka-o-pravdanju-sredstava-fonda-01-17-prva-skupina-izjava-o-primljenim-potporama-male-vrijednosti\/","og_site_name":"Agencija za elektroni\u010dke medije","article_published_time":"2018-03-21T11:46:00+00:00","author":"Matija Zeko","twitter_card":"summary_large_image","twitter_misc":{"Written by":"Matija Zeko","Est. reading time":"1 minute"},"schema":{"@context":"https:\/\/schema.org","@graph":[{"@type":"WebPage","@id":"https:\/\/aem.hr\/blog\/2018\/03\/21\/odluka-o-pravdanju-sredstava-fonda-01-17-prva-skupina-izjava-o-primljenim-potporama-male-vrijednosti\/","url":"https:\/\/aem.hr\/blog\/2018\/03\/21\/odluka-o-pravdanju-sredstava-fonda-01-17-prva-skupina-izjava-o-primljenim-potporama-male-vrijednosti\/","name":"Odluka o pravdanju sredstava Fonda 01\/17 - prva skupina \/ Izjava o primljenim potporama male vrijednosti - Agencija za elektroni\u010dke medije","isPartOf":{"@id":"https:\/\/aem.hr\/#website"},"datePublished":"2018-03-21T11:46:00+00:00","author":{"@id":"https:\/\/aem.hr\/#\/schema\/person\/7dcb85ad8b1477dcb7e9178c0d0b7397"},"breadcrumb":{"@id":"https:\/\/aem.hr\/blog\/2018\/03\/21\/odluka-o-pravdanju-sredstava-fonda-01-17-prva-skupina-izjava-o-primljenim-potporama-male-vrijednosti\/#breadcrumb"},"inLanguage":"en-US","potentialAction":[{"@type":"ReadAction","target":["https:\/\/aem.hr\/blog\/2018\/03\/21\/odluka-o-pravdanju-sredstava-fonda-01-17-prva-skupina-izjava-o-primljenim-potporama-male-vrijednosti\/"]}]},{"@type":"BreadcrumbList","@id":"https:\/\/aem.hr\/blog\/2018\/03\/21\/odluka-o-pravdanju-sredstava-fonda-01-17-prva-skupina-izjava-o-primljenim-potporama-male-vrijednosti\/#breadcrumb","itemListElement":[{"@type":"ListItem","position":1,"name":"Po\u010detna stranica","item":"https:\/\/aem.hr\/"},{"@type":"ListItem","position":2,"name":"Odluka o pravdanju sredstava Fonda 01\/17 &#8211; prva skupina \/ Izjava o primljenim potporama male vrijednosti"}]},{"@type":"WebSite","@id":"https:\/\/aem.hr\/#website","url":"https:\/\/aem.hr\/","name":"Agencija za elektroni\u010dke medije","description":"","potentialAction":[{"@type":"SearchAction","target":{"@type":"EntryPoint","urlTemplate":"https:\/\/aem.hr\/?s={search_term_string}"},"query-input":{"@type":"PropertyValueSpecification","valueRequired":true,"valueName":"search_term_string"}}],"inLanguage":"en-US"},{"@type":"Person","@id":"https:\/\/aem.hr\/#\/schema\/person\/7dcb85ad8b1477dcb7e9178c0d0b7397","name":"Matija Zeko","url":"https:\/\/aem.hr\/en\/blog\/author\/mzeko\/"}]}},"author_meta":{"display_name":"Matija Zeko","author_link":"https:\/\/aem.hr\/en\/blog\/author\/mzeko\/"},"featured_img":null,"coauthors":[],"tax_additional":{"categories":{"linked":["<a href=\"https:\/\/aem.hr\/en\/kategorija\/fond-za-pluralizam\/\" class=\"advgb-post-tax-term\">Fond za pluralizam<\/a>"],"unlinked":["<span class=\"advgb-post-tax-term\">Fond za pluralizam<\/span>"]}},"comment_count":"0","relative_dates":{"created":"Posted 8 years ago","modified":"Updated 8 years ago"},"absolute_dates":{"created":"Posted on 21. March 2018.","modified":"Updated on 21. March 2018."},"absolute_dates_time":{"created":"Posted on 21. March 2018. 12:46","modified":"Updated on 21. March 2018. 12:46"},"featured_img_caption":"","series_order":"","_links":{"self":[{"href":"https:\/\/aem.hr\/en\/wp-json\/wp\/v2\/posts\/3774","targetHints":{"allow":["GET"]}}],"collection":[{"href":"https:\/\/aem.hr\/en\/wp-json\/wp\/v2\/posts"}],"about":[{"href":"https:\/\/aem.hr\/en\/wp-json\/wp\/v2\/types\/post"}],"author":[{"embeddable":true,"href":"https:\/\/aem.hr\/en\/wp-json\/wp\/v2\/users\/16"}],"replies":[{"embeddable":true,"href":"https:\/\/aem.hr\/en\/wp-json\/wp\/v2\/comments?post=3774"}],"version-history":[{"count":0,"href":"https:\/\/aem.hr\/en\/wp-json\/wp\/v2\/posts\/3774\/revisions"}],"wp:attachment":[{"href":"https:\/\/aem.hr\/en\/wp-json\/wp\/v2\/media?parent=3774"}],"wp:term":[{"taxonomy":"category","embeddable":true,"href":"https:\/\/aem.hr\/en\/wp-json\/wp\/v2\/categories?post=3774"},{"taxonomy":"post_tag","embeddable":true,"href":"https:\/\/aem.hr\/en\/wp-json\/wp\/v2\/tags?post=3774"}],"curies":[{"name":"wp","href":"https:\/\/api.w.org\/{rel}","templated":true}]}}