{"id":3787,"date":"2018-03-30T12:17:00","date_gmt":"2018-03-30T10:17:00","guid":{"rendered":"http:\/\/emediji.inspirium.hr\/vijesti\/pokrenut-novi-fond-za-potporu-istrazivackom-novinarstvu-u-eu-u\/"},"modified":"2018-03-30T12:17:00","modified_gmt":"2018-03-30T10:17:00","slug":"pokrenut-novi-fond-za-potporu-istrazivackom-novinarstvu-u-eu-u","status":"publish","type":"post","link":"https:\/\/aem.hr\/en\/blog\/2018\/03\/30\/pokrenut-novi-fond-za-potporu-istrazivackom-novinarstvu-u-eu-u\/","title":{"rendered":"Pokrenut novi fond za potporu istra\u017eiva\u010dkom novinarstvu u EU-u"},"content":{"rendered":"<p><strong>Prekograni\u010dni timovi mogu se prijaviti do 3. svibnja 2018. za iznose do 50 tisu\u0107a eura<\/strong><\/p>\n<p><span><span>Me\u0111unarodni institut za medije (IPI) i Europski centar za novinarske i medijske slobode (<\/span><a href=\"http:\/\/www.ij4eu.net\/\">ECPMF<\/a><span>)\u00a0<span>pokrenuli su 19. o\u017eujka 2018. F<\/span><\/span>ond za potporu prekograni\u010dnom istra\u017eiva\u010dkom novinarstvu u Europskoj uniji vrijedan do 450 tisu\u0107a eura.<\/span><\/p>\n<p>Fond \u201cIstra\u017eiva\u010dko novinarstvo za Europu &#8211; #IJ4EU\u201d (Investigative Journalism for Europe) namijenjen je poticanju i ja\u010danju suradnje me\u0111u novinarima i redakcijama u Europskoj uniji na otkri\u0107ima od javnog interesa i prekograni\u010dnog zna\u010daja. Cilj je je fonda podr\u017eati istra\u017eivanja koja odra\u017eavaju kontrolnu ulogu medija i poma\u017eu javnosti da one na vlasti dr\u017ei odgovornima za njihove postupke i obveze. Na taj na\u010din nastoji pridonijeti odr\u017eivosti demokracije i vladavine prava u EU-u.<span>\u00a0<\/span><\/p>\n<p>Fondom \u0107e upravljati Me\u0111unarodni institut za medije (IPI), globalna mre\u017ea urednika, medijskih rukovoditelja i vode\u0107ih novinara koja se bave za\u0161titom slobode medija.<\/p>\n<p>Tijekom 2018. godine, prekograni\u010dni timovi istra\u017eiva\u010dkih novinara i\/ili redakcije iz najmanje dvije zemlje \u010dlanice Europske unije mogu se prijaviti za nepovratna sredstva u maksimalnom iznosu od 50 tisu\u0107a eura kako bi proveli istra\u017eivanja o temi od prekograni\u010dnog zna\u010daja i javnog interesa.<span>\u00a0<\/span><\/p>\n<p>Predlo\u017eeni projekti moraju te\u017eiti otkivanju novih informacija. Prijaviti se mogu ve\u0107 postoje\u0107i istra\u017eiva\u010dki timovi, kao i oni novo oformljeni za potrebe #IJ4EU projekta. Istra\u017eivanja koja su u tijeku i jo\u0161 nisu dovr\u0161ena mogu se prijaviti za sredstva za dovr\u0161etak i objavu pri\u010de. Posebno se poti\u010du na prijavu timovi novinara ili redakcije sa sjedi\u0161tem izvan glavnih ili najve\u0107ih gradova, ili u zemljama u kojima je istra\u017eiva\u010dko novinarstvo posebno ugro\u017eeno.<span>\u00a0<\/span><\/p>\n<p>Program je namijenjen financiranju svih platformi, uklju\u010duju\u0107i tisak, radio, televiziju, online medije, dokumentarni film te kombinaciju platformi. (<em>multi-platform story-telling<\/em>).<span>\u00a0<\/span><\/p>\n<p>Kako bi ostvarili financiranje, predlo\u017eeni projekti moraju biti objavljeni (i dostupni u formatu koji se mo\u017ee objaviti) u uglednim medijima ili na platformama u najmanje dvije zemlje EU-a najkasnije do 31. prosinca 2018. godine.<span>\u00a0<\/span><\/p>\n<p>Rok za prijave je 3. svibnja 2018. \u0161to je ujedno i Svjetski dan slobode medija. Prijave moraju biti dostavljene na engleskom jeziku uz detaljan opis projekta, pojedinosti o istra\u017eiva\u010dkom timu, plan istra\u017eivanja i objavljivanja, prora\u010dun i procjenu rizika.<span>\u00a0<\/span><\/p>\n<p>Projekte koji \u0107e biti financirani odabrat \u0107e neovisan povjerenstvo s ciljem sklapanja ugovora s uspje\u0161nim kandidatima do 15. lipnja 2018. godine.<span>\u00a0<\/span><\/p>\n<p>Za prijave i vi\u0161e informacija o uvjetima natje\u010daja i prijavljivanja te postupku odabira kandidata, molimo posjetite web stranicu: <a href=\"http:\/\/ij4eu.net\/\">http:\/\/ij4eu.net\/<\/a><span>\u00a0<\/span><\/p>\n<p>&#8220;Istra\u017eiva\u010dko novinarstvo, koje ima klju\u010dnu ulogu u bilo kojoj funkcionalnoj demokraciji, pod pritiskom je u cijeloj Europskoj uniji&#8221;, izjavila je izvr\u0161na direktorica Me\u0111unarodnog instituta za medije (IPI), Barbara Trionfi. &#8220;Pru\u017eanje financijske podr\u0161ke istra\u017eiva\u010dkim projektima na\u010din je da se pomogne osigurati da informacije o pitanjima poput korupcije, financijskog kriminala, zlouporaba ljudskih prava i uni\u0161tavanja okoli\u0161a dospiju do javnosti&#8221;.<span>\u00a0<\/span><\/p>\n<p>Tako\u0111er je dodala: &#8220;Budu\u0107i da su takve istrage danas rijetko ograni\u010dene na jednu dr\u017eavu, od su\u0161tinskog je zna\u010daja da novinarske ekipe koje pokrivaju ove teme rade preko granica. Ponosni smo \u0161to \u0107e #IJ4EU pru\u017eiti mogu\u0107nost za to&#8221;.<span>\u00a0<\/span><\/p>\n<p>Za dodatna pitanja, molimo kontaktirajte:<span>\u00a0<\/span><\/p>\n<p>Javier Luque<br \/> Voditelj digitalnih medija<br \/> IPI<br \/> Email: <a href=\"mailto:jluque@ipi.media\">jluque@ipi.media<\/a> <br \/> Tel.: +43 1 5129011<\/p>\n","protected":false},"excerpt":{"rendered":"<p>Prekograni\u010dni timovi mogu se prijaviti do 3. svibnja 2018. za iznose do 50 tisu\u0107a eura Me\u0111unarodni institut za medije (IPI) i Europski centar za novinarske i medijske slobode (ECPMF)\u00a0pokrenuli su 19. o\u017eujka 2018. Fond za potporu prekograni\u010dnom istra\u017eiva\u010dkom novinarstvu u Europskoj uniji vrijedan do 450 tisu\u0107a eura. Fond \u201cIstra\u017eiva\u010dko novinarstvo za Europu &#8211; #IJ4EU\u201d (Investigative [&hellip;]<\/p>\n","protected":false},"author":18,"featured_media":0,"comment_status":"closed","ping_status":"closed","sticky":false,"template":"","format":"standard","meta":{"_acf_changed":false,"inline_featured_image":false,"advgb_blocks_editor_width":"","advgb_blocks_columns_visual_guide":"","_links_to":"","_links_to_type":0,"footnotes":""},"categories":[89],"tags":[],"class_list":["post-3787","post","type-post","status-publish","format-standard","hentry","category-fond-za-pluralizam"],"acf":[],"yoast_head":"<!-- This site is optimized with the Yoast SEO plugin v25.7 - https:\/\/yoast.com\/wordpress\/plugins\/seo\/ -->\n<title>Pokrenut novi fond za potporu istra\u017eiva\u010dkom novinarstvu u EU-u - Agencija za elektroni\u010dke medije<\/title>\n<meta name=\"robots\" content=\"index, follow, max-snippet:-1, max-image-preview:large, max-video-preview:-1\" \/>\n<link rel=\"canonical\" href=\"https:\/\/aem.hr\/blog\/2018\/03\/30\/pokrenut-novi-fond-za-potporu-istrazivackom-novinarstvu-u-eu-u\/\" \/>\n<meta property=\"og:locale\" content=\"en_US\" \/>\n<meta property=\"og:type\" content=\"article\" \/>\n<meta property=\"og:title\" content=\"Pokrenut novi fond za potporu istra\u017eiva\u010dkom novinarstvu u EU-u - Agencija za elektroni\u010dke medije\" \/>\n<meta property=\"og:description\" content=\"Prekograni\u010dni timovi mogu se prijaviti do 3. svibnja 2018. za iznose do 50 tisu\u0107a eura Me\u0111unarodni institut za medije (IPI) i Europski centar za novinarske i medijske slobode (ECPMF)\u00a0pokrenuli su 19. o\u017eujka 2018. Fond za potporu prekograni\u010dnom istra\u017eiva\u010dkom novinarstvu u Europskoj uniji vrijedan do 450 tisu\u0107a eura. Fond \u201cIstra\u017eiva\u010dko novinarstvo za Europu &#8211; #IJ4EU\u201d (Investigative [&hellip;]\" \/>\n<meta property=\"og:url\" content=\"https:\/\/aem.hr\/blog\/2018\/03\/30\/pokrenut-novi-fond-za-potporu-istrazivackom-novinarstvu-u-eu-u\/\" \/>\n<meta property=\"og:site_name\" content=\"Agencija za elektroni\u010dke medije\" \/>\n<meta property=\"article:published_time\" content=\"2018-03-30T10:17:00+00:00\" \/>\n<meta name=\"author\" content=\"Matko Kirac\" \/>\n<meta name=\"twitter:card\" content=\"summary_large_image\" \/>\n<meta name=\"twitter:label1\" content=\"Written by\" \/>\n\t<meta name=\"twitter:data1\" content=\"Matko Kirac\" \/>\n\t<meta name=\"twitter:label2\" content=\"Est. reading time\" \/>\n\t<meta name=\"twitter:data2\" content=\"3 minutes\" \/>\n<script type=\"application\/ld+json\" class=\"yoast-schema-graph\">{\"@context\":\"https:\/\/schema.org\",\"@graph\":[{\"@type\":\"WebPage\",\"@id\":\"https:\/\/aem.hr\/blog\/2018\/03\/30\/pokrenut-novi-fond-za-potporu-istrazivackom-novinarstvu-u-eu-u\/\",\"url\":\"https:\/\/aem.hr\/blog\/2018\/03\/30\/pokrenut-novi-fond-za-potporu-istrazivackom-novinarstvu-u-eu-u\/\",\"name\":\"Pokrenut novi fond za potporu istra\u017eiva\u010dkom novinarstvu u EU-u - Agencija za elektroni\u010dke medije\",\"isPartOf\":{\"@id\":\"https:\/\/aem.hr\/#website\"},\"datePublished\":\"2018-03-30T10:17:00+00:00\",\"author\":{\"@id\":\"https:\/\/aem.hr\/#\/schema\/person\/c100d12574f2ef4fe03266d61bfc55e1\"},\"breadcrumb\":{\"@id\":\"https:\/\/aem.hr\/blog\/2018\/03\/30\/pokrenut-novi-fond-za-potporu-istrazivackom-novinarstvu-u-eu-u\/#breadcrumb\"},\"inLanguage\":\"en-US\",\"potentialAction\":[{\"@type\":\"ReadAction\",\"target\":[\"https:\/\/aem.hr\/blog\/2018\/03\/30\/pokrenut-novi-fond-za-potporu-istrazivackom-novinarstvu-u-eu-u\/\"]}]},{\"@type\":\"BreadcrumbList\",\"@id\":\"https:\/\/aem.hr\/blog\/2018\/03\/30\/pokrenut-novi-fond-za-potporu-istrazivackom-novinarstvu-u-eu-u\/#breadcrumb\",\"itemListElement\":[{\"@type\":\"ListItem\",\"position\":1,\"name\":\"Po\u010detna stranica\",\"item\":\"https:\/\/aem.hr\/\"},{\"@type\":\"ListItem\",\"position\":2,\"name\":\"Pokrenut novi fond za potporu istra\u017eiva\u010dkom novinarstvu u EU-u\"}]},{\"@type\":\"WebSite\",\"@id\":\"https:\/\/aem.hr\/#website\",\"url\":\"https:\/\/aem.hr\/\",\"name\":\"Agencija za elektroni\u010dke medije\",\"description\":\"\",\"potentialAction\":[{\"@type\":\"SearchAction\",\"target\":{\"@type\":\"EntryPoint\",\"urlTemplate\":\"https:\/\/aem.hr\/?s={search_term_string}\"},\"query-input\":{\"@type\":\"PropertyValueSpecification\",\"valueRequired\":true,\"valueName\":\"search_term_string\"}}],\"inLanguage\":\"en-US\"},{\"@type\":\"Person\",\"@id\":\"https:\/\/aem.hr\/#\/schema\/person\/c100d12574f2ef4fe03266d61bfc55e1\",\"name\":\"Matko Kirac\",\"url\":\"https:\/\/aem.hr\/en\/blog\/author\/mkirac\/\"}]}<\/script>\n<!-- \/ Yoast SEO plugin. -->","yoast_head_json":{"title":"Pokrenut novi fond za potporu istra\u017eiva\u010dkom novinarstvu u EU-u - Agencija za elektroni\u010dke medije","robots":{"index":"index","follow":"follow","max-snippet":"max-snippet:-1","max-image-preview":"max-image-preview:large","max-video-preview":"max-video-preview:-1"},"canonical":"https:\/\/aem.hr\/blog\/2018\/03\/30\/pokrenut-novi-fond-za-potporu-istrazivackom-novinarstvu-u-eu-u\/","og_locale":"en_US","og_type":"article","og_title":"Pokrenut novi fond za potporu istra\u017eiva\u010dkom novinarstvu u EU-u - Agencija za elektroni\u010dke medije","og_description":"Prekograni\u010dni timovi mogu se prijaviti do 3. svibnja 2018. za iznose do 50 tisu\u0107a eura Me\u0111unarodni institut za medije (IPI) i Europski centar za novinarske i medijske slobode (ECPMF)\u00a0pokrenuli su 19. o\u017eujka 2018. Fond za potporu prekograni\u010dnom istra\u017eiva\u010dkom novinarstvu u Europskoj uniji vrijedan do 450 tisu\u0107a eura. Fond \u201cIstra\u017eiva\u010dko novinarstvo za Europu &#8211; #IJ4EU\u201d (Investigative [&hellip;]","og_url":"https:\/\/aem.hr\/blog\/2018\/03\/30\/pokrenut-novi-fond-za-potporu-istrazivackom-novinarstvu-u-eu-u\/","og_site_name":"Agencija za elektroni\u010dke medije","article_published_time":"2018-03-30T10:17:00+00:00","author":"Matko Kirac","twitter_card":"summary_large_image","twitter_misc":{"Written by":"Matko Kirac","Est. reading time":"3 minutes"},"schema":{"@context":"https:\/\/schema.org","@graph":[{"@type":"WebPage","@id":"https:\/\/aem.hr\/blog\/2018\/03\/30\/pokrenut-novi-fond-za-potporu-istrazivackom-novinarstvu-u-eu-u\/","url":"https:\/\/aem.hr\/blog\/2018\/03\/30\/pokrenut-novi-fond-za-potporu-istrazivackom-novinarstvu-u-eu-u\/","name":"Pokrenut novi fond za potporu istra\u017eiva\u010dkom novinarstvu u EU-u - Agencija za elektroni\u010dke medije","isPartOf":{"@id":"https:\/\/aem.hr\/#website"},"datePublished":"2018-03-30T10:17:00+00:00","author":{"@id":"https:\/\/aem.hr\/#\/schema\/person\/c100d12574f2ef4fe03266d61bfc55e1"},"breadcrumb":{"@id":"https:\/\/aem.hr\/blog\/2018\/03\/30\/pokrenut-novi-fond-za-potporu-istrazivackom-novinarstvu-u-eu-u\/#breadcrumb"},"inLanguage":"en-US","potentialAction":[{"@type":"ReadAction","target":["https:\/\/aem.hr\/blog\/2018\/03\/30\/pokrenut-novi-fond-za-potporu-istrazivackom-novinarstvu-u-eu-u\/"]}]},{"@type":"BreadcrumbList","@id":"https:\/\/aem.hr\/blog\/2018\/03\/30\/pokrenut-novi-fond-za-potporu-istrazivackom-novinarstvu-u-eu-u\/#breadcrumb","itemListElement":[{"@type":"ListItem","position":1,"name":"Po\u010detna stranica","item":"https:\/\/aem.hr\/"},{"@type":"ListItem","position":2,"name":"Pokrenut novi fond za potporu istra\u017eiva\u010dkom novinarstvu u EU-u"}]},{"@type":"WebSite","@id":"https:\/\/aem.hr\/#website","url":"https:\/\/aem.hr\/","name":"Agencija za elektroni\u010dke medije","description":"","potentialAction":[{"@type":"SearchAction","target":{"@type":"EntryPoint","urlTemplate":"https:\/\/aem.hr\/?s={search_term_string}"},"query-input":{"@type":"PropertyValueSpecification","valueRequired":true,"valueName":"search_term_string"}}],"inLanguage":"en-US"},{"@type":"Person","@id":"https:\/\/aem.hr\/#\/schema\/person\/c100d12574f2ef4fe03266d61bfc55e1","name":"Matko Kirac","url":"https:\/\/aem.hr\/en\/blog\/author\/mkirac\/"}]}},"author_meta":{"display_name":"Matko Kirac","author_link":"https:\/\/aem.hr\/en\/blog\/author\/mkirac\/"},"featured_img":null,"coauthors":[],"tax_additional":{"categories":{"linked":["<a href=\"https:\/\/aem.hr\/en\/kategorija\/fond-za-pluralizam\/\" class=\"advgb-post-tax-term\">Fond za pluralizam<\/a>"],"unlinked":["<span class=\"advgb-post-tax-term\">Fond za pluralizam<\/span>"]}},"comment_count":"0","relative_dates":{"created":"Posted 8 years ago","modified":"Updated 8 years ago"},"absolute_dates":{"created":"Posted on 30. March 2018.","modified":"Updated on 30. March 2018."},"absolute_dates_time":{"created":"Posted on 30. March 2018. 12:17","modified":"Updated on 30. March 2018. 12:17"},"featured_img_caption":"","series_order":"","_links":{"self":[{"href":"https:\/\/aem.hr\/en\/wp-json\/wp\/v2\/posts\/3787","targetHints":{"allow":["GET"]}}],"collection":[{"href":"https:\/\/aem.hr\/en\/wp-json\/wp\/v2\/posts"}],"about":[{"href":"https:\/\/aem.hr\/en\/wp-json\/wp\/v2\/types\/post"}],"author":[{"embeddable":true,"href":"https:\/\/aem.hr\/en\/wp-json\/wp\/v2\/users\/18"}],"replies":[{"embeddable":true,"href":"https:\/\/aem.hr\/en\/wp-json\/wp\/v2\/comments?post=3787"}],"version-history":[{"count":0,"href":"https:\/\/aem.hr\/en\/wp-json\/wp\/v2\/posts\/3787\/revisions"}],"wp:attachment":[{"href":"https:\/\/aem.hr\/en\/wp-json\/wp\/v2\/media?parent=3787"}],"wp:term":[{"taxonomy":"category","embeddable":true,"href":"https:\/\/aem.hr\/en\/wp-json\/wp\/v2\/categories?post=3787"},{"taxonomy":"post_tag","embeddable":true,"href":"https:\/\/aem.hr\/en\/wp-json\/wp\/v2\/tags?post=3787"}],"curies":[{"name":"wp","href":"https:\/\/api.w.org\/{rel}","templated":true}]}}