{"id":3790,"date":"2018-04-06T13:26:00","date_gmt":"2018-04-06T11:26:00","guid":{"rendered":"http:\/\/emediji.inspirium.hr\/vijesti\/odluka-o-pravdanju-sredstava-fonda-01-17-treca-skupina\/"},"modified":"2018-04-06T13:26:00","modified_gmt":"2018-04-06T11:26:00","slug":"odluka-o-pravdanju-sredstava-fonda-01-17-treca-skupina","status":"publish","type":"post","link":"https:\/\/aem.hr\/en\/blog\/2018\/04\/06\/odluka-o-pravdanju-sredstava-fonda-01-17-treca-skupina\/","title":{"rendered":"Odluka o pravdanju sredstava Fonda 01\/17 &#8211; tre\u0107a skupina"},"content":{"rendered":"<p>U okviru procesa pravdanja sredstava Fonda, Vije\u0107e za elektroni\u010dke medije je na 16-18 sjednici, odr\u017eanoj 06. travnja 2018., donijelo odluku\u00a0o\u00a0prihva\u0107anju dijela pravdanja sredstava Fonda za poticanje pluralizma i raznovrsnosti elektroni\u010dkih medija po Javnom natje\u010daju broj 01\/17. Prihva\u0107ena su pravdanja sredstava Fonda za pru\u017eatelje medijskih usluga navedenih u odluci.<\/p>\n<p><a href=\"\/repository_files\/file\/1226\/\">Odluka o pravdanju sredstava Fonda za 1-2017\u00a0 godinu 3. dio<\/a><\/p>\n","protected":false},"excerpt":{"rendered":"<p>U okviru procesa pravdanja sredstava Fonda, Vije\u0107e za elektroni\u010dke medije je na 16-18 sjednici, odr\u017eanoj 06. travnja 2018., donijelo odluku\u00a0o\u00a0prihva\u0107anju dijela pravdanja sredstava Fonda za poticanje pluralizma i raznovrsnosti elektroni\u010dkih medija po Javnom natje\u010daju broj 01\/17. Prihva\u0107ena su pravdanja sredstava Fonda za pru\u017eatelje medijskih usluga navedenih u odluci. Odluka o pravdanju sredstava Fonda za 1-2017\u00a0 [&hellip;]<\/p>\n","protected":false},"author":13,"featured_media":0,"comment_status":"closed","ping_status":"closed","sticky":false,"template":"","format":"standard","meta":{"_acf_changed":false,"inline_featured_image":false,"advgb_blocks_editor_width":"","advgb_blocks_columns_visual_guide":"","_links_to":"","_links_to_type":0,"footnotes":""},"categories":[89],"tags":[],"class_list":["post-3790","post","type-post","status-publish","format-standard","hentry","category-fond-za-pluralizam"],"acf":[],"yoast_head":"<!-- This site is optimized with the Yoast SEO plugin v25.7 - https:\/\/yoast.com\/wordpress\/plugins\/seo\/ -->\n<title>Odluka o pravdanju sredstava Fonda 01\/17 - tre\u0107a skupina - Agencija za elektroni\u010dke medije<\/title>\n<meta name=\"robots\" content=\"index, follow, max-snippet:-1, max-image-preview:large, max-video-preview:-1\" \/>\n<link rel=\"canonical\" href=\"https:\/\/aem.hr\/blog\/2018\/04\/06\/odluka-o-pravdanju-sredstava-fonda-01-17-treca-skupina\/\" \/>\n<meta property=\"og:locale\" content=\"en_US\" \/>\n<meta property=\"og:type\" content=\"article\" \/>\n<meta property=\"og:title\" content=\"Odluka o pravdanju sredstava Fonda 01\/17 - tre\u0107a skupina - Agencija za elektroni\u010dke medije\" \/>\n<meta property=\"og:description\" content=\"U okviru procesa pravdanja sredstava Fonda, Vije\u0107e za elektroni\u010dke medije je na 16-18 sjednici, odr\u017eanoj 06. travnja 2018., donijelo odluku\u00a0o\u00a0prihva\u0107anju dijela pravdanja sredstava Fonda za poticanje pluralizma i raznovrsnosti elektroni\u010dkih medija po Javnom natje\u010daju broj 01\/17. Prihva\u0107ena su pravdanja sredstava Fonda za pru\u017eatelje medijskih usluga navedenih u odluci. Odluka o pravdanju sredstava Fonda za 1-2017\u00a0 [&hellip;]\" \/>\n<meta property=\"og:url\" content=\"https:\/\/aem.hr\/blog\/2018\/04\/06\/odluka-o-pravdanju-sredstava-fonda-01-17-treca-skupina\/\" \/>\n<meta property=\"og:site_name\" content=\"Agencija za elektroni\u010dke medije\" \/>\n<meta property=\"article:published_time\" content=\"2018-04-06T11:26:00+00:00\" \/>\n<meta name=\"author\" content=\"Josip Maru\u0161i\u0107\" \/>\n<meta name=\"twitter:card\" content=\"summary_large_image\" \/>\n<meta name=\"twitter:label1\" content=\"Written by\" \/>\n\t<meta name=\"twitter:data1\" content=\"Josip Maru\u0161i\u0107\" \/>\n<script type=\"application\/ld+json\" class=\"yoast-schema-graph\">{\"@context\":\"https:\/\/schema.org\",\"@graph\":[{\"@type\":\"WebPage\",\"@id\":\"https:\/\/aem.hr\/blog\/2018\/04\/06\/odluka-o-pravdanju-sredstava-fonda-01-17-treca-skupina\/\",\"url\":\"https:\/\/aem.hr\/blog\/2018\/04\/06\/odluka-o-pravdanju-sredstava-fonda-01-17-treca-skupina\/\",\"name\":\"Odluka o pravdanju sredstava Fonda 01\/17 - tre\u0107a skupina - Agencija za elektroni\u010dke medije\",\"isPartOf\":{\"@id\":\"https:\/\/aem.hr\/#website\"},\"datePublished\":\"2018-04-06T11:26:00+00:00\",\"author\":{\"@id\":\"https:\/\/aem.hr\/#\/schema\/person\/b9e33e71f4dc3b7e09ac84016f823e3c\"},\"breadcrumb\":{\"@id\":\"https:\/\/aem.hr\/blog\/2018\/04\/06\/odluka-o-pravdanju-sredstava-fonda-01-17-treca-skupina\/#breadcrumb\"},\"inLanguage\":\"en-US\",\"potentialAction\":[{\"@type\":\"ReadAction\",\"target\":[\"https:\/\/aem.hr\/blog\/2018\/04\/06\/odluka-o-pravdanju-sredstava-fonda-01-17-treca-skupina\/\"]}]},{\"@type\":\"BreadcrumbList\",\"@id\":\"https:\/\/aem.hr\/blog\/2018\/04\/06\/odluka-o-pravdanju-sredstava-fonda-01-17-treca-skupina\/#breadcrumb\",\"itemListElement\":[{\"@type\":\"ListItem\",\"position\":1,\"name\":\"Po\u010detna stranica\",\"item\":\"https:\/\/aem.hr\/\"},{\"@type\":\"ListItem\",\"position\":2,\"name\":\"Odluka o pravdanju sredstava Fonda 01\/17 &#8211; tre\u0107a skupina\"}]},{\"@type\":\"WebSite\",\"@id\":\"https:\/\/aem.hr\/#website\",\"url\":\"https:\/\/aem.hr\/\",\"name\":\"Agencija za elektroni\u010dke medije\",\"description\":\"\",\"potentialAction\":[{\"@type\":\"SearchAction\",\"target\":{\"@type\":\"EntryPoint\",\"urlTemplate\":\"https:\/\/aem.hr\/?s={search_term_string}\"},\"query-input\":{\"@type\":\"PropertyValueSpecification\",\"valueRequired\":true,\"valueName\":\"search_term_string\"}}],\"inLanguage\":\"en-US\"},{\"@type\":\"Person\",\"@id\":\"https:\/\/aem.hr\/#\/schema\/person\/b9e33e71f4dc3b7e09ac84016f823e3c\",\"name\":\"Josip Maru\u0161i\u0107\",\"url\":\"https:\/\/aem.hr\/en\/blog\/author\/josip\/\"}]}<\/script>\n<!-- \/ Yoast SEO plugin. -->","yoast_head_json":{"title":"Odluka o pravdanju sredstava Fonda 01\/17 - tre\u0107a skupina - Agencija za elektroni\u010dke medije","robots":{"index":"index","follow":"follow","max-snippet":"max-snippet:-1","max-image-preview":"max-image-preview:large","max-video-preview":"max-video-preview:-1"},"canonical":"https:\/\/aem.hr\/blog\/2018\/04\/06\/odluka-o-pravdanju-sredstava-fonda-01-17-treca-skupina\/","og_locale":"en_US","og_type":"article","og_title":"Odluka o pravdanju sredstava Fonda 01\/17 - tre\u0107a skupina - Agencija za elektroni\u010dke medije","og_description":"U okviru procesa pravdanja sredstava Fonda, Vije\u0107e za elektroni\u010dke medije je na 16-18 sjednici, odr\u017eanoj 06. travnja 2018., donijelo odluku\u00a0o\u00a0prihva\u0107anju dijela pravdanja sredstava Fonda za poticanje pluralizma i raznovrsnosti elektroni\u010dkih medija po Javnom natje\u010daju broj 01\/17. Prihva\u0107ena su pravdanja sredstava Fonda za pru\u017eatelje medijskih usluga navedenih u odluci. Odluka o pravdanju sredstava Fonda za 1-2017\u00a0 [&hellip;]","og_url":"https:\/\/aem.hr\/blog\/2018\/04\/06\/odluka-o-pravdanju-sredstava-fonda-01-17-treca-skupina\/","og_site_name":"Agencija za elektroni\u010dke medije","article_published_time":"2018-04-06T11:26:00+00:00","author":"Josip Maru\u0161i\u0107","twitter_card":"summary_large_image","twitter_misc":{"Written by":"Josip Maru\u0161i\u0107"},"schema":{"@context":"https:\/\/schema.org","@graph":[{"@type":"WebPage","@id":"https:\/\/aem.hr\/blog\/2018\/04\/06\/odluka-o-pravdanju-sredstava-fonda-01-17-treca-skupina\/","url":"https:\/\/aem.hr\/blog\/2018\/04\/06\/odluka-o-pravdanju-sredstava-fonda-01-17-treca-skupina\/","name":"Odluka o pravdanju sredstava Fonda 01\/17 - tre\u0107a skupina - Agencija za elektroni\u010dke medije","isPartOf":{"@id":"https:\/\/aem.hr\/#website"},"datePublished":"2018-04-06T11:26:00+00:00","author":{"@id":"https:\/\/aem.hr\/#\/schema\/person\/b9e33e71f4dc3b7e09ac84016f823e3c"},"breadcrumb":{"@id":"https:\/\/aem.hr\/blog\/2018\/04\/06\/odluka-o-pravdanju-sredstava-fonda-01-17-treca-skupina\/#breadcrumb"},"inLanguage":"en-US","potentialAction":[{"@type":"ReadAction","target":["https:\/\/aem.hr\/blog\/2018\/04\/06\/odluka-o-pravdanju-sredstava-fonda-01-17-treca-skupina\/"]}]},{"@type":"BreadcrumbList","@id":"https:\/\/aem.hr\/blog\/2018\/04\/06\/odluka-o-pravdanju-sredstava-fonda-01-17-treca-skupina\/#breadcrumb","itemListElement":[{"@type":"ListItem","position":1,"name":"Po\u010detna stranica","item":"https:\/\/aem.hr\/"},{"@type":"ListItem","position":2,"name":"Odluka o pravdanju sredstava Fonda 01\/17 &#8211; tre\u0107a skupina"}]},{"@type":"WebSite","@id":"https:\/\/aem.hr\/#website","url":"https:\/\/aem.hr\/","name":"Agencija za elektroni\u010dke medije","description":"","potentialAction":[{"@type":"SearchAction","target":{"@type":"EntryPoint","urlTemplate":"https:\/\/aem.hr\/?s={search_term_string}"},"query-input":{"@type":"PropertyValueSpecification","valueRequired":true,"valueName":"search_term_string"}}],"inLanguage":"en-US"},{"@type":"Person","@id":"https:\/\/aem.hr\/#\/schema\/person\/b9e33e71f4dc3b7e09ac84016f823e3c","name":"Josip Maru\u0161i\u0107","url":"https:\/\/aem.hr\/en\/blog\/author\/josip\/"}]}},"author_meta":{"display_name":"Josip Maru\u0161i\u0107","author_link":"https:\/\/aem.hr\/en\/blog\/author\/josip\/"},"featured_img":null,"coauthors":[],"tax_additional":{"categories":{"linked":["<a href=\"https:\/\/aem.hr\/en\/kategorija\/fond-za-pluralizam\/\" class=\"advgb-post-tax-term\">Fond za pluralizam<\/a>"],"unlinked":["<span class=\"advgb-post-tax-term\">Fond za pluralizam<\/span>"]}},"comment_count":"0","relative_dates":{"created":"Posted 8 years ago","modified":"Updated 8 years ago"},"absolute_dates":{"created":"Posted on 6. April 2018.","modified":"Updated on 6. April 2018."},"absolute_dates_time":{"created":"Posted on 6. April 2018. 13:26","modified":"Updated on 6. April 2018. 13:26"},"featured_img_caption":"","series_order":"","_links":{"self":[{"href":"https:\/\/aem.hr\/en\/wp-json\/wp\/v2\/posts\/3790","targetHints":{"allow":["GET"]}}],"collection":[{"href":"https:\/\/aem.hr\/en\/wp-json\/wp\/v2\/posts"}],"about":[{"href":"https:\/\/aem.hr\/en\/wp-json\/wp\/v2\/types\/post"}],"author":[{"embeddable":true,"href":"https:\/\/aem.hr\/en\/wp-json\/wp\/v2\/users\/13"}],"replies":[{"embeddable":true,"href":"https:\/\/aem.hr\/en\/wp-json\/wp\/v2\/comments?post=3790"}],"version-history":[{"count":0,"href":"https:\/\/aem.hr\/en\/wp-json\/wp\/v2\/posts\/3790\/revisions"}],"wp:attachment":[{"href":"https:\/\/aem.hr\/en\/wp-json\/wp\/v2\/media?parent=3790"}],"wp:term":[{"taxonomy":"category","embeddable":true,"href":"https:\/\/aem.hr\/en\/wp-json\/wp\/v2\/categories?post=3790"},{"taxonomy":"post_tag","embeddable":true,"href":"https:\/\/aem.hr\/en\/wp-json\/wp\/v2\/tags?post=3790"}],"curies":[{"name":"wp","href":"https:\/\/api.w.org\/{rel}","templated":true}]}}