{"id":3832,"date":"2018-06-12T09:13:00","date_gmt":"2018-06-12T07:13:00","guid":{"rendered":"http:\/\/emediji.inspirium.hr\/vijesti\/predstavljeno-istrazivanje-analiza-drustvenog-utjecaja-fonda-za-pluralizam-i-raznovrsnost-elektronickih-medija-3\/"},"modified":"2018-06-12T09:13:00","modified_gmt":"2018-06-12T07:13:00","slug":"predstavljeno-istrazivanje-analiza-drustvenog-utjecaja-fonda-za-pluralizam-i-raznovrsnost-elektronickih-medija-3","status":"publish","type":"post","link":"https:\/\/aem.hr\/en\/blog\/2018\/06\/12\/predstavljeno-istrazivanje-analiza-drustvenog-utjecaja-fonda-za-pluralizam-i-raznovrsnost-elektronickih-medija-3\/","title":{"rendered":"Predstavljeno istra\u017eivanje Analiza dru\u0161tvenog utjecaja Fonda za pluralizam i raznovrsnost elektroni\u010dkih medija"},"content":{"rendered":"<p>Danas je u Novinarskom domu predstavljeno istra\u017eivanje Analiza dru\u0161tvenog utjecaja Fonda za pluralizam i raznovrsnost elektroni\u010dkih medija. Glavni cilj istra\u017eivanja je ocjena programa \u2013emisija- sufinanciranih od strane Fonda za elektroni\u010dke medije (radijski i televizijski mediji, elektroni\u010dke publikacije) te njihov utjecaj na publiku, informiranost i kulturu na lokalnoj i regionalnoj razini. Rezultati istra\u017eivanja odnose se na razdoblje 2013.-2015. i baziraju se na analizi sekundarnih podataka o nakladnicima medijskog sadr\u017eaja, podataka o gledanosti i slu\u0161anosti, dokumentaciji Fonda te pregleda zakonskog okvira.<\/p>\n<p>Sredstvima Fonda za pluralizam i raznovrsnost elektroni\u010dkih medija, koji u Hrvatskoj djeluje od 2004., ostvaruju se \u010detiri va\u017ena dru\u0161tvena cilja: informiranje o lokalnim zbivanjima, pomicanje tematskih granica u lokalnim medijima, prezentacija dru\u0161tvenih aktivnosti te odr\u017eavanje novinarske profesije u lokalnoj sredini. Financijska stabilnost jedan je od preduvjeta neovisnog novinarstva, te Fond u ovom smislu ima va\u017enu ulogu. Uz navedeno, Fond poseban u\u010dinak ostvaruje na podru\u010dju o\u010duvanja novinarske struke u manjim mjestima, s obzirom na to da poti\u010de dodatno zapo\u0161ljavanje novinara. Lokalni mediji, usprkos rastu\u0107em trendu informiranja stanovni\u0161tva putem dru\u0161tvenih mre\u017ea i internet portala, ostaju zna\u010dajan izvor lokalno relevantnih informacija, \u0161to je posebno izra\u017eeno u manjim mjestima i u dijelu kontinentalne Hrvatske. Vidljiv je va\u017ean utjecaj lokalnih neprofitnih portala koji funkcioniraju kao lokalne platforme koje okupljaju intelektualnu javnost i aktiviste, koji kroz kolumne i priloge obra\u0111uju lokalna dru\u0161tvena zbivanja iz druga\u010dije perspektive, unato\u010d \u010dinjenici da su lokalni komercijalni portali \u010desto \u010ditaniji od neprofitnih. <span>A\u0336n\u0336a\u0336l\u0336i\u0336z\u0336a\u0336 \u0336p\u0336o\u0336t\u0336v\u0336r\u0336\u0111\u0336u\u0336j\u0336e\u0336 \u0336u\u0336z\u0336r\u0336o\u0336\u010d\u0336n\u0336o\u0336-\u0336p\u0336o\u0336s\u0336l\u0336j\u0336e\u0336d\u0336i\u0336\u010d\u0336n\u0336u\u0336 \u0336p\u0336o\u0336v\u0336e\u0336z\u0336a\u0336n\u0336o\u0336s\u0336t\u0336 \u0336k\u0336o\u0336n\u0336z\u0336u\u0336m\u0336a\u0336c\u0336i\u0336j\u0336e\u0336 \u0336l\u0336o\u0336k\u0336a\u0336l\u0336n\u0336i\u0336h\u0336 \u0336m\u0336e\u0336d\u0336i\u0336j\u0336a\u0336 \u0336i\u0336 \u0336u\u0336k\u0336l\u0336j\u0336u\u0336\u010d\u0336e\u0336n\u0336o\u0336s\u0336t\u0336i\u0336 \u0336u\u0336 \u0336l\u0336o\u0336k\u0336a\u0336l\u0336n\u0336u\u0336 \u0336z\u0336a\u0336j\u0336e\u0336d\u0336n\u0336i\u0336c\u0336u\u0336 \u0336\u2013\u0336 \u0336v\u0336e\u0336\u0107\u0336a\u0336 \u0336k\u0336o\u0336n\u0336z\u0336u\u0336m\u0336a\u0336c\u0336i\u0336j\u0336a\u0336 \u0336l\u0336o\u0336k\u0336a\u0336l\u0336n\u0336i\u0336h\u0336 \u0336m\u0336e\u0336d\u0336i\u0336j\u0336a\u0336 \u0336r\u0336e\u0336z\u0336u\u0336l\u0336t\u0336i\u0336r\u0336a\u0336 \u0336v\u0336e\u0336\u0107\u0336i\u0336m\u0336 \u0336i\u0336n\u0336t\u0336e\u0336n\u0336z\u0336i\u0336t\u0336e\u0336t\u0336o\u0336m\u0336 \u0336u\u0336k\u0336l\u0336j\u0336u\u0336\u010d\u0336e\u0336n\u0336o\u0336s\u0336t\u0336i\u0336 \u0336u\u0336 \u0336l\u0336o\u0336k\u0336a\u0336l\u0336n\u0336u\u0336 \u0336z\u0336a\u0336j\u0336e\u0336d\u0336n\u0336i\u0336c\u0336u\u0336.\u0336<\/span>\u00a0<span>*\u00a0<\/span><span>Provedene analize sugeriraju da postoji odre\u0111ena povezanost izme\u0111u intenziteta konzumacije lokalnih radio stanica, regionalnih Internet portala i broja konzumiranih potpomognutih sadr\u017eaja s intenzitetom lokalnog anga\u017emana.<\/span><\/p>\n<p>Neka od otvorenih pitanja za budu\u0107nost su uklju\u010divanje komercijalnih lokalnih internet portala (elektroni\u010dkih publikacija) u svojstvo korisnika Fonda te revizija pristupa obrade manje konzumiranih tema i dodatne analize, s obzirom na obrnutu proporcionalnost tema koje se sufinanciraju od onih koje se konzumiraju.<\/p>\n<p>Prezentaciju mo\u017eete prona\u0107i <span><a href=\"\/repository_files\/file\/1277\/\">ovdje<\/a>.<br \/><a href=\"\/repository_files\/file\/1280\/\">Analiza dru\u0161tvenog utjecaja Fonda za pluralizam i raznovrsnost medija 2013-2015<\/a><\/span><\/p>\n<p>*NAPOMENA:<\/p>\n<p>Dana 23. listopada 2018. ova re\u010denica priop\u0107enja za medije je dijelom promijenjena na na\u010din da vi\u0161e ne uklju\u010duje napomenu o &#8220;uzro\u010dno-posljedi\u010dnoj povezanosti&#8221; jer takva interpretacija ne slijedi iz same Analize dru\u0161tvenog utjecaja Fonda za pluralizam i raznovrsnost medija 2013-2015.<\/p>\n<p>\u00a0<\/p>\n<p><span><a href=\"\/repository_files\/file\/1277\/\"><br \/><\/a><\/span><\/p>\n","protected":false},"excerpt":{"rendered":"<p>Danas je u Novinarskom domu predstavljeno istra\u017eivanje Analiza dru\u0161tvenog utjecaja Fonda za pluralizam i raznovrsnost elektroni\u010dkih medija. Glavni cilj istra\u017eivanja je ocjena programa \u2013emisija- sufinanciranih od strane Fonda za elektroni\u010dke medije (radijski i televizijski mediji, elektroni\u010dke publikacije) te njihov utjecaj na publiku, informiranost i kulturu na lokalnoj i regionalnoj razini. Rezultati istra\u017eivanja odnose se na [&hellip;]<\/p>\n","protected":false},"author":18,"featured_media":0,"comment_status":"closed","ping_status":"closed","sticky":false,"template":"","format":"standard","meta":{"_acf_changed":false,"inline_featured_image":false,"advgb_blocks_editor_width":"","advgb_blocks_columns_visual_guide":"","_links_to":"","_links_to_type":0,"footnotes":""},"categories":[89],"tags":[],"class_list":["post-3832","post","type-post","status-publish","format-standard","hentry","category-fond-za-pluralizam"],"acf":[],"yoast_head":"<!-- This site is optimized with the Yoast SEO plugin v25.7 - https:\/\/yoast.com\/wordpress\/plugins\/seo\/ -->\n<title>Predstavljeno istra\u017eivanje Analiza dru\u0161tvenog utjecaja Fonda za pluralizam i raznovrsnost elektroni\u010dkih medija - Agencija za elektroni\u010dke medije<\/title>\n<meta name=\"robots\" content=\"index, follow, max-snippet:-1, max-image-preview:large, max-video-preview:-1\" \/>\n<link rel=\"canonical\" href=\"https:\/\/aem.hr\/en\/blog\/2018\/06\/12\/predstavljeno-istrazivanje-analiza-drustvenog-utjecaja-fonda-za-pluralizam-i-raznovrsnost-elektronickih-medija-3\/\" \/>\n<meta property=\"og:locale\" content=\"en_US\" \/>\n<meta property=\"og:type\" content=\"article\" \/>\n<meta property=\"og:title\" content=\"Predstavljeno istra\u017eivanje Analiza dru\u0161tvenog utjecaja Fonda za pluralizam i raznovrsnost elektroni\u010dkih medija - Agencija za elektroni\u010dke medije\" \/>\n<meta property=\"og:description\" content=\"Danas je u Novinarskom domu predstavljeno istra\u017eivanje Analiza dru\u0161tvenog utjecaja Fonda za pluralizam i raznovrsnost elektroni\u010dkih medija. Glavni cilj istra\u017eivanja je ocjena programa \u2013emisija- sufinanciranih od strane Fonda za elektroni\u010dke medije (radijski i televizijski mediji, elektroni\u010dke publikacije) te njihov utjecaj na publiku, informiranost i kulturu na lokalnoj i regionalnoj razini. Rezultati istra\u017eivanja odnose se na [&hellip;]\" \/>\n<meta property=\"og:url\" content=\"https:\/\/aem.hr\/en\/blog\/2018\/06\/12\/predstavljeno-istrazivanje-analiza-drustvenog-utjecaja-fonda-za-pluralizam-i-raznovrsnost-elektronickih-medija-3\/\" \/>\n<meta property=\"og:site_name\" content=\"Agencija za elektroni\u010dke medije\" \/>\n<meta property=\"article:published_time\" content=\"2018-06-12T07:13:00+00:00\" \/>\n<meta name=\"author\" content=\"Matko Kirac\" \/>\n<meta name=\"twitter:card\" content=\"summary_large_image\" \/>\n<meta name=\"twitter:label1\" content=\"Written by\" \/>\n\t<meta name=\"twitter:data1\" content=\"Matko Kirac\" \/>\n\t<meta name=\"twitter:label2\" content=\"Est. reading time\" \/>\n\t<meta name=\"twitter:data2\" content=\"3 minutes\" \/>\n<script type=\"application\/ld+json\" class=\"yoast-schema-graph\">{\"@context\":\"https:\/\/schema.org\",\"@graph\":[{\"@type\":\"WebPage\",\"@id\":\"https:\/\/aem.hr\/en\/blog\/2018\/06\/12\/predstavljeno-istrazivanje-analiza-drustvenog-utjecaja-fonda-za-pluralizam-i-raznovrsnost-elektronickih-medija-3\/\",\"url\":\"https:\/\/aem.hr\/en\/blog\/2018\/06\/12\/predstavljeno-istrazivanje-analiza-drustvenog-utjecaja-fonda-za-pluralizam-i-raznovrsnost-elektronickih-medija-3\/\",\"name\":\"Predstavljeno istra\u017eivanje Analiza dru\u0161tvenog utjecaja Fonda za pluralizam i raznovrsnost elektroni\u010dkih medija - Agencija za elektroni\u010dke medije\",\"isPartOf\":{\"@id\":\"https:\/\/aem.hr\/#website\"},\"datePublished\":\"2018-06-12T07:13:00+00:00\",\"author\":{\"@id\":\"https:\/\/aem.hr\/#\/schema\/person\/c100d12574f2ef4fe03266d61bfc55e1\"},\"breadcrumb\":{\"@id\":\"https:\/\/aem.hr\/en\/blog\/2018\/06\/12\/predstavljeno-istrazivanje-analiza-drustvenog-utjecaja-fonda-za-pluralizam-i-raznovrsnost-elektronickih-medija-3\/#breadcrumb\"},\"inLanguage\":\"en-US\",\"potentialAction\":[{\"@type\":\"ReadAction\",\"target\":[\"https:\/\/aem.hr\/en\/blog\/2018\/06\/12\/predstavljeno-istrazivanje-analiza-drustvenog-utjecaja-fonda-za-pluralizam-i-raznovrsnost-elektronickih-medija-3\/\"]}]},{\"@type\":\"BreadcrumbList\",\"@id\":\"https:\/\/aem.hr\/en\/blog\/2018\/06\/12\/predstavljeno-istrazivanje-analiza-drustvenog-utjecaja-fonda-za-pluralizam-i-raznovrsnost-elektronickih-medija-3\/#breadcrumb\",\"itemListElement\":[{\"@type\":\"ListItem\",\"position\":1,\"name\":\"Po\u010detna stranica\",\"item\":\"https:\/\/aem.hr\/\"},{\"@type\":\"ListItem\",\"position\":2,\"name\":\"Predstavljeno istra\u017eivanje Analiza dru\u0161tvenog utjecaja Fonda za pluralizam i raznovrsnost elektroni\u010dkih medija\"}]},{\"@type\":\"WebSite\",\"@id\":\"https:\/\/aem.hr\/#website\",\"url\":\"https:\/\/aem.hr\/\",\"name\":\"Agencija za elektroni\u010dke medije\",\"description\":\"\",\"potentialAction\":[{\"@type\":\"SearchAction\",\"target\":{\"@type\":\"EntryPoint\",\"urlTemplate\":\"https:\/\/aem.hr\/?s={search_term_string}\"},\"query-input\":{\"@type\":\"PropertyValueSpecification\",\"valueRequired\":true,\"valueName\":\"search_term_string\"}}],\"inLanguage\":\"en-US\"},{\"@type\":\"Person\",\"@id\":\"https:\/\/aem.hr\/#\/schema\/person\/c100d12574f2ef4fe03266d61bfc55e1\",\"name\":\"Matko Kirac\",\"url\":\"https:\/\/aem.hr\/en\/blog\/author\/mkirac\/\"}]}<\/script>\n<!-- \/ Yoast SEO plugin. -->","yoast_head_json":{"title":"Predstavljeno istra\u017eivanje Analiza dru\u0161tvenog utjecaja Fonda za pluralizam i raznovrsnost elektroni\u010dkih medija - Agencija za elektroni\u010dke medije","robots":{"index":"index","follow":"follow","max-snippet":"max-snippet:-1","max-image-preview":"max-image-preview:large","max-video-preview":"max-video-preview:-1"},"canonical":"https:\/\/aem.hr\/en\/blog\/2018\/06\/12\/predstavljeno-istrazivanje-analiza-drustvenog-utjecaja-fonda-za-pluralizam-i-raznovrsnost-elektronickih-medija-3\/","og_locale":"en_US","og_type":"article","og_title":"Predstavljeno istra\u017eivanje Analiza dru\u0161tvenog utjecaja Fonda za pluralizam i raznovrsnost elektroni\u010dkih medija - Agencija za elektroni\u010dke medije","og_description":"Danas je u Novinarskom domu predstavljeno istra\u017eivanje Analiza dru\u0161tvenog utjecaja Fonda za pluralizam i raznovrsnost elektroni\u010dkih medija. Glavni cilj istra\u017eivanja je ocjena programa \u2013emisija- sufinanciranih od strane Fonda za elektroni\u010dke medije (radijski i televizijski mediji, elektroni\u010dke publikacije) te njihov utjecaj na publiku, informiranost i kulturu na lokalnoj i regionalnoj razini. Rezultati istra\u017eivanja odnose se na [&hellip;]","og_url":"https:\/\/aem.hr\/en\/blog\/2018\/06\/12\/predstavljeno-istrazivanje-analiza-drustvenog-utjecaja-fonda-za-pluralizam-i-raznovrsnost-elektronickih-medija-3\/","og_site_name":"Agencija za elektroni\u010dke medije","article_published_time":"2018-06-12T07:13:00+00:00","author":"Matko Kirac","twitter_card":"summary_large_image","twitter_misc":{"Written by":"Matko Kirac","Est. reading time":"3 minutes"},"schema":{"@context":"https:\/\/schema.org","@graph":[{"@type":"WebPage","@id":"https:\/\/aem.hr\/en\/blog\/2018\/06\/12\/predstavljeno-istrazivanje-analiza-drustvenog-utjecaja-fonda-za-pluralizam-i-raznovrsnost-elektronickih-medija-3\/","url":"https:\/\/aem.hr\/en\/blog\/2018\/06\/12\/predstavljeno-istrazivanje-analiza-drustvenog-utjecaja-fonda-za-pluralizam-i-raznovrsnost-elektronickih-medija-3\/","name":"Predstavljeno istra\u017eivanje Analiza dru\u0161tvenog utjecaja Fonda za pluralizam i raznovrsnost elektroni\u010dkih medija - Agencija za elektroni\u010dke medije","isPartOf":{"@id":"https:\/\/aem.hr\/#website"},"datePublished":"2018-06-12T07:13:00+00:00","author":{"@id":"https:\/\/aem.hr\/#\/schema\/person\/c100d12574f2ef4fe03266d61bfc55e1"},"breadcrumb":{"@id":"https:\/\/aem.hr\/en\/blog\/2018\/06\/12\/predstavljeno-istrazivanje-analiza-drustvenog-utjecaja-fonda-za-pluralizam-i-raznovrsnost-elektronickih-medija-3\/#breadcrumb"},"inLanguage":"en-US","potentialAction":[{"@type":"ReadAction","target":["https:\/\/aem.hr\/en\/blog\/2018\/06\/12\/predstavljeno-istrazivanje-analiza-drustvenog-utjecaja-fonda-za-pluralizam-i-raznovrsnost-elektronickih-medija-3\/"]}]},{"@type":"BreadcrumbList","@id":"https:\/\/aem.hr\/en\/blog\/2018\/06\/12\/predstavljeno-istrazivanje-analiza-drustvenog-utjecaja-fonda-za-pluralizam-i-raznovrsnost-elektronickih-medija-3\/#breadcrumb","itemListElement":[{"@type":"ListItem","position":1,"name":"Po\u010detna stranica","item":"https:\/\/aem.hr\/"},{"@type":"ListItem","position":2,"name":"Predstavljeno istra\u017eivanje Analiza dru\u0161tvenog utjecaja Fonda za pluralizam i raznovrsnost elektroni\u010dkih medija"}]},{"@type":"WebSite","@id":"https:\/\/aem.hr\/#website","url":"https:\/\/aem.hr\/","name":"Agencija za elektroni\u010dke medije","description":"","potentialAction":[{"@type":"SearchAction","target":{"@type":"EntryPoint","urlTemplate":"https:\/\/aem.hr\/?s={search_term_string}"},"query-input":{"@type":"PropertyValueSpecification","valueRequired":true,"valueName":"search_term_string"}}],"inLanguage":"en-US"},{"@type":"Person","@id":"https:\/\/aem.hr\/#\/schema\/person\/c100d12574f2ef4fe03266d61bfc55e1","name":"Matko Kirac","url":"https:\/\/aem.hr\/en\/blog\/author\/mkirac\/"}]}},"author_meta":{"display_name":"Matko Kirac","author_link":"https:\/\/aem.hr\/en\/blog\/author\/mkirac\/"},"featured_img":null,"coauthors":[],"tax_additional":{"categories":{"linked":["<a href=\"https:\/\/aem.hr\/en\/kategorija\/fond-za-pluralizam\/\" class=\"advgb-post-tax-term\">Fond za pluralizam<\/a>"],"unlinked":["<span class=\"advgb-post-tax-term\">Fond za pluralizam<\/span>"]}},"comment_count":"0","relative_dates":{"created":"Posted 8 years ago","modified":"Updated 8 years ago"},"absolute_dates":{"created":"Posted on 12. June 2018.","modified":"Updated on 12. June 2018."},"absolute_dates_time":{"created":"Posted on 12. June 2018. 9:13","modified":"Updated on 12. June 2018. 9:13"},"featured_img_caption":"","series_order":"","_links":{"self":[{"href":"https:\/\/aem.hr\/en\/wp-json\/wp\/v2\/posts\/3832","targetHints":{"allow":["GET"]}}],"collection":[{"href":"https:\/\/aem.hr\/en\/wp-json\/wp\/v2\/posts"}],"about":[{"href":"https:\/\/aem.hr\/en\/wp-json\/wp\/v2\/types\/post"}],"author":[{"embeddable":true,"href":"https:\/\/aem.hr\/en\/wp-json\/wp\/v2\/users\/18"}],"replies":[{"embeddable":true,"href":"https:\/\/aem.hr\/en\/wp-json\/wp\/v2\/comments?post=3832"}],"version-history":[{"count":0,"href":"https:\/\/aem.hr\/en\/wp-json\/wp\/v2\/posts\/3832\/revisions"}],"wp:attachment":[{"href":"https:\/\/aem.hr\/en\/wp-json\/wp\/v2\/media?parent=3832"}],"wp:term":[{"taxonomy":"category","embeddable":true,"href":"https:\/\/aem.hr\/en\/wp-json\/wp\/v2\/categories?post=3832"},{"taxonomy":"post_tag","embeddable":true,"href":"https:\/\/aem.hr\/en\/wp-json\/wp\/v2\/tags?post=3832"}],"curies":[{"name":"wp","href":"https:\/\/api.w.org\/{rel}","templated":true}]}}