{"id":3892,"date":"2018-11-16T08:38:00","date_gmt":"2018-11-16T07:38:00","guid":{"rendered":"http:\/\/emediji.inspirium.hr\/vijesti\/dani-elektronickih-medija-o-novostima-u-raspodjeli-sredstava-fonda-za-poticanje-pluralizma-i-raznovrsnosti-elektronickih-medija\/"},"modified":"2018-11-16T08:38:00","modified_gmt":"2018-11-16T07:38:00","slug":"dani-elektronickih-medija-o-novostima-u-raspodjeli-sredstava-fonda-za-poticanje-pluralizma-i-raznovrsnosti-elektronickih-medija","status":"publish","type":"post","link":"https:\/\/aem.hr\/en\/blog\/2018\/11\/16\/dani-elektronickih-medija-o-novostima-u-raspodjeli-sredstava-fonda-za-poticanje-pluralizma-i-raznovrsnosti-elektronickih-medija\/","title":{"rendered":"Dani elektroni\u010dkih medija: O novostima u raspodjeli sredstava Fonda za poticanje pluralizma i raznovrsnosti elektroni\u010dkih medija"},"content":{"rendered":"<p>Poslovanje ve\u0107ine radijskih i televizijskih nakladnika u mnogome ovisi o sredstvima koje ostvaruju na natje\u010dajima Fonda za poticanje pluralizma i raznovrsnosti elektroni\u010dkih medija u Republici Hrvatskoj. Stoga i ne \u010dudi \u0161to je panel rasprava i radionica Fonda na kraju 11. Dana elektroni\u010dkih medija izazvala iznimno veliki interes predstavnika radijskih, televizijskih i internetskih nakladnika u Hrvatskoj.<\/p>\n<p>Davor Mari\u0107, \u010dlan Vije\u0107a za elektroni\u010dke medije, te Miro Kri\u017ean i Tomislav Pupa\u010di\u0107 iz Agencije za elektroni\u010dke medije predstavili su najva\u017enije novine u pripremi natje\u010daja Fonda za poticanje pluralizma i raznovrsnosti elektroni\u010dkih medija za 2019. i 2020., te prisutne upozorili na najva\u017enije dokumente prilikom pravdanja sredstava dobivenih za 2017. i 2018. godinu.<\/p>\n<p>U dogovoru s predstavnicima HURIN-a i NUT-a zaklju\u010deno je kako \u0107e novi natje\u010daj za potpore male vrijednosti biti objavljen oko 20. prosinca ove godine, a po\u010detkom sije\u010dnja 2019. biti \u0107e objavljen i natje\u010daj za potpore velike vrijednosti. Nakladnici su izrazili zadovoljstvo takvom odlukom, a iz Vije\u0107a i Agencije za elektroni\u010dke medije stiglo je obe\u0107anje kako \u0107e cjelokupni postupak provedbe natje\u010daja i evaluacije pristiglih zahtjeva biti obavljen u\u010dinkovito i u maksimalno kratkim rokovima. To zna\u010di da bi nakladnicima sredstva iz novog prora\u010duna za 2019. i 2020. godinu mogla biti dostupna ve\u0107 u o\u017eujku ili travnju sljede\u0107e godine.<\/p>\n<p>Da podsjetimo, prema zakonskoj obvezi, tri posto ukupnog prihoda od radio-televizijske pristojbe izdvaja se u Fond za poticanje pluralizma i raznovrsnosti elektroni\u010dkih medija u Hrvatskoj koji financira odre\u0111ene programske sadr\u017eaje radijskih, televizijskih i internetskih nakladnika.<\/p>\n<p>Nakon panel rasprave odr\u017eana je i radionica na kojoj su predstavnici nakladnika dobili detaljne upute o tome kako naju\u010dinkovitije i najbr\u017ee popuniti opse\u017enu natje\u010dajnu dokumentaciju.<\/p>\n<p><strong>Prezentacije<br \/><\/strong><a href=\"\/repository_files\/file\/1337\/\">Fond 2019 Miro Kri\u017ean<\/a><br \/><a href=\"\/repository_files\/file\/1338\/\">O fondu na 11. DEM Davor Mari\u0107<\/a><br \/><a href=\"\/repository_files\/file\/1339\/\">Prezentacija prijave na natje\u010daj Fonda &#8211; Josip Maru\u0161i\u0107<br \/><\/a><a href=\"\/repository_files\/file\/1340\/\">Pravdanje Fondova u 2019 Tomislav Pupa\u010di\u0107<\/a><strong><\/p>\n<p><\/strong><\/p>\n","protected":false},"excerpt":{"rendered":"<p>Poslovanje ve\u0107ine radijskih i televizijskih nakladnika u mnogome ovisi o sredstvima koje ostvaruju na natje\u010dajima Fonda za poticanje pluralizma i raznovrsnosti elektroni\u010dkih medija u Republici Hrvatskoj. Stoga i ne \u010dudi \u0161to je panel rasprava i radionica Fonda na kraju 11. Dana elektroni\u010dkih medija izazvala iznimno veliki interes predstavnika radijskih, televizijskih i internetskih nakladnika u Hrvatskoj. [&hellip;]<\/p>\n","protected":false},"author":13,"featured_media":0,"comment_status":"closed","ping_status":"closed","sticky":false,"template":"","format":"standard","meta":{"_acf_changed":false,"inline_featured_image":false,"advgb_blocks_editor_width":"","advgb_blocks_columns_visual_guide":"","_links_to":"","_links_to_type":0,"footnotes":""},"categories":[89],"tags":[],"class_list":["post-3892","post","type-post","status-publish","format-standard","hentry","category-fond-za-pluralizam"],"acf":[],"yoast_head":"<!-- This site is optimized with the Yoast SEO plugin v25.7 - https:\/\/yoast.com\/wordpress\/plugins\/seo\/ -->\n<title>Dani elektroni\u010dkih medija: O novostima u raspodjeli sredstava Fonda za poticanje pluralizma i raznovrsnosti elektroni\u010dkih medija - Agencija za elektroni\u010dke medije<\/title>\n<meta name=\"robots\" content=\"index, follow, max-snippet:-1, max-image-preview:large, max-video-preview:-1\" \/>\n<link rel=\"canonical\" href=\"https:\/\/aem.hr\/en\/blog\/2018\/11\/16\/dani-elektronickih-medija-o-novostima-u-raspodjeli-sredstava-fonda-za-poticanje-pluralizma-i-raznovrsnosti-elektronickih-medija\/\" \/>\n<meta property=\"og:locale\" content=\"en_US\" \/>\n<meta property=\"og:type\" content=\"article\" \/>\n<meta property=\"og:title\" content=\"Dani elektroni\u010dkih medija: O novostima u raspodjeli sredstava Fonda za poticanje pluralizma i raznovrsnosti elektroni\u010dkih medija - Agencija za elektroni\u010dke medije\" \/>\n<meta property=\"og:description\" content=\"Poslovanje ve\u0107ine radijskih i televizijskih nakladnika u mnogome ovisi o sredstvima koje ostvaruju na natje\u010dajima Fonda za poticanje pluralizma i raznovrsnosti elektroni\u010dkih medija u Republici Hrvatskoj. Stoga i ne \u010dudi \u0161to je panel rasprava i radionica Fonda na kraju 11. Dana elektroni\u010dkih medija izazvala iznimno veliki interes predstavnika radijskih, televizijskih i internetskih nakladnika u Hrvatskoj. [&hellip;]\" \/>\n<meta property=\"og:url\" content=\"https:\/\/aem.hr\/en\/blog\/2018\/11\/16\/dani-elektronickih-medija-o-novostima-u-raspodjeli-sredstava-fonda-za-poticanje-pluralizma-i-raznovrsnosti-elektronickih-medija\/\" \/>\n<meta property=\"og:site_name\" content=\"Agencija za elektroni\u010dke medije\" \/>\n<meta property=\"article:published_time\" content=\"2018-11-16T07:38:00+00:00\" \/>\n<meta name=\"author\" content=\"Josip Maru\u0161i\u0107\" \/>\n<meta name=\"twitter:card\" content=\"summary_large_image\" \/>\n<meta name=\"twitter:label1\" content=\"Written by\" \/>\n\t<meta name=\"twitter:data1\" content=\"Josip Maru\u0161i\u0107\" \/>\n\t<meta name=\"twitter:label2\" content=\"Est. reading time\" \/>\n\t<meta name=\"twitter:data2\" content=\"2 minutes\" \/>\n<script type=\"application\/ld+json\" class=\"yoast-schema-graph\">{\"@context\":\"https:\/\/schema.org\",\"@graph\":[{\"@type\":\"WebPage\",\"@id\":\"https:\/\/aem.hr\/en\/blog\/2018\/11\/16\/dani-elektronickih-medija-o-novostima-u-raspodjeli-sredstava-fonda-za-poticanje-pluralizma-i-raznovrsnosti-elektronickih-medija\/\",\"url\":\"https:\/\/aem.hr\/en\/blog\/2018\/11\/16\/dani-elektronickih-medija-o-novostima-u-raspodjeli-sredstava-fonda-za-poticanje-pluralizma-i-raznovrsnosti-elektronickih-medija\/\",\"name\":\"Dani elektroni\u010dkih medija: O novostima u raspodjeli sredstava Fonda za poticanje pluralizma i raznovrsnosti elektroni\u010dkih medija - Agencija za elektroni\u010dke medije\",\"isPartOf\":{\"@id\":\"https:\/\/aem.hr\/#website\"},\"datePublished\":\"2018-11-16T07:38:00+00:00\",\"author\":{\"@id\":\"https:\/\/aem.hr\/#\/schema\/person\/b9e33e71f4dc3b7e09ac84016f823e3c\"},\"breadcrumb\":{\"@id\":\"https:\/\/aem.hr\/en\/blog\/2018\/11\/16\/dani-elektronickih-medija-o-novostima-u-raspodjeli-sredstava-fonda-za-poticanje-pluralizma-i-raznovrsnosti-elektronickih-medija\/#breadcrumb\"},\"inLanguage\":\"en-US\",\"potentialAction\":[{\"@type\":\"ReadAction\",\"target\":[\"https:\/\/aem.hr\/en\/blog\/2018\/11\/16\/dani-elektronickih-medija-o-novostima-u-raspodjeli-sredstava-fonda-za-poticanje-pluralizma-i-raznovrsnosti-elektronickih-medija\/\"]}]},{\"@type\":\"BreadcrumbList\",\"@id\":\"https:\/\/aem.hr\/en\/blog\/2018\/11\/16\/dani-elektronickih-medija-o-novostima-u-raspodjeli-sredstava-fonda-za-poticanje-pluralizma-i-raznovrsnosti-elektronickih-medija\/#breadcrumb\",\"itemListElement\":[{\"@type\":\"ListItem\",\"position\":1,\"name\":\"Po\u010detna stranica\",\"item\":\"https:\/\/aem.hr\/\"},{\"@type\":\"ListItem\",\"position\":2,\"name\":\"Dani elektroni\u010dkih medija: O novostima u raspodjeli sredstava Fonda za poticanje pluralizma i raznovrsnosti elektroni\u010dkih medija\"}]},{\"@type\":\"WebSite\",\"@id\":\"https:\/\/aem.hr\/#website\",\"url\":\"https:\/\/aem.hr\/\",\"name\":\"Agencija za elektroni\u010dke medije\",\"description\":\"\",\"potentialAction\":[{\"@type\":\"SearchAction\",\"target\":{\"@type\":\"EntryPoint\",\"urlTemplate\":\"https:\/\/aem.hr\/?s={search_term_string}\"},\"query-input\":{\"@type\":\"PropertyValueSpecification\",\"valueRequired\":true,\"valueName\":\"search_term_string\"}}],\"inLanguage\":\"en-US\"},{\"@type\":\"Person\",\"@id\":\"https:\/\/aem.hr\/#\/schema\/person\/b9e33e71f4dc3b7e09ac84016f823e3c\",\"name\":\"Josip Maru\u0161i\u0107\",\"url\":\"https:\/\/aem.hr\/en\/blog\/author\/josip\/\"}]}<\/script>\n<!-- \/ Yoast SEO plugin. -->","yoast_head_json":{"title":"Dani elektroni\u010dkih medija: O novostima u raspodjeli sredstava Fonda za poticanje pluralizma i raznovrsnosti elektroni\u010dkih medija - Agencija za elektroni\u010dke medije","robots":{"index":"index","follow":"follow","max-snippet":"max-snippet:-1","max-image-preview":"max-image-preview:large","max-video-preview":"max-video-preview:-1"},"canonical":"https:\/\/aem.hr\/en\/blog\/2018\/11\/16\/dani-elektronickih-medija-o-novostima-u-raspodjeli-sredstava-fonda-za-poticanje-pluralizma-i-raznovrsnosti-elektronickih-medija\/","og_locale":"en_US","og_type":"article","og_title":"Dani elektroni\u010dkih medija: O novostima u raspodjeli sredstava Fonda za poticanje pluralizma i raznovrsnosti elektroni\u010dkih medija - Agencija za elektroni\u010dke medije","og_description":"Poslovanje ve\u0107ine radijskih i televizijskih nakladnika u mnogome ovisi o sredstvima koje ostvaruju na natje\u010dajima Fonda za poticanje pluralizma i raznovrsnosti elektroni\u010dkih medija u Republici Hrvatskoj. Stoga i ne \u010dudi \u0161to je panel rasprava i radionica Fonda na kraju 11. Dana elektroni\u010dkih medija izazvala iznimno veliki interes predstavnika radijskih, televizijskih i internetskih nakladnika u Hrvatskoj. [&hellip;]","og_url":"https:\/\/aem.hr\/en\/blog\/2018\/11\/16\/dani-elektronickih-medija-o-novostima-u-raspodjeli-sredstava-fonda-za-poticanje-pluralizma-i-raznovrsnosti-elektronickih-medija\/","og_site_name":"Agencija za elektroni\u010dke medije","article_published_time":"2018-11-16T07:38:00+00:00","author":"Josip Maru\u0161i\u0107","twitter_card":"summary_large_image","twitter_misc":{"Written by":"Josip Maru\u0161i\u0107","Est. reading time":"2 minutes"},"schema":{"@context":"https:\/\/schema.org","@graph":[{"@type":"WebPage","@id":"https:\/\/aem.hr\/en\/blog\/2018\/11\/16\/dani-elektronickih-medija-o-novostima-u-raspodjeli-sredstava-fonda-za-poticanje-pluralizma-i-raznovrsnosti-elektronickih-medija\/","url":"https:\/\/aem.hr\/en\/blog\/2018\/11\/16\/dani-elektronickih-medija-o-novostima-u-raspodjeli-sredstava-fonda-za-poticanje-pluralizma-i-raznovrsnosti-elektronickih-medija\/","name":"Dani elektroni\u010dkih medija: O novostima u raspodjeli sredstava Fonda za poticanje pluralizma i raznovrsnosti elektroni\u010dkih medija - Agencija za elektroni\u010dke medije","isPartOf":{"@id":"https:\/\/aem.hr\/#website"},"datePublished":"2018-11-16T07:38:00+00:00","author":{"@id":"https:\/\/aem.hr\/#\/schema\/person\/b9e33e71f4dc3b7e09ac84016f823e3c"},"breadcrumb":{"@id":"https:\/\/aem.hr\/en\/blog\/2018\/11\/16\/dani-elektronickih-medija-o-novostima-u-raspodjeli-sredstava-fonda-za-poticanje-pluralizma-i-raznovrsnosti-elektronickih-medija\/#breadcrumb"},"inLanguage":"en-US","potentialAction":[{"@type":"ReadAction","target":["https:\/\/aem.hr\/en\/blog\/2018\/11\/16\/dani-elektronickih-medija-o-novostima-u-raspodjeli-sredstava-fonda-za-poticanje-pluralizma-i-raznovrsnosti-elektronickih-medija\/"]}]},{"@type":"BreadcrumbList","@id":"https:\/\/aem.hr\/en\/blog\/2018\/11\/16\/dani-elektronickih-medija-o-novostima-u-raspodjeli-sredstava-fonda-za-poticanje-pluralizma-i-raznovrsnosti-elektronickih-medija\/#breadcrumb","itemListElement":[{"@type":"ListItem","position":1,"name":"Po\u010detna stranica","item":"https:\/\/aem.hr\/"},{"@type":"ListItem","position":2,"name":"Dani elektroni\u010dkih medija: O novostima u raspodjeli sredstava Fonda za poticanje pluralizma i raznovrsnosti elektroni\u010dkih medija"}]},{"@type":"WebSite","@id":"https:\/\/aem.hr\/#website","url":"https:\/\/aem.hr\/","name":"Agencija za elektroni\u010dke medije","description":"","potentialAction":[{"@type":"SearchAction","target":{"@type":"EntryPoint","urlTemplate":"https:\/\/aem.hr\/?s={search_term_string}"},"query-input":{"@type":"PropertyValueSpecification","valueRequired":true,"valueName":"search_term_string"}}],"inLanguage":"en-US"},{"@type":"Person","@id":"https:\/\/aem.hr\/#\/schema\/person\/b9e33e71f4dc3b7e09ac84016f823e3c","name":"Josip Maru\u0161i\u0107","url":"https:\/\/aem.hr\/en\/blog\/author\/josip\/"}]}},"author_meta":{"display_name":"Josip Maru\u0161i\u0107","author_link":"https:\/\/aem.hr\/en\/blog\/author\/josip\/"},"featured_img":null,"coauthors":[],"tax_additional":{"categories":{"linked":["<a href=\"https:\/\/aem.hr\/en\/kategorija\/fond-za-pluralizam\/\" class=\"advgb-post-tax-term\">Fond za pluralizam<\/a>"],"unlinked":["<span class=\"advgb-post-tax-term\">Fond za pluralizam<\/span>"]}},"comment_count":"0","relative_dates":{"created":"Posted 7 years ago","modified":"Updated 7 years ago"},"absolute_dates":{"created":"Posted on 16. November 2018.","modified":"Updated on 16. November 2018."},"absolute_dates_time":{"created":"Posted on 16. November 2018. 8:38","modified":"Updated on 16. November 2018. 8:38"},"featured_img_caption":"","series_order":"","_links":{"self":[{"href":"https:\/\/aem.hr\/en\/wp-json\/wp\/v2\/posts\/3892","targetHints":{"allow":["GET"]}}],"collection":[{"href":"https:\/\/aem.hr\/en\/wp-json\/wp\/v2\/posts"}],"about":[{"href":"https:\/\/aem.hr\/en\/wp-json\/wp\/v2\/types\/post"}],"author":[{"embeddable":true,"href":"https:\/\/aem.hr\/en\/wp-json\/wp\/v2\/users\/13"}],"replies":[{"embeddable":true,"href":"https:\/\/aem.hr\/en\/wp-json\/wp\/v2\/comments?post=3892"}],"version-history":[{"count":0,"href":"https:\/\/aem.hr\/en\/wp-json\/wp\/v2\/posts\/3892\/revisions"}],"wp:attachment":[{"href":"https:\/\/aem.hr\/en\/wp-json\/wp\/v2\/media?parent=3892"}],"wp:term":[{"taxonomy":"category","embeddable":true,"href":"https:\/\/aem.hr\/en\/wp-json\/wp\/v2\/categories?post=3892"},{"taxonomy":"post_tag","embeddable":true,"href":"https:\/\/aem.hr\/en\/wp-json\/wp\/v2\/tags?post=3892"}],"curies":[{"name":"wp","href":"https:\/\/api.w.org\/{rel}","templated":true}]}}