{"id":3916,"date":"2018-12-22T11:19:00","date_gmt":"2018-12-22T10:19:00","guid":{"rendered":"http:\/\/emediji.inspirium.hr\/vijesti\/nedjeljko-markovic-vanjski-clan-odbora-za-informiranje-informatizaciju-i-medije-hrvatskog-sabora-uputio-podrsku-clanovima-vem-a\/"},"modified":"2018-12-22T11:19:00","modified_gmt":"2018-12-22T10:19:00","slug":"nedjeljko-markovic-vanjski-clan-odbora-za-informiranje-informatizaciju-i-medije-hrvatskog-sabora-uputio-podrsku-clanovima-vem-a","status":"publish","type":"post","link":"https:\/\/aem.hr\/en\/blog\/2018\/12\/22\/nedjeljko-markovic-vanjski-clan-odbora-za-informiranje-informatizaciju-i-medije-hrvatskog-sabora-uputio-podrsku-clanovima-vem-a\/","title":{"rendered":"Nedjeljko Markovi\u0107, vanjski \u010dlan Odbora za informiranje, informatizaciju i medije Hrvatskog sabora uputio podr\u0161ku \u010dlanovima VEM-a"},"content":{"rendered":"<p>Po\u0161tovani g. Popovac,\u00a0<\/p>\n<p><span>izuzetno mi je \u017eao zbog prijetnje smr\u0107u koju su zaprimili \u010dlanovi Vije\u0107a, a zbog obavljanja svojih &#8211; zakonom propisanih &#8211; poslova. Sve prijetnje upu\u0107ene Vije\u0107u, odnosno Agenciji, najgrublji su nasrtaj na slobode medija u Hrvatskoj i poku\u0161aj nasilnog nametanja dru\u0161tvenih i politi\u010dkih tema.<\/span><\/p>\n<p><span>Osje\u0107am odgovornost, kao vanjski \u010dlan Odbora za informiranje, informatizaciju i medije Hrvatskog sabora, za promicanje nulte tolerancije prema bilo kakvom nasilju prema svima koji poku\u0161avaju unaprijediti medijski pluralizam i medijske slobode u Hrvatskoj, rukovode\u0107i se najvi\u0161im eti\u010dkim i profesionalnim standardima.<\/span><\/p>\n<p><span>\u017delim Vama i svim zaposlenicima Agencije sretan Bo\u017ei\u0107, u vjeri da \u0107e dr\u017eavna tijela brzo prona\u0107i po\u010dinitelja ovog nedjela.\u00a0<\/span><\/p>\n<p><span>S po\u0161tovanjem,\u00a0<\/span><\/p>\n<p><span>Nedjeljko Markovi\u0107, dipl. socijalni radnik<br \/><\/span><span>Vanjski \u010dlan Odbora za informiranje, informatizaciju i medije Hrvatskog sabora\u00a0<\/span><\/p>\n<p><span>22. prosinca 2018.<\/span><\/p>\n","protected":false},"excerpt":{"rendered":"<p>Po\u0161tovani g. Popovac,\u00a0 izuzetno mi je \u017eao zbog prijetnje smr\u0107u koju su zaprimili \u010dlanovi Vije\u0107a, a zbog obavljanja svojih &#8211; zakonom propisanih &#8211; poslova. Sve prijetnje upu\u0107ene Vije\u0107u, odnosno Agenciji, najgrublji su nasrtaj na slobode medija u Hrvatskoj i poku\u0161aj nasilnog nametanja dru\u0161tvenih i politi\u010dkih tema. Osje\u0107am odgovornost, kao vanjski \u010dlan Odbora za informiranje, informatizaciju [&hellip;]<\/p>\n","protected":false},"author":18,"featured_media":0,"comment_status":"closed","ping_status":"closed","sticky":false,"template":"","format":"standard","meta":{"_acf_changed":false,"inline_featured_image":false,"advgb_blocks_editor_width":"","advgb_blocks_columns_visual_guide":"","_links_to":"","_links_to_type":0,"footnotes":""},"categories":[5],"tags":[],"class_list":["post-3916","post","type-post","status-publish","format-standard","hentry","category-vijesti"],"acf":[],"yoast_head":"<!-- This site is optimized with the Yoast SEO plugin v25.7 - https:\/\/yoast.com\/wordpress\/plugins\/seo\/ -->\n<title>Nedjeljko Markovi\u0107, vanjski \u010dlan Odbora za informiranje, informatizaciju i medije Hrvatskog sabora uputio podr\u0161ku \u010dlanovima VEM-a - Agencija za elektroni\u010dke medije<\/title>\n<meta name=\"robots\" content=\"index, follow, max-snippet:-1, max-image-preview:large, max-video-preview:-1\" \/>\n<link rel=\"canonical\" href=\"https:\/\/aem.hr\/blog\/2018\/12\/22\/nedjeljko-markovic-vanjski-clan-odbora-za-informiranje-informatizaciju-i-medije-hrvatskog-sabora-uputio-podrsku-clanovima-vem-a\/\" \/>\n<meta property=\"og:locale\" content=\"en_US\" \/>\n<meta property=\"og:type\" content=\"article\" \/>\n<meta property=\"og:title\" content=\"Nedjeljko Markovi\u0107, vanjski \u010dlan Odbora za informiranje, informatizaciju i medije Hrvatskog sabora uputio podr\u0161ku \u010dlanovima VEM-a - Agencija za elektroni\u010dke medije\" \/>\n<meta property=\"og:description\" content=\"Po\u0161tovani g. Popovac,\u00a0 izuzetno mi je \u017eao zbog prijetnje smr\u0107u koju su zaprimili \u010dlanovi Vije\u0107a, a zbog obavljanja svojih &#8211; zakonom propisanih &#8211; poslova. Sve prijetnje upu\u0107ene Vije\u0107u, odnosno Agenciji, najgrublji su nasrtaj na slobode medija u Hrvatskoj i poku\u0161aj nasilnog nametanja dru\u0161tvenih i politi\u010dkih tema. Osje\u0107am odgovornost, kao vanjski \u010dlan Odbora za informiranje, informatizaciju [&hellip;]\" \/>\n<meta property=\"og:url\" content=\"https:\/\/aem.hr\/blog\/2018\/12\/22\/nedjeljko-markovic-vanjski-clan-odbora-za-informiranje-informatizaciju-i-medije-hrvatskog-sabora-uputio-podrsku-clanovima-vem-a\/\" \/>\n<meta property=\"og:site_name\" content=\"Agencija za elektroni\u010dke medije\" \/>\n<meta property=\"article:published_time\" content=\"2018-12-22T10:19:00+00:00\" \/>\n<meta name=\"author\" content=\"Matko Kirac\" \/>\n<meta name=\"twitter:card\" content=\"summary_large_image\" \/>\n<meta name=\"twitter:label1\" content=\"Written by\" \/>\n\t<meta name=\"twitter:data1\" content=\"Matko Kirac\" \/>\n\t<meta name=\"twitter:label2\" content=\"Est. reading time\" \/>\n\t<meta name=\"twitter:data2\" content=\"1 minute\" \/>\n<script type=\"application\/ld+json\" class=\"yoast-schema-graph\">{\"@context\":\"https:\/\/schema.org\",\"@graph\":[{\"@type\":\"WebPage\",\"@id\":\"https:\/\/aem.hr\/blog\/2018\/12\/22\/nedjeljko-markovic-vanjski-clan-odbora-za-informiranje-informatizaciju-i-medije-hrvatskog-sabora-uputio-podrsku-clanovima-vem-a\/\",\"url\":\"https:\/\/aem.hr\/blog\/2018\/12\/22\/nedjeljko-markovic-vanjski-clan-odbora-za-informiranje-informatizaciju-i-medije-hrvatskog-sabora-uputio-podrsku-clanovima-vem-a\/\",\"name\":\"Nedjeljko Markovi\u0107, vanjski \u010dlan Odbora za informiranje, informatizaciju i medije Hrvatskog sabora uputio podr\u0161ku \u010dlanovima VEM-a - Agencija za elektroni\u010dke medije\",\"isPartOf\":{\"@id\":\"https:\/\/aem.hr\/#website\"},\"datePublished\":\"2018-12-22T10:19:00+00:00\",\"author\":{\"@id\":\"https:\/\/aem.hr\/#\/schema\/person\/c100d12574f2ef4fe03266d61bfc55e1\"},\"breadcrumb\":{\"@id\":\"https:\/\/aem.hr\/blog\/2018\/12\/22\/nedjeljko-markovic-vanjski-clan-odbora-za-informiranje-informatizaciju-i-medije-hrvatskog-sabora-uputio-podrsku-clanovima-vem-a\/#breadcrumb\"},\"inLanguage\":\"en-US\",\"potentialAction\":[{\"@type\":\"ReadAction\",\"target\":[\"https:\/\/aem.hr\/blog\/2018\/12\/22\/nedjeljko-markovic-vanjski-clan-odbora-za-informiranje-informatizaciju-i-medije-hrvatskog-sabora-uputio-podrsku-clanovima-vem-a\/\"]}]},{\"@type\":\"BreadcrumbList\",\"@id\":\"https:\/\/aem.hr\/blog\/2018\/12\/22\/nedjeljko-markovic-vanjski-clan-odbora-za-informiranje-informatizaciju-i-medije-hrvatskog-sabora-uputio-podrsku-clanovima-vem-a\/#breadcrumb\",\"itemListElement\":[{\"@type\":\"ListItem\",\"position\":1,\"name\":\"Po\u010detna stranica\",\"item\":\"https:\/\/aem.hr\/\"},{\"@type\":\"ListItem\",\"position\":2,\"name\":\"Nedjeljko Markovi\u0107, vanjski \u010dlan Odbora za informiranje, informatizaciju i medije Hrvatskog sabora uputio podr\u0161ku \u010dlanovima VEM-a\"}]},{\"@type\":\"WebSite\",\"@id\":\"https:\/\/aem.hr\/#website\",\"url\":\"https:\/\/aem.hr\/\",\"name\":\"Agencija za elektroni\u010dke medije\",\"description\":\"\",\"potentialAction\":[{\"@type\":\"SearchAction\",\"target\":{\"@type\":\"EntryPoint\",\"urlTemplate\":\"https:\/\/aem.hr\/?s={search_term_string}\"},\"query-input\":{\"@type\":\"PropertyValueSpecification\",\"valueRequired\":true,\"valueName\":\"search_term_string\"}}],\"inLanguage\":\"en-US\"},{\"@type\":\"Person\",\"@id\":\"https:\/\/aem.hr\/#\/schema\/person\/c100d12574f2ef4fe03266d61bfc55e1\",\"name\":\"Matko Kirac\",\"url\":\"https:\/\/aem.hr\/en\/blog\/author\/mkirac\/\"}]}<\/script>\n<!-- \/ Yoast SEO plugin. -->","yoast_head_json":{"title":"Nedjeljko Markovi\u0107, vanjski \u010dlan Odbora za informiranje, informatizaciju i medije Hrvatskog sabora uputio podr\u0161ku \u010dlanovima VEM-a - Agencija za elektroni\u010dke medije","robots":{"index":"index","follow":"follow","max-snippet":"max-snippet:-1","max-image-preview":"max-image-preview:large","max-video-preview":"max-video-preview:-1"},"canonical":"https:\/\/aem.hr\/blog\/2018\/12\/22\/nedjeljko-markovic-vanjski-clan-odbora-za-informiranje-informatizaciju-i-medije-hrvatskog-sabora-uputio-podrsku-clanovima-vem-a\/","og_locale":"en_US","og_type":"article","og_title":"Nedjeljko Markovi\u0107, vanjski \u010dlan Odbora za informiranje, informatizaciju i medije Hrvatskog sabora uputio podr\u0161ku \u010dlanovima VEM-a - Agencija za elektroni\u010dke medije","og_description":"Po\u0161tovani g. Popovac,\u00a0 izuzetno mi je \u017eao zbog prijetnje smr\u0107u koju su zaprimili \u010dlanovi Vije\u0107a, a zbog obavljanja svojih &#8211; zakonom propisanih &#8211; poslova. Sve prijetnje upu\u0107ene Vije\u0107u, odnosno Agenciji, najgrublji su nasrtaj na slobode medija u Hrvatskoj i poku\u0161aj nasilnog nametanja dru\u0161tvenih i politi\u010dkih tema. Osje\u0107am odgovornost, kao vanjski \u010dlan Odbora za informiranje, informatizaciju [&hellip;]","og_url":"https:\/\/aem.hr\/blog\/2018\/12\/22\/nedjeljko-markovic-vanjski-clan-odbora-za-informiranje-informatizaciju-i-medije-hrvatskog-sabora-uputio-podrsku-clanovima-vem-a\/","og_site_name":"Agencija za elektroni\u010dke medije","article_published_time":"2018-12-22T10:19:00+00:00","author":"Matko Kirac","twitter_card":"summary_large_image","twitter_misc":{"Written by":"Matko Kirac","Est. reading time":"1 minute"},"schema":{"@context":"https:\/\/schema.org","@graph":[{"@type":"WebPage","@id":"https:\/\/aem.hr\/blog\/2018\/12\/22\/nedjeljko-markovic-vanjski-clan-odbora-za-informiranje-informatizaciju-i-medije-hrvatskog-sabora-uputio-podrsku-clanovima-vem-a\/","url":"https:\/\/aem.hr\/blog\/2018\/12\/22\/nedjeljko-markovic-vanjski-clan-odbora-za-informiranje-informatizaciju-i-medije-hrvatskog-sabora-uputio-podrsku-clanovima-vem-a\/","name":"Nedjeljko Markovi\u0107, vanjski \u010dlan Odbora za informiranje, informatizaciju i medije Hrvatskog sabora uputio podr\u0161ku \u010dlanovima VEM-a - Agencija za elektroni\u010dke medije","isPartOf":{"@id":"https:\/\/aem.hr\/#website"},"datePublished":"2018-12-22T10:19:00+00:00","author":{"@id":"https:\/\/aem.hr\/#\/schema\/person\/c100d12574f2ef4fe03266d61bfc55e1"},"breadcrumb":{"@id":"https:\/\/aem.hr\/blog\/2018\/12\/22\/nedjeljko-markovic-vanjski-clan-odbora-za-informiranje-informatizaciju-i-medije-hrvatskog-sabora-uputio-podrsku-clanovima-vem-a\/#breadcrumb"},"inLanguage":"en-US","potentialAction":[{"@type":"ReadAction","target":["https:\/\/aem.hr\/blog\/2018\/12\/22\/nedjeljko-markovic-vanjski-clan-odbora-za-informiranje-informatizaciju-i-medije-hrvatskog-sabora-uputio-podrsku-clanovima-vem-a\/"]}]},{"@type":"BreadcrumbList","@id":"https:\/\/aem.hr\/blog\/2018\/12\/22\/nedjeljko-markovic-vanjski-clan-odbora-za-informiranje-informatizaciju-i-medije-hrvatskog-sabora-uputio-podrsku-clanovima-vem-a\/#breadcrumb","itemListElement":[{"@type":"ListItem","position":1,"name":"Po\u010detna stranica","item":"https:\/\/aem.hr\/"},{"@type":"ListItem","position":2,"name":"Nedjeljko Markovi\u0107, vanjski \u010dlan Odbora za informiranje, informatizaciju i medije Hrvatskog sabora uputio podr\u0161ku \u010dlanovima VEM-a"}]},{"@type":"WebSite","@id":"https:\/\/aem.hr\/#website","url":"https:\/\/aem.hr\/","name":"Agencija za elektroni\u010dke medije","description":"","potentialAction":[{"@type":"SearchAction","target":{"@type":"EntryPoint","urlTemplate":"https:\/\/aem.hr\/?s={search_term_string}"},"query-input":{"@type":"PropertyValueSpecification","valueRequired":true,"valueName":"search_term_string"}}],"inLanguage":"en-US"},{"@type":"Person","@id":"https:\/\/aem.hr\/#\/schema\/person\/c100d12574f2ef4fe03266d61bfc55e1","name":"Matko Kirac","url":"https:\/\/aem.hr\/en\/blog\/author\/mkirac\/"}]}},"author_meta":{"display_name":"Matko Kirac","author_link":"https:\/\/aem.hr\/en\/blog\/author\/mkirac\/"},"featured_img":null,"coauthors":[],"tax_additional":{"categories":{"linked":["<a href=\"https:\/\/aem.hr\/en\/kategorija\/vijesti\/\" class=\"advgb-post-tax-term\">Vijesti<\/a>"],"unlinked":["<span class=\"advgb-post-tax-term\">Vijesti<\/span>"]}},"comment_count":"0","relative_dates":{"created":"Posted 7 years ago","modified":"Updated 7 years ago"},"absolute_dates":{"created":"Posted on 22. December 2018.","modified":"Updated on 22. December 2018."},"absolute_dates_time":{"created":"Posted on 22. December 2018. 11:19","modified":"Updated on 22. December 2018. 11:19"},"featured_img_caption":"","series_order":"","_links":{"self":[{"href":"https:\/\/aem.hr\/en\/wp-json\/wp\/v2\/posts\/3916","targetHints":{"allow":["GET"]}}],"collection":[{"href":"https:\/\/aem.hr\/en\/wp-json\/wp\/v2\/posts"}],"about":[{"href":"https:\/\/aem.hr\/en\/wp-json\/wp\/v2\/types\/post"}],"author":[{"embeddable":true,"href":"https:\/\/aem.hr\/en\/wp-json\/wp\/v2\/users\/18"}],"replies":[{"embeddable":true,"href":"https:\/\/aem.hr\/en\/wp-json\/wp\/v2\/comments?post=3916"}],"version-history":[{"count":0,"href":"https:\/\/aem.hr\/en\/wp-json\/wp\/v2\/posts\/3916\/revisions"}],"wp:attachment":[{"href":"https:\/\/aem.hr\/en\/wp-json\/wp\/v2\/media?parent=3916"}],"wp:term":[{"taxonomy":"category","embeddable":true,"href":"https:\/\/aem.hr\/en\/wp-json\/wp\/v2\/categories?post=3916"},{"taxonomy":"post_tag","embeddable":true,"href":"https:\/\/aem.hr\/en\/wp-json\/wp\/v2\/tags?post=3916"}],"curies":[{"name":"wp","href":"https:\/\/api.w.org\/{rel}","templated":true}]}}