{"id":3917,"date":"2018-12-23T11:17:00","date_gmt":"2018-12-23T10:17:00","guid":{"rendered":"http:\/\/emediji.inspirium.hr\/vijesti\/nacionalna-udruga-televizija-nut-uputila-podrsku-clanovima-vem-a\/"},"modified":"2018-12-23T11:17:00","modified_gmt":"2018-12-23T10:17:00","slug":"nacionalna-udruga-televizija-nut-uputila-podrsku-clanovima-vem-a","status":"publish","type":"post","link":"https:\/\/aem.hr\/en\/blog\/2018\/12\/23\/nacionalna-udruga-televizija-nut-uputila-podrsku-clanovima-vem-a\/","title":{"rendered":"NACIONALNA UDRUGA TELEVIZIJA (NUT) uputila podr\u0161ku \u010dlanovima VEM-a"},"content":{"rendered":"<p>Pula, 22. prosinca 2018.\u00a0\u00a0\u00a0<\/p>\n<p>\u00a0<span>AGENCIJA ZA ELEKTRONI\u010cKE MEDIJE<br \/><\/span><span>Ravnatelju, svim \u010dlanovima Vije\u0107a<br \/><\/span><span>i djelatnicima Agencije<\/span><\/p>\n<p><span>Po\u0161tovani,<\/span><\/p>\n<p><span>na tragu objavljene vam prijetnje smr\u0107u, koristim priliku u ime na\u0161ih \u010dlanica, svih regionalnih i lokalnih TV postaja u Hrvatskoj, iskazati najo\u0161triju osudu takvoga \u010dina.<\/span><\/p>\n<p><span>Nakon kontakta s na\u0161im \u010dlanicama, \u017eelimo posebno naglasiti da i TV postaje koje su bile sankcionirane odlukom Vije\u0107a izra\u017eavaju javnu kritiku takvim prijetnjama i ogra\u0111uju se od bilo kakve povezanosti s nepoznatim po\u010diniteljem.<\/span><span>\u00a0<\/span><\/p>\n<p>Svi dajemo podr\u0161ku va\u0161em radu na uvo\u0111enju reda u medijski prostor Hrvatske i nastojanju da govor mr\u017enje maknemo iz elektroni\u010dkih i tiskanih medija.<\/p>\n<p><span>Vjerujemo da takvi nepromi\u0161ljeni istupi pojedinaca ne\u0107e poljuljati va\u0161 rad na po\u0161tivanju zakona i unapre\u0111enju uvjeta i na\u010dina rada medija u Hrvatskoj.<\/span><\/p>\n<p><span>Nacionalna udruga televizija<br \/><\/span><span>Predsjednik<br \/><\/span><span>Denis Mikoli\u0107<\/span><\/p>\n","protected":false},"excerpt":{"rendered":"<p>Pula, 22. prosinca 2018.\u00a0\u00a0\u00a0 \u00a0AGENCIJA ZA ELEKTRONI\u010cKE MEDIJERavnatelju, svim \u010dlanovima Vije\u0107ai djelatnicima Agencije Po\u0161tovani, na tragu objavljene vam prijetnje smr\u0107u, koristim priliku u ime na\u0161ih \u010dlanica, svih regionalnih i lokalnih TV postaja u Hrvatskoj, iskazati najo\u0161triju osudu takvoga \u010dina. Nakon kontakta s na\u0161im \u010dlanicama, \u017eelimo posebno naglasiti da i TV postaje koje su bile sankcionirane [&hellip;]<\/p>\n","protected":false},"author":18,"featured_media":0,"comment_status":"closed","ping_status":"closed","sticky":false,"template":"","format":"standard","meta":{"_acf_changed":false,"inline_featured_image":false,"advgb_blocks_editor_width":"","advgb_blocks_columns_visual_guide":"","_links_to":"","_links_to_type":0,"footnotes":""},"categories":[5],"tags":[],"class_list":["post-3917","post","type-post","status-publish","format-standard","hentry","category-vijesti"],"acf":[],"yoast_head":"<!-- This site is optimized with the Yoast SEO plugin v25.7 - https:\/\/yoast.com\/wordpress\/plugins\/seo\/ -->\n<title>NACIONALNA UDRUGA TELEVIZIJA (NUT) uputila podr\u0161ku \u010dlanovima VEM-a - Agencija za elektroni\u010dke medije<\/title>\n<meta name=\"robots\" content=\"index, follow, max-snippet:-1, max-image-preview:large, max-video-preview:-1\" \/>\n<link rel=\"canonical\" href=\"https:\/\/aem.hr\/blog\/2018\/12\/23\/nacionalna-udruga-televizija-nut-uputila-podrsku-clanovima-vem-a\/\" \/>\n<meta property=\"og:locale\" content=\"en_US\" \/>\n<meta property=\"og:type\" content=\"article\" \/>\n<meta property=\"og:title\" content=\"NACIONALNA UDRUGA TELEVIZIJA (NUT) uputila podr\u0161ku \u010dlanovima VEM-a - Agencija za elektroni\u010dke medije\" \/>\n<meta property=\"og:description\" content=\"Pula, 22. prosinca 2018.\u00a0\u00a0\u00a0 \u00a0AGENCIJA ZA ELEKTRONI\u010cKE MEDIJERavnatelju, svim \u010dlanovima Vije\u0107ai djelatnicima Agencije Po\u0161tovani, na tragu objavljene vam prijetnje smr\u0107u, koristim priliku u ime na\u0161ih \u010dlanica, svih regionalnih i lokalnih TV postaja u Hrvatskoj, iskazati najo\u0161triju osudu takvoga \u010dina. Nakon kontakta s na\u0161im \u010dlanicama, \u017eelimo posebno naglasiti da i TV postaje koje su bile sankcionirane [&hellip;]\" \/>\n<meta property=\"og:url\" content=\"https:\/\/aem.hr\/blog\/2018\/12\/23\/nacionalna-udruga-televizija-nut-uputila-podrsku-clanovima-vem-a\/\" \/>\n<meta property=\"og:site_name\" content=\"Agencija za elektroni\u010dke medije\" \/>\n<meta property=\"article:published_time\" content=\"2018-12-23T10:17:00+00:00\" \/>\n<meta name=\"author\" content=\"Matko Kirac\" \/>\n<meta name=\"twitter:card\" content=\"summary_large_image\" \/>\n<meta name=\"twitter:label1\" content=\"Written by\" \/>\n\t<meta name=\"twitter:data1\" content=\"Matko Kirac\" \/>\n\t<meta name=\"twitter:label2\" content=\"Est. reading time\" \/>\n\t<meta name=\"twitter:data2\" content=\"1 minute\" \/>\n<script type=\"application\/ld+json\" class=\"yoast-schema-graph\">{\"@context\":\"https:\/\/schema.org\",\"@graph\":[{\"@type\":\"WebPage\",\"@id\":\"https:\/\/aem.hr\/blog\/2018\/12\/23\/nacionalna-udruga-televizija-nut-uputila-podrsku-clanovima-vem-a\/\",\"url\":\"https:\/\/aem.hr\/blog\/2018\/12\/23\/nacionalna-udruga-televizija-nut-uputila-podrsku-clanovima-vem-a\/\",\"name\":\"NACIONALNA UDRUGA TELEVIZIJA (NUT) uputila podr\u0161ku \u010dlanovima VEM-a - Agencija za elektroni\u010dke medije\",\"isPartOf\":{\"@id\":\"https:\/\/aem.hr\/#website\"},\"datePublished\":\"2018-12-23T10:17:00+00:00\",\"author\":{\"@id\":\"https:\/\/aem.hr\/#\/schema\/person\/c100d12574f2ef4fe03266d61bfc55e1\"},\"breadcrumb\":{\"@id\":\"https:\/\/aem.hr\/blog\/2018\/12\/23\/nacionalna-udruga-televizija-nut-uputila-podrsku-clanovima-vem-a\/#breadcrumb\"},\"inLanguage\":\"en-US\",\"potentialAction\":[{\"@type\":\"ReadAction\",\"target\":[\"https:\/\/aem.hr\/blog\/2018\/12\/23\/nacionalna-udruga-televizija-nut-uputila-podrsku-clanovima-vem-a\/\"]}]},{\"@type\":\"BreadcrumbList\",\"@id\":\"https:\/\/aem.hr\/blog\/2018\/12\/23\/nacionalna-udruga-televizija-nut-uputila-podrsku-clanovima-vem-a\/#breadcrumb\",\"itemListElement\":[{\"@type\":\"ListItem\",\"position\":1,\"name\":\"Po\u010detna stranica\",\"item\":\"https:\/\/aem.hr\/\"},{\"@type\":\"ListItem\",\"position\":2,\"name\":\"NACIONALNA UDRUGA TELEVIZIJA (NUT) uputila podr\u0161ku \u010dlanovima VEM-a\"}]},{\"@type\":\"WebSite\",\"@id\":\"https:\/\/aem.hr\/#website\",\"url\":\"https:\/\/aem.hr\/\",\"name\":\"Agencija za elektroni\u010dke medije\",\"description\":\"\",\"potentialAction\":[{\"@type\":\"SearchAction\",\"target\":{\"@type\":\"EntryPoint\",\"urlTemplate\":\"https:\/\/aem.hr\/?s={search_term_string}\"},\"query-input\":{\"@type\":\"PropertyValueSpecification\",\"valueRequired\":true,\"valueName\":\"search_term_string\"}}],\"inLanguage\":\"en-US\"},{\"@type\":\"Person\",\"@id\":\"https:\/\/aem.hr\/#\/schema\/person\/c100d12574f2ef4fe03266d61bfc55e1\",\"name\":\"Matko Kirac\",\"url\":\"https:\/\/aem.hr\/en\/blog\/author\/mkirac\/\"}]}<\/script>\n<!-- \/ Yoast SEO plugin. -->","yoast_head_json":{"title":"NACIONALNA UDRUGA TELEVIZIJA (NUT) uputila podr\u0161ku \u010dlanovima VEM-a - Agencija za elektroni\u010dke medije","robots":{"index":"index","follow":"follow","max-snippet":"max-snippet:-1","max-image-preview":"max-image-preview:large","max-video-preview":"max-video-preview:-1"},"canonical":"https:\/\/aem.hr\/blog\/2018\/12\/23\/nacionalna-udruga-televizija-nut-uputila-podrsku-clanovima-vem-a\/","og_locale":"en_US","og_type":"article","og_title":"NACIONALNA UDRUGA TELEVIZIJA (NUT) uputila podr\u0161ku \u010dlanovima VEM-a - Agencija za elektroni\u010dke medije","og_description":"Pula, 22. prosinca 2018.\u00a0\u00a0\u00a0 \u00a0AGENCIJA ZA ELEKTRONI\u010cKE MEDIJERavnatelju, svim \u010dlanovima Vije\u0107ai djelatnicima Agencije Po\u0161tovani, na tragu objavljene vam prijetnje smr\u0107u, koristim priliku u ime na\u0161ih \u010dlanica, svih regionalnih i lokalnih TV postaja u Hrvatskoj, iskazati najo\u0161triju osudu takvoga \u010dina. Nakon kontakta s na\u0161im \u010dlanicama, \u017eelimo posebno naglasiti da i TV postaje koje su bile sankcionirane [&hellip;]","og_url":"https:\/\/aem.hr\/blog\/2018\/12\/23\/nacionalna-udruga-televizija-nut-uputila-podrsku-clanovima-vem-a\/","og_site_name":"Agencija za elektroni\u010dke medije","article_published_time":"2018-12-23T10:17:00+00:00","author":"Matko Kirac","twitter_card":"summary_large_image","twitter_misc":{"Written by":"Matko Kirac","Est. reading time":"1 minute"},"schema":{"@context":"https:\/\/schema.org","@graph":[{"@type":"WebPage","@id":"https:\/\/aem.hr\/blog\/2018\/12\/23\/nacionalna-udruga-televizija-nut-uputila-podrsku-clanovima-vem-a\/","url":"https:\/\/aem.hr\/blog\/2018\/12\/23\/nacionalna-udruga-televizija-nut-uputila-podrsku-clanovima-vem-a\/","name":"NACIONALNA UDRUGA TELEVIZIJA (NUT) uputila podr\u0161ku \u010dlanovima VEM-a - Agencija za elektroni\u010dke medije","isPartOf":{"@id":"https:\/\/aem.hr\/#website"},"datePublished":"2018-12-23T10:17:00+00:00","author":{"@id":"https:\/\/aem.hr\/#\/schema\/person\/c100d12574f2ef4fe03266d61bfc55e1"},"breadcrumb":{"@id":"https:\/\/aem.hr\/blog\/2018\/12\/23\/nacionalna-udruga-televizija-nut-uputila-podrsku-clanovima-vem-a\/#breadcrumb"},"inLanguage":"en-US","potentialAction":[{"@type":"ReadAction","target":["https:\/\/aem.hr\/blog\/2018\/12\/23\/nacionalna-udruga-televizija-nut-uputila-podrsku-clanovima-vem-a\/"]}]},{"@type":"BreadcrumbList","@id":"https:\/\/aem.hr\/blog\/2018\/12\/23\/nacionalna-udruga-televizija-nut-uputila-podrsku-clanovima-vem-a\/#breadcrumb","itemListElement":[{"@type":"ListItem","position":1,"name":"Po\u010detna stranica","item":"https:\/\/aem.hr\/"},{"@type":"ListItem","position":2,"name":"NACIONALNA UDRUGA TELEVIZIJA (NUT) uputila podr\u0161ku \u010dlanovima VEM-a"}]},{"@type":"WebSite","@id":"https:\/\/aem.hr\/#website","url":"https:\/\/aem.hr\/","name":"Agencija za elektroni\u010dke medije","description":"","potentialAction":[{"@type":"SearchAction","target":{"@type":"EntryPoint","urlTemplate":"https:\/\/aem.hr\/?s={search_term_string}"},"query-input":{"@type":"PropertyValueSpecification","valueRequired":true,"valueName":"search_term_string"}}],"inLanguage":"en-US"},{"@type":"Person","@id":"https:\/\/aem.hr\/#\/schema\/person\/c100d12574f2ef4fe03266d61bfc55e1","name":"Matko Kirac","url":"https:\/\/aem.hr\/en\/blog\/author\/mkirac\/"}]}},"author_meta":{"display_name":"Matko Kirac","author_link":"https:\/\/aem.hr\/en\/blog\/author\/mkirac\/"},"featured_img":null,"coauthors":[],"tax_additional":{"categories":{"linked":["<a href=\"https:\/\/aem.hr\/en\/kategorija\/vijesti\/\" class=\"advgb-post-tax-term\">Vijesti<\/a>"],"unlinked":["<span class=\"advgb-post-tax-term\">Vijesti<\/span>"]}},"comment_count":"0","relative_dates":{"created":"Posted 7 years ago","modified":"Updated 7 years ago"},"absolute_dates":{"created":"Posted on 23. December 2018.","modified":"Updated on 23. December 2018."},"absolute_dates_time":{"created":"Posted on 23. December 2018. 11:17","modified":"Updated on 23. December 2018. 11:17"},"featured_img_caption":"","series_order":"","_links":{"self":[{"href":"https:\/\/aem.hr\/en\/wp-json\/wp\/v2\/posts\/3917","targetHints":{"allow":["GET"]}}],"collection":[{"href":"https:\/\/aem.hr\/en\/wp-json\/wp\/v2\/posts"}],"about":[{"href":"https:\/\/aem.hr\/en\/wp-json\/wp\/v2\/types\/post"}],"author":[{"embeddable":true,"href":"https:\/\/aem.hr\/en\/wp-json\/wp\/v2\/users\/18"}],"replies":[{"embeddable":true,"href":"https:\/\/aem.hr\/en\/wp-json\/wp\/v2\/comments?post=3917"}],"version-history":[{"count":0,"href":"https:\/\/aem.hr\/en\/wp-json\/wp\/v2\/posts\/3917\/revisions"}],"wp:attachment":[{"href":"https:\/\/aem.hr\/en\/wp-json\/wp\/v2\/media?parent=3917"}],"wp:term":[{"taxonomy":"category","embeddable":true,"href":"https:\/\/aem.hr\/en\/wp-json\/wp\/v2\/categories?post=3917"},{"taxonomy":"post_tag","embeddable":true,"href":"https:\/\/aem.hr\/en\/wp-json\/wp\/v2\/tags?post=3917"}],"curies":[{"name":"wp","href":"https:\/\/api.w.org\/{rel}","templated":true}]}}