{"id":3918,"date":"2018-12-26T14:47:00","date_gmt":"2018-12-26T13:47:00","guid":{"rendered":"http:\/\/emediji.inspirium.hr\/vijesti\/hrvatsko-novinarsko-drustvo-hnd-osudjuje-prijetnje-smrcu-clanovima-vem-a\/"},"modified":"2018-12-26T14:47:00","modified_gmt":"2018-12-26T13:47:00","slug":"hrvatsko-novinarsko-drustvo-hnd-osudjuje-prijetnje-smrcu-clanovima-vem-a","status":"publish","type":"post","link":"https:\/\/aem.hr\/en\/blog\/2018\/12\/26\/hrvatsko-novinarsko-drustvo-hnd-osudjuje-prijetnje-smrcu-clanovima-vem-a\/","title":{"rendered":"HRVATSKO NOVINARSKO DRU\u0160TVO (HND) osu\u0111uje prijetnje smr\u0107u \u010dlanovima VEM-a"},"content":{"rendered":"<p>Zagreb, 24. prosinca 2018.<span>\u00a0<\/span><\/p>\n<p>Hrvatsko novinarsko dru\u0161tvo o\u0161tro osu\u0111uje prijetnje smr\u0107u \u010dlanovima Vije\u0107a za elektroni\u010dke medije, koje su uslijedile nakon \u0161to je Vije\u0107e donijelo odluku o ka\u017enjavanju govora mr\u017enje prema migrantima u emisiji \u201cBujica\u201d od 6. studenoga 2018. godine privremenim oduzimanjem koncesije televizijama koje su je emitirale. HND poziva nadle\u017ena tijela da \u0161to prije prona\u0111u i procesuiraju po\u010dinitelje tih kaznenih djela.<span>\u00a0<\/span><\/p>\n<p>HND podsje\u0107a na sli\u010dan slu\u010daj zastra\u0161ivanja u sije\u010dnju 2016. godine, kada je Vije\u0107e za elektroni\u010dke medije televiziji Z1 na tri dana oduzelo koncesiju zbog govora mr\u017enje u emisiji &#8220;Markov trg&#8221;. Tada je u Zagrebu organiziran svojevrstan mar\u0161 na Agenciju za elektroni\u010dke medije u kojem je gomila u atmosferi lin\u010da blokirala ulaz u Agenciju skandiraju\u0107i &#8220;za dom spremni&#8221; i zahtijevaju\u0107i ostavke vije\u0107nika. Na \u017ealost, policija tada &#8220;zbog velikog broja prosvjednika&#8221; nije uspjela prona\u0107i elemente kaznenog djela ili prekr\u0161aja.<\/p>\n<p>Govor mr\u017enje i nasilje u javnom prostoru ve\u0107 je dulje vrijeme u porastu, na \u0161to HND neprestano upozorava, a mete napada naj\u010de\u0161\u0107e su pripadnici manjina, drugi i druga\u010diji, ali i na\u0161e kolegice i kolege novinari, kojima se prijeti zbog njihova rada. HND stoga izra\u017eava \u017ealjenje zbog \u010dinjenice da Vije\u0107e za elektroni\u010dke medije, kao nezavisno regulatorno tijelo, nije \u010de\u0161\u0107e koristilo mehanizme kojima raspola\u017ee te sustavno sankcioniralo govor mr\u017enje u elektroni\u010dkim medijima.<\/p>\n<p>Hrvatsko novinarsko dru\u0161tvo tako\u0111er zahtijeva da se svaka prijetnja shvati ozbiljno, da se ne relativizira i da se nedvosmisleno osudi, a posebice s najvi\u0161ih politi\u010dkih razina.<\/p>\n<p>Za Izvr\u0161ni odbor<br \/>Hrvoje Zovko, predsjednik Hrvatskog novinarskog dru\u0161tva<\/p>\n<p><span><br \/><\/span><\/p>\n","protected":false},"excerpt":{"rendered":"<p>Zagreb, 24. prosinca 2018.\u00a0 Hrvatsko novinarsko dru\u0161tvo o\u0161tro osu\u0111uje prijetnje smr\u0107u \u010dlanovima Vije\u0107a za elektroni\u010dke medije, koje su uslijedile nakon \u0161to je Vije\u0107e donijelo odluku o ka\u017enjavanju govora mr\u017enje prema migrantima u emisiji \u201cBujica\u201d od 6. studenoga 2018. godine privremenim oduzimanjem koncesije televizijama koje su je emitirale. HND poziva nadle\u017ena tijela da \u0161to prije prona\u0111u [&hellip;]<\/p>\n","protected":false},"author":18,"featured_media":0,"comment_status":"closed","ping_status":"closed","sticky":false,"template":"","format":"standard","meta":{"_acf_changed":false,"inline_featured_image":false,"advgb_blocks_editor_width":"","advgb_blocks_columns_visual_guide":"","_links_to":"","_links_to_type":0,"footnotes":""},"categories":[5],"tags":[],"class_list":["post-3918","post","type-post","status-publish","format-standard","hentry","category-vijesti"],"acf":[],"yoast_head":"<!-- This site is optimized with the Yoast SEO plugin v25.7 - https:\/\/yoast.com\/wordpress\/plugins\/seo\/ -->\n<title>HRVATSKO NOVINARSKO DRU\u0160TVO (HND) osu\u0111uje prijetnje smr\u0107u \u010dlanovima VEM-a - Agencija za elektroni\u010dke medije<\/title>\n<meta name=\"robots\" content=\"index, follow, max-snippet:-1, max-image-preview:large, max-video-preview:-1\" \/>\n<link rel=\"canonical\" href=\"https:\/\/aem.hr\/blog\/2018\/12\/26\/hrvatsko-novinarsko-drustvo-hnd-osudjuje-prijetnje-smrcu-clanovima-vem-a\/\" \/>\n<meta property=\"og:locale\" content=\"en_US\" \/>\n<meta property=\"og:type\" content=\"article\" \/>\n<meta property=\"og:title\" content=\"HRVATSKO NOVINARSKO DRU\u0160TVO (HND) osu\u0111uje prijetnje smr\u0107u \u010dlanovima VEM-a - Agencija za elektroni\u010dke medije\" \/>\n<meta property=\"og:description\" content=\"Zagreb, 24. prosinca 2018.\u00a0 Hrvatsko novinarsko dru\u0161tvo o\u0161tro osu\u0111uje prijetnje smr\u0107u \u010dlanovima Vije\u0107a za elektroni\u010dke medije, koje su uslijedile nakon \u0161to je Vije\u0107e donijelo odluku o ka\u017enjavanju govora mr\u017enje prema migrantima u emisiji \u201cBujica\u201d od 6. studenoga 2018. godine privremenim oduzimanjem koncesije televizijama koje su je emitirale. HND poziva nadle\u017ena tijela da \u0161to prije prona\u0111u [&hellip;]\" \/>\n<meta property=\"og:url\" content=\"https:\/\/aem.hr\/blog\/2018\/12\/26\/hrvatsko-novinarsko-drustvo-hnd-osudjuje-prijetnje-smrcu-clanovima-vem-a\/\" \/>\n<meta property=\"og:site_name\" content=\"Agencija za elektroni\u010dke medije\" \/>\n<meta property=\"article:published_time\" content=\"2018-12-26T13:47:00+00:00\" \/>\n<meta name=\"author\" content=\"Matko Kirac\" \/>\n<meta name=\"twitter:card\" content=\"summary_large_image\" \/>\n<meta name=\"twitter:label1\" content=\"Written by\" \/>\n\t<meta name=\"twitter:data1\" content=\"Matko Kirac\" \/>\n\t<meta name=\"twitter:label2\" content=\"Est. reading time\" \/>\n\t<meta name=\"twitter:data2\" content=\"1 minute\" \/>\n<script type=\"application\/ld+json\" class=\"yoast-schema-graph\">{\"@context\":\"https:\/\/schema.org\",\"@graph\":[{\"@type\":\"WebPage\",\"@id\":\"https:\/\/aem.hr\/blog\/2018\/12\/26\/hrvatsko-novinarsko-drustvo-hnd-osudjuje-prijetnje-smrcu-clanovima-vem-a\/\",\"url\":\"https:\/\/aem.hr\/blog\/2018\/12\/26\/hrvatsko-novinarsko-drustvo-hnd-osudjuje-prijetnje-smrcu-clanovima-vem-a\/\",\"name\":\"HRVATSKO NOVINARSKO DRU\u0160TVO (HND) osu\u0111uje prijetnje smr\u0107u \u010dlanovima VEM-a - Agencija za elektroni\u010dke medije\",\"isPartOf\":{\"@id\":\"https:\/\/aem.hr\/#website\"},\"datePublished\":\"2018-12-26T13:47:00+00:00\",\"author\":{\"@id\":\"https:\/\/aem.hr\/#\/schema\/person\/c100d12574f2ef4fe03266d61bfc55e1\"},\"breadcrumb\":{\"@id\":\"https:\/\/aem.hr\/blog\/2018\/12\/26\/hrvatsko-novinarsko-drustvo-hnd-osudjuje-prijetnje-smrcu-clanovima-vem-a\/#breadcrumb\"},\"inLanguage\":\"en-US\",\"potentialAction\":[{\"@type\":\"ReadAction\",\"target\":[\"https:\/\/aem.hr\/blog\/2018\/12\/26\/hrvatsko-novinarsko-drustvo-hnd-osudjuje-prijetnje-smrcu-clanovima-vem-a\/\"]}]},{\"@type\":\"BreadcrumbList\",\"@id\":\"https:\/\/aem.hr\/blog\/2018\/12\/26\/hrvatsko-novinarsko-drustvo-hnd-osudjuje-prijetnje-smrcu-clanovima-vem-a\/#breadcrumb\",\"itemListElement\":[{\"@type\":\"ListItem\",\"position\":1,\"name\":\"Po\u010detna stranica\",\"item\":\"https:\/\/aem.hr\/\"},{\"@type\":\"ListItem\",\"position\":2,\"name\":\"HRVATSKO NOVINARSKO DRU\u0160TVO (HND) osu\u0111uje prijetnje smr\u0107u \u010dlanovima VEM-a\"}]},{\"@type\":\"WebSite\",\"@id\":\"https:\/\/aem.hr\/#website\",\"url\":\"https:\/\/aem.hr\/\",\"name\":\"Agencija za elektroni\u010dke medije\",\"description\":\"\",\"potentialAction\":[{\"@type\":\"SearchAction\",\"target\":{\"@type\":\"EntryPoint\",\"urlTemplate\":\"https:\/\/aem.hr\/?s={search_term_string}\"},\"query-input\":{\"@type\":\"PropertyValueSpecification\",\"valueRequired\":true,\"valueName\":\"search_term_string\"}}],\"inLanguage\":\"en-US\"},{\"@type\":\"Person\",\"@id\":\"https:\/\/aem.hr\/#\/schema\/person\/c100d12574f2ef4fe03266d61bfc55e1\",\"name\":\"Matko Kirac\",\"url\":\"https:\/\/aem.hr\/en\/blog\/author\/mkirac\/\"}]}<\/script>\n<!-- \/ Yoast SEO plugin. -->","yoast_head_json":{"title":"HRVATSKO NOVINARSKO DRU\u0160TVO (HND) osu\u0111uje prijetnje smr\u0107u \u010dlanovima VEM-a - Agencija za elektroni\u010dke medije","robots":{"index":"index","follow":"follow","max-snippet":"max-snippet:-1","max-image-preview":"max-image-preview:large","max-video-preview":"max-video-preview:-1"},"canonical":"https:\/\/aem.hr\/blog\/2018\/12\/26\/hrvatsko-novinarsko-drustvo-hnd-osudjuje-prijetnje-smrcu-clanovima-vem-a\/","og_locale":"en_US","og_type":"article","og_title":"HRVATSKO NOVINARSKO DRU\u0160TVO (HND) osu\u0111uje prijetnje smr\u0107u \u010dlanovima VEM-a - Agencija za elektroni\u010dke medije","og_description":"Zagreb, 24. prosinca 2018.\u00a0 Hrvatsko novinarsko dru\u0161tvo o\u0161tro osu\u0111uje prijetnje smr\u0107u \u010dlanovima Vije\u0107a za elektroni\u010dke medije, koje su uslijedile nakon \u0161to je Vije\u0107e donijelo odluku o ka\u017enjavanju govora mr\u017enje prema migrantima u emisiji \u201cBujica\u201d od 6. studenoga 2018. godine privremenim oduzimanjem koncesije televizijama koje su je emitirale. HND poziva nadle\u017ena tijela da \u0161to prije prona\u0111u [&hellip;]","og_url":"https:\/\/aem.hr\/blog\/2018\/12\/26\/hrvatsko-novinarsko-drustvo-hnd-osudjuje-prijetnje-smrcu-clanovima-vem-a\/","og_site_name":"Agencija za elektroni\u010dke medije","article_published_time":"2018-12-26T13:47:00+00:00","author":"Matko Kirac","twitter_card":"summary_large_image","twitter_misc":{"Written by":"Matko Kirac","Est. reading time":"1 minute"},"schema":{"@context":"https:\/\/schema.org","@graph":[{"@type":"WebPage","@id":"https:\/\/aem.hr\/blog\/2018\/12\/26\/hrvatsko-novinarsko-drustvo-hnd-osudjuje-prijetnje-smrcu-clanovima-vem-a\/","url":"https:\/\/aem.hr\/blog\/2018\/12\/26\/hrvatsko-novinarsko-drustvo-hnd-osudjuje-prijetnje-smrcu-clanovima-vem-a\/","name":"HRVATSKO NOVINARSKO DRU\u0160TVO (HND) osu\u0111uje prijetnje smr\u0107u \u010dlanovima VEM-a - Agencija za elektroni\u010dke medije","isPartOf":{"@id":"https:\/\/aem.hr\/#website"},"datePublished":"2018-12-26T13:47:00+00:00","author":{"@id":"https:\/\/aem.hr\/#\/schema\/person\/c100d12574f2ef4fe03266d61bfc55e1"},"breadcrumb":{"@id":"https:\/\/aem.hr\/blog\/2018\/12\/26\/hrvatsko-novinarsko-drustvo-hnd-osudjuje-prijetnje-smrcu-clanovima-vem-a\/#breadcrumb"},"inLanguage":"en-US","potentialAction":[{"@type":"ReadAction","target":["https:\/\/aem.hr\/blog\/2018\/12\/26\/hrvatsko-novinarsko-drustvo-hnd-osudjuje-prijetnje-smrcu-clanovima-vem-a\/"]}]},{"@type":"BreadcrumbList","@id":"https:\/\/aem.hr\/blog\/2018\/12\/26\/hrvatsko-novinarsko-drustvo-hnd-osudjuje-prijetnje-smrcu-clanovima-vem-a\/#breadcrumb","itemListElement":[{"@type":"ListItem","position":1,"name":"Po\u010detna stranica","item":"https:\/\/aem.hr\/"},{"@type":"ListItem","position":2,"name":"HRVATSKO NOVINARSKO DRU\u0160TVO (HND) osu\u0111uje prijetnje smr\u0107u \u010dlanovima VEM-a"}]},{"@type":"WebSite","@id":"https:\/\/aem.hr\/#website","url":"https:\/\/aem.hr\/","name":"Agencija za elektroni\u010dke medije","description":"","potentialAction":[{"@type":"SearchAction","target":{"@type":"EntryPoint","urlTemplate":"https:\/\/aem.hr\/?s={search_term_string}"},"query-input":{"@type":"PropertyValueSpecification","valueRequired":true,"valueName":"search_term_string"}}],"inLanguage":"en-US"},{"@type":"Person","@id":"https:\/\/aem.hr\/#\/schema\/person\/c100d12574f2ef4fe03266d61bfc55e1","name":"Matko Kirac","url":"https:\/\/aem.hr\/en\/blog\/author\/mkirac\/"}]}},"author_meta":{"display_name":"Matko Kirac","author_link":"https:\/\/aem.hr\/en\/blog\/author\/mkirac\/"},"featured_img":null,"coauthors":[],"tax_additional":{"categories":{"linked":["<a href=\"https:\/\/aem.hr\/en\/kategorija\/vijesti\/\" class=\"advgb-post-tax-term\">Vijesti<\/a>"],"unlinked":["<span class=\"advgb-post-tax-term\">Vijesti<\/span>"]}},"comment_count":"0","relative_dates":{"created":"Posted 7 years ago","modified":"Updated 7 years ago"},"absolute_dates":{"created":"Posted on 26. December 2018.","modified":"Updated on 26. December 2018."},"absolute_dates_time":{"created":"Posted on 26. December 2018. 14:47","modified":"Updated on 26. December 2018. 14:47"},"featured_img_caption":"","series_order":"","_links":{"self":[{"href":"https:\/\/aem.hr\/en\/wp-json\/wp\/v2\/posts\/3918","targetHints":{"allow":["GET"]}}],"collection":[{"href":"https:\/\/aem.hr\/en\/wp-json\/wp\/v2\/posts"}],"about":[{"href":"https:\/\/aem.hr\/en\/wp-json\/wp\/v2\/types\/post"}],"author":[{"embeddable":true,"href":"https:\/\/aem.hr\/en\/wp-json\/wp\/v2\/users\/18"}],"replies":[{"embeddable":true,"href":"https:\/\/aem.hr\/en\/wp-json\/wp\/v2\/comments?post=3918"}],"version-history":[{"count":0,"href":"https:\/\/aem.hr\/en\/wp-json\/wp\/v2\/posts\/3918\/revisions"}],"wp:attachment":[{"href":"https:\/\/aem.hr\/en\/wp-json\/wp\/v2\/media?parent=3918"}],"wp:term":[{"taxonomy":"category","embeddable":true,"href":"https:\/\/aem.hr\/en\/wp-json\/wp\/v2\/categories?post=3918"},{"taxonomy":"post_tag","embeddable":true,"href":"https:\/\/aem.hr\/en\/wp-json\/wp\/v2\/tags?post=3918"}],"curies":[{"name":"wp","href":"https:\/\/api.w.org\/{rel}","templated":true}]}}