{"id":5571,"date":"2018-05-20T14:49:11","date_gmt":"2018-05-20T12:49:11","guid":{"rendered":"http:\/\/aem.hr\/?p=5571"},"modified":"2019-09-11T14:51:14","modified_gmt":"2019-09-11T12:51:14","slug":"odluka-o-pravdanju-sredstava-fonda-01-17-sedma-skupina","status":"publish","type":"post","link":"https:\/\/aem.hr\/en\/blog\/2018\/05\/20\/odluka-o-pravdanju-sredstava-fonda-01-17-sedma-skupina\/","title":{"rendered":"Odluka o pravdanju sredstava Fonda 01\/17 \u2013 sedma skupina"},"content":{"rendered":"\n<p>U okviru procesa pravdanja sredstava Fonda, Vije\u0107e za elektroni\u010dke medije je na 21-18 sjednici, odr\u017eanoj 18. svibnja 2018., donijelo odluku\u00a0o\u00a0prihva\u0107anju dijela pravdanja sredstava Fonda za poticanje pluralizma i raznovrsnosti elektroni\u010dkih medija po Javnom natje\u010daju broj 01\/17. Prihva\u0107ena su pravdanja sredstava Fonda za pru\u017eatelje medijskih usluga navedenih u odluci.<\/p>\n\n\n\n<div class=\"wp-block-file\"><a href=\"https:\/\/aem.hr\/wp-content\/uploads\/2019\/09\/Odluka-o-pravdanju-sredstava-Fona-za-01-17-godinu-7-DIO.pdf\">Odluka o pravdanju sredstava Fona za 01-17 godinu 7 DIO<\/a><a href=\"https:\/\/aem.hr\/wp-content\/uploads\/2019\/09\/Odluka-o-pravdanju-sredstava-Fona-za-01-17-godinu-7-DIO.pdf\" class=\"wp-block-file__button\" download>Preuzimanje<\/a><\/div>\n","protected":false},"excerpt":{"rendered":"<p>U okviru procesa pravdanja sredstava Fonda, Vije\u0107e za elektroni\u010dke medije je na 21-18 sjednici, odr\u017eanoj 18. svibnja 2018., donijelo odluku\u00a0o\u00a0prihva\u0107anju dijela pravdanja sredstava Fonda za poticanje pluralizma i raznovrsnosti elektroni\u010dkih medija po Javnom natje\u010daju broj 01\/17. Prihva\u0107ena su pravdanja sredstava Fonda za pru\u017eatelje medijskih usluga navedenih u odluci.<\/p>\n","protected":false},"author":18,"featured_media":0,"comment_status":"closed","ping_status":"closed","sticky":false,"template":"","format":"standard","meta":{"_acf_changed":false,"inline_featured_image":false,"advgb_blocks_editor_width":"","advgb_blocks_columns_visual_guide":"","_links_to":"","_links_to_type":0,"footnotes":""},"categories":[89],"tags":[],"class_list":["post-5571","post","type-post","status-publish","format-standard","hentry","category-fond-za-pluralizam"],"acf":[],"yoast_head":"<!-- This site is optimized with the Yoast SEO plugin v25.7 - https:\/\/yoast.com\/wordpress\/plugins\/seo\/ -->\n<title>Odluka o pravdanju sredstava Fonda 01\/17 \u2013 sedma skupina - Agencija za elektroni\u010dke medije<\/title>\n<meta name=\"robots\" content=\"index, follow, max-snippet:-1, max-image-preview:large, max-video-preview:-1\" \/>\n<link rel=\"canonical\" href=\"https:\/\/aem.hr\/en\/blog\/2018\/05\/20\/odluka-o-pravdanju-sredstava-fonda-01-17-sedma-skupina\/\" \/>\n<meta property=\"og:locale\" content=\"en_US\" \/>\n<meta property=\"og:type\" content=\"article\" \/>\n<meta property=\"og:title\" content=\"Odluka o pravdanju sredstava Fonda 01\/17 \u2013 sedma skupina - Agencija za elektroni\u010dke medije\" \/>\n<meta property=\"og:description\" content=\"U okviru procesa pravdanja sredstava Fonda, Vije\u0107e za elektroni\u010dke medije je na 21-18 sjednici, odr\u017eanoj 18. svibnja 2018., donijelo odluku\u00a0o\u00a0prihva\u0107anju dijela pravdanja sredstava Fonda za poticanje pluralizma i raznovrsnosti elektroni\u010dkih medija po Javnom natje\u010daju broj 01\/17. Prihva\u0107ena su pravdanja sredstava Fonda za pru\u017eatelje medijskih usluga navedenih u odluci.\" \/>\n<meta property=\"og:url\" content=\"https:\/\/aem.hr\/en\/blog\/2018\/05\/20\/odluka-o-pravdanju-sredstava-fonda-01-17-sedma-skupina\/\" \/>\n<meta property=\"og:site_name\" content=\"Agencija za elektroni\u010dke medije\" \/>\n<meta property=\"article:published_time\" content=\"2018-05-20T12:49:11+00:00\" \/>\n<meta property=\"article:modified_time\" content=\"2019-09-11T12:51:14+00:00\" \/>\n<meta name=\"author\" content=\"Matko Kirac\" \/>\n<meta name=\"twitter:card\" content=\"summary_large_image\" \/>\n<meta name=\"twitter:label1\" content=\"Written by\" \/>\n\t<meta name=\"twitter:data1\" content=\"Matko Kirac\" \/>\n<script type=\"application\/ld+json\" class=\"yoast-schema-graph\">{\"@context\":\"https:\/\/schema.org\",\"@graph\":[{\"@type\":\"WebPage\",\"@id\":\"https:\/\/aem.hr\/en\/blog\/2018\/05\/20\/odluka-o-pravdanju-sredstava-fonda-01-17-sedma-skupina\/\",\"url\":\"https:\/\/aem.hr\/en\/blog\/2018\/05\/20\/odluka-o-pravdanju-sredstava-fonda-01-17-sedma-skupina\/\",\"name\":\"Odluka o pravdanju sredstava Fonda 01\/17 \u2013 sedma skupina - Agencija za elektroni\u010dke medije\",\"isPartOf\":{\"@id\":\"https:\/\/aem.hr\/#website\"},\"datePublished\":\"2018-05-20T12:49:11+00:00\",\"dateModified\":\"2019-09-11T12:51:14+00:00\",\"author\":{\"@id\":\"https:\/\/aem.hr\/#\/schema\/person\/c100d12574f2ef4fe03266d61bfc55e1\"},\"breadcrumb\":{\"@id\":\"https:\/\/aem.hr\/en\/blog\/2018\/05\/20\/odluka-o-pravdanju-sredstava-fonda-01-17-sedma-skupina\/#breadcrumb\"},\"inLanguage\":\"en-US\",\"potentialAction\":[{\"@type\":\"ReadAction\",\"target\":[\"https:\/\/aem.hr\/en\/blog\/2018\/05\/20\/odluka-o-pravdanju-sredstava-fonda-01-17-sedma-skupina\/\"]}]},{\"@type\":\"BreadcrumbList\",\"@id\":\"https:\/\/aem.hr\/en\/blog\/2018\/05\/20\/odluka-o-pravdanju-sredstava-fonda-01-17-sedma-skupina\/#breadcrumb\",\"itemListElement\":[{\"@type\":\"ListItem\",\"position\":1,\"name\":\"Po\u010detna stranica\",\"item\":\"https:\/\/aem.hr\/\"},{\"@type\":\"ListItem\",\"position\":2,\"name\":\"Odluka o pravdanju sredstava Fonda 01\/17 \u2013 sedma skupina\"}]},{\"@type\":\"WebSite\",\"@id\":\"https:\/\/aem.hr\/#website\",\"url\":\"https:\/\/aem.hr\/\",\"name\":\"Agencija za elektroni\u010dke medije\",\"description\":\"\",\"potentialAction\":[{\"@type\":\"SearchAction\",\"target\":{\"@type\":\"EntryPoint\",\"urlTemplate\":\"https:\/\/aem.hr\/?s={search_term_string}\"},\"query-input\":{\"@type\":\"PropertyValueSpecification\",\"valueRequired\":true,\"valueName\":\"search_term_string\"}}],\"inLanguage\":\"en-US\"},{\"@type\":\"Person\",\"@id\":\"https:\/\/aem.hr\/#\/schema\/person\/c100d12574f2ef4fe03266d61bfc55e1\",\"name\":\"Matko Kirac\",\"url\":\"https:\/\/aem.hr\/en\/blog\/author\/mkirac\/\"}]}<\/script>\n<!-- \/ Yoast SEO plugin. -->","yoast_head_json":{"title":"Odluka o pravdanju sredstava Fonda 01\/17 \u2013 sedma skupina - Agencija za elektroni\u010dke medije","robots":{"index":"index","follow":"follow","max-snippet":"max-snippet:-1","max-image-preview":"max-image-preview:large","max-video-preview":"max-video-preview:-1"},"canonical":"https:\/\/aem.hr\/en\/blog\/2018\/05\/20\/odluka-o-pravdanju-sredstava-fonda-01-17-sedma-skupina\/","og_locale":"en_US","og_type":"article","og_title":"Odluka o pravdanju sredstava Fonda 01\/17 \u2013 sedma skupina - Agencija za elektroni\u010dke medije","og_description":"U okviru procesa pravdanja sredstava Fonda, Vije\u0107e za elektroni\u010dke medije je na 21-18 sjednici, odr\u017eanoj 18. svibnja 2018., donijelo odluku\u00a0o\u00a0prihva\u0107anju dijela pravdanja sredstava Fonda za poticanje pluralizma i raznovrsnosti elektroni\u010dkih medija po Javnom natje\u010daju broj 01\/17. Prihva\u0107ena su pravdanja sredstava Fonda za pru\u017eatelje medijskih usluga navedenih u odluci.","og_url":"https:\/\/aem.hr\/en\/blog\/2018\/05\/20\/odluka-o-pravdanju-sredstava-fonda-01-17-sedma-skupina\/","og_site_name":"Agencija za elektroni\u010dke medije","article_published_time":"2018-05-20T12:49:11+00:00","article_modified_time":"2019-09-11T12:51:14+00:00","author":"Matko Kirac","twitter_card":"summary_large_image","twitter_misc":{"Written by":"Matko Kirac"},"schema":{"@context":"https:\/\/schema.org","@graph":[{"@type":"WebPage","@id":"https:\/\/aem.hr\/en\/blog\/2018\/05\/20\/odluka-o-pravdanju-sredstava-fonda-01-17-sedma-skupina\/","url":"https:\/\/aem.hr\/en\/blog\/2018\/05\/20\/odluka-o-pravdanju-sredstava-fonda-01-17-sedma-skupina\/","name":"Odluka o pravdanju sredstava Fonda 01\/17 \u2013 sedma skupina - Agencija za elektroni\u010dke medije","isPartOf":{"@id":"https:\/\/aem.hr\/#website"},"datePublished":"2018-05-20T12:49:11+00:00","dateModified":"2019-09-11T12:51:14+00:00","author":{"@id":"https:\/\/aem.hr\/#\/schema\/person\/c100d12574f2ef4fe03266d61bfc55e1"},"breadcrumb":{"@id":"https:\/\/aem.hr\/en\/blog\/2018\/05\/20\/odluka-o-pravdanju-sredstava-fonda-01-17-sedma-skupina\/#breadcrumb"},"inLanguage":"en-US","potentialAction":[{"@type":"ReadAction","target":["https:\/\/aem.hr\/en\/blog\/2018\/05\/20\/odluka-o-pravdanju-sredstava-fonda-01-17-sedma-skupina\/"]}]},{"@type":"BreadcrumbList","@id":"https:\/\/aem.hr\/en\/blog\/2018\/05\/20\/odluka-o-pravdanju-sredstava-fonda-01-17-sedma-skupina\/#breadcrumb","itemListElement":[{"@type":"ListItem","position":1,"name":"Po\u010detna stranica","item":"https:\/\/aem.hr\/"},{"@type":"ListItem","position":2,"name":"Odluka o pravdanju sredstava Fonda 01\/17 \u2013 sedma skupina"}]},{"@type":"WebSite","@id":"https:\/\/aem.hr\/#website","url":"https:\/\/aem.hr\/","name":"Agencija za elektroni\u010dke medije","description":"","potentialAction":[{"@type":"SearchAction","target":{"@type":"EntryPoint","urlTemplate":"https:\/\/aem.hr\/?s={search_term_string}"},"query-input":{"@type":"PropertyValueSpecification","valueRequired":true,"valueName":"search_term_string"}}],"inLanguage":"en-US"},{"@type":"Person","@id":"https:\/\/aem.hr\/#\/schema\/person\/c100d12574f2ef4fe03266d61bfc55e1","name":"Matko Kirac","url":"https:\/\/aem.hr\/en\/blog\/author\/mkirac\/"}]}},"author_meta":{"display_name":"Matko Kirac","author_link":"https:\/\/aem.hr\/en\/blog\/author\/mkirac\/"},"featured_img":null,"coauthors":[],"tax_additional":{"categories":{"linked":["<a href=\"https:\/\/aem.hr\/en\/kategorija\/fond-za-pluralizam\/\" class=\"advgb-post-tax-term\">Fond za pluralizam<\/a>"],"unlinked":["<span class=\"advgb-post-tax-term\">Fond za pluralizam<\/span>"]}},"comment_count":"0","relative_dates":{"created":"Posted 8 years ago","modified":"Updated 7 years ago"},"absolute_dates":{"created":"Posted on 20. May 2018.","modified":"Updated on 11. September 2019."},"absolute_dates_time":{"created":"Posted on 20. May 2018. 14:49","modified":"Updated on 11. September 2019. 14:51"},"featured_img_caption":"","series_order":"","_links":{"self":[{"href":"https:\/\/aem.hr\/en\/wp-json\/wp\/v2\/posts\/5571","targetHints":{"allow":["GET"]}}],"collection":[{"href":"https:\/\/aem.hr\/en\/wp-json\/wp\/v2\/posts"}],"about":[{"href":"https:\/\/aem.hr\/en\/wp-json\/wp\/v2\/types\/post"}],"author":[{"embeddable":true,"href":"https:\/\/aem.hr\/en\/wp-json\/wp\/v2\/users\/18"}],"replies":[{"embeddable":true,"href":"https:\/\/aem.hr\/en\/wp-json\/wp\/v2\/comments?post=5571"}],"version-history":[{"count":1,"href":"https:\/\/aem.hr\/en\/wp-json\/wp\/v2\/posts\/5571\/revisions"}],"predecessor-version":[{"id":5573,"href":"https:\/\/aem.hr\/en\/wp-json\/wp\/v2\/posts\/5571\/revisions\/5573"}],"wp:attachment":[{"href":"https:\/\/aem.hr\/en\/wp-json\/wp\/v2\/media?parent=5571"}],"wp:term":[{"taxonomy":"category","embeddable":true,"href":"https:\/\/aem.hr\/en\/wp-json\/wp\/v2\/categories?post=5571"},{"taxonomy":"post_tag","embeddable":true,"href":"https:\/\/aem.hr\/en\/wp-json\/wp\/v2\/tags?post=5571"}],"curies":[{"name":"wp","href":"https:\/\/api.w.org\/{rel}","templated":true}]}}