{"id":5636,"date":"2019-10-01T16:04:21","date_gmt":"2019-10-01T14:04:21","guid":{"rendered":"http:\/\/aem.hr\/?p=5636"},"modified":"2019-10-02T09:09:22","modified_gmt":"2019-10-02T07:09:22","slug":"obavijest-o-drugoj-radionici-u-sklopu-projekta-edukacije-pruzatelja-elektronickih-medija-rijeka","status":"publish","type":"post","link":"https:\/\/aem.hr\/en\/blog\/2019\/10\/01\/obavijest-o-drugoj-radionici-u-sklopu-projekta-edukacije-pruzatelja-elektronickih-medija-rijeka\/","title":{"rendered":"Obavijest o drugoj radionici u sklopu projekta edukacije pru\u017eatelja elektroni\u010dkih medija &#8211; Rijeka"},"content":{"rendered":"\n<div class=\"wp-block-file\"><a href=\"https:\/\/aem.hr\/wp-content\/uploads\/2019\/10\/Poziv-2.-radionica-Medijska-pismenost-Rijeka-12.10.2019..pdf\">Poziv 2. radionica Medijska pismenost &#8211; Rijeka, 12.10.2019.<\/a><a href=\"https:\/\/aem.hr\/wp-content\/uploads\/2019\/10\/Poziv-2.-radionica-Medijska-pismenost-Rijeka-12.10.2019..pdf\" class=\"wp-block-file__button\" download>Preuzimanje<\/a><\/div>\n\n\n\n<div class=\"wp-block-file\"><a href=\"https:\/\/aem.hr\/wp-content\/uploads\/2019\/10\/Agenda-2.-radionice-Medijska-pismenost-Rijeka-12.10.2019..pdf\">Agenda 2. radionice Medijska pismenost &#8211; Rijeka, 12.10.2019.<\/a><a href=\"https:\/\/aem.hr\/wp-content\/uploads\/2019\/10\/Agenda-2.-radionice-Medijska-pismenost-Rijeka-12.10.2019..pdf\" class=\"wp-block-file__button\" download>Preuzimanje<\/a><\/div>\n\n\n\n<p>Prijave na sljede\u0107i link:  <a href=\"https:\/\/forms.gle\/BdCbYwmHGWCH4Moa7 \">https:\/\/forms.gle\/BdCbYwmHGWCH4Moa7 <\/a><\/p>\n\n\n\n<p><\/p>\n\n\n\n<p><\/p>\n\n\n\n<p><\/p>\n","protected":false},"excerpt":{"rendered":"<p>Prijave na sljede\u0107i link: https:\/\/forms.gle\/BdCbYwmHGWCH4Moa7<\/p>\n","protected":false},"author":23,"featured_media":4620,"comment_status":"closed","ping_status":"closed","sticky":false,"template":"","format":"standard","meta":{"_acf_changed":false,"inline_featured_image":false,"advgb_blocks_editor_width":"","advgb_blocks_columns_visual_guide":"","_links_to":"","_links_to_type":0,"footnotes":""},"categories":[89,5],"tags":[],"class_list":["post-5636","post","type-post","status-publish","format-standard","has-post-thumbnail","hentry","category-fond-za-pluralizam","category-vijesti"],"acf":[],"yoast_head":"<!-- This site is optimized with the Yoast SEO plugin v25.7 - https:\/\/yoast.com\/wordpress\/plugins\/seo\/ -->\n<title>Obavijest o drugoj radionici u sklopu projekta edukacije pru\u017eatelja elektroni\u010dkih medija - Rijeka - Agencija za elektroni\u010dke medije<\/title>\n<meta name=\"robots\" content=\"index, follow, max-snippet:-1, max-image-preview:large, max-video-preview:-1\" \/>\n<link rel=\"canonical\" href=\"https:\/\/aem.hr\/en\/blog\/2019\/10\/01\/obavijest-o-drugoj-radionici-u-sklopu-projekta-edukacije-pruzatelja-elektronickih-medija-rijeka\/\" \/>\n<meta property=\"og:locale\" content=\"en_US\" \/>\n<meta property=\"og:type\" content=\"article\" \/>\n<meta property=\"og:title\" content=\"Obavijest o drugoj radionici u sklopu projekta edukacije pru\u017eatelja elektroni\u010dkih medija - Rijeka - Agencija za elektroni\u010dke medije\" \/>\n<meta property=\"og:description\" content=\"Prijave na sljede\u0107i link: https:\/\/forms.gle\/BdCbYwmHGWCH4Moa7\" \/>\n<meta property=\"og:url\" content=\"https:\/\/aem.hr\/en\/blog\/2019\/10\/01\/obavijest-o-drugoj-radionici-u-sklopu-projekta-edukacije-pruzatelja-elektronickih-medija-rijeka\/\" \/>\n<meta property=\"og:site_name\" content=\"Agencija za elektroni\u010dke medije\" \/>\n<meta property=\"article:published_time\" content=\"2019-10-01T14:04:21+00:00\" \/>\n<meta property=\"article:modified_time\" content=\"2019-10-02T07:09:22+00:00\" \/>\n<meta property=\"og:image\" content=\"https:\/\/aem.hr\/wp-content\/uploads\/2019\/02\/fountain-pen-ink-pen-business-document-writing.jpg\" \/>\n\t<meta property=\"og:image:width\" content=\"800\" \/>\n\t<meta property=\"og:image:height\" content=\"532\" \/>\n\t<meta property=\"og:image:type\" content=\"image\/jpeg\" \/>\n<meta name=\"author\" content=\"Sanja Pan\u010di\u0107\" \/>\n<meta name=\"twitter:card\" content=\"summary_large_image\" \/>\n<meta name=\"twitter:label1\" content=\"Written by\" \/>\n\t<meta name=\"twitter:data1\" content=\"Sanja Pan\u010di\u0107\" \/>\n<script type=\"application\/ld+json\" class=\"yoast-schema-graph\">{\"@context\":\"https:\/\/schema.org\",\"@graph\":[{\"@type\":\"WebPage\",\"@id\":\"https:\/\/aem.hr\/en\/blog\/2019\/10\/01\/obavijest-o-drugoj-radionici-u-sklopu-projekta-edukacije-pruzatelja-elektronickih-medija-rijeka\/\",\"url\":\"https:\/\/aem.hr\/en\/blog\/2019\/10\/01\/obavijest-o-drugoj-radionici-u-sklopu-projekta-edukacije-pruzatelja-elektronickih-medija-rijeka\/\",\"name\":\"Obavijest o drugoj radionici u sklopu projekta edukacije pru\u017eatelja elektroni\u010dkih medija - Rijeka - Agencija za elektroni\u010dke medije\",\"isPartOf\":{\"@id\":\"https:\/\/aem.hr\/#website\"},\"primaryImageOfPage\":{\"@id\":\"https:\/\/aem.hr\/en\/blog\/2019\/10\/01\/obavijest-o-drugoj-radionici-u-sklopu-projekta-edukacije-pruzatelja-elektronickih-medija-rijeka\/#primaryimage\"},\"image\":{\"@id\":\"https:\/\/aem.hr\/en\/blog\/2019\/10\/01\/obavijest-o-drugoj-radionici-u-sklopu-projekta-edukacije-pruzatelja-elektronickih-medija-rijeka\/#primaryimage\"},\"thumbnailUrl\":\"https:\/\/aem.hr\/wp-content\/uploads\/2019\/02\/fountain-pen-ink-pen-business-document-writing.jpg\",\"datePublished\":\"2019-10-01T14:04:21+00:00\",\"dateModified\":\"2019-10-02T07:09:22+00:00\",\"author\":{\"@id\":\"https:\/\/aem.hr\/#\/schema\/person\/1983215934e140fd0b2d560d654b5760\"},\"breadcrumb\":{\"@id\":\"https:\/\/aem.hr\/en\/blog\/2019\/10\/01\/obavijest-o-drugoj-radionici-u-sklopu-projekta-edukacije-pruzatelja-elektronickih-medija-rijeka\/#breadcrumb\"},\"inLanguage\":\"en-US\",\"potentialAction\":[{\"@type\":\"ReadAction\",\"target\":[\"https:\/\/aem.hr\/en\/blog\/2019\/10\/01\/obavijest-o-drugoj-radionici-u-sklopu-projekta-edukacije-pruzatelja-elektronickih-medija-rijeka\/\"]}]},{\"@type\":\"ImageObject\",\"inLanguage\":\"en-US\",\"@id\":\"https:\/\/aem.hr\/en\/blog\/2019\/10\/01\/obavijest-o-drugoj-radionici-u-sklopu-projekta-edukacije-pruzatelja-elektronickih-medija-rijeka\/#primaryimage\",\"url\":\"https:\/\/aem.hr\/wp-content\/uploads\/2019\/02\/fountain-pen-ink-pen-business-document-writing.jpg\",\"contentUrl\":\"https:\/\/aem.hr\/wp-content\/uploads\/2019\/02\/fountain-pen-ink-pen-business-document-writing.jpg\",\"width\":800,\"height\":532},{\"@type\":\"BreadcrumbList\",\"@id\":\"https:\/\/aem.hr\/en\/blog\/2019\/10\/01\/obavijest-o-drugoj-radionici-u-sklopu-projekta-edukacije-pruzatelja-elektronickih-medija-rijeka\/#breadcrumb\",\"itemListElement\":[{\"@type\":\"ListItem\",\"position\":1,\"name\":\"Po\u010detna stranica\",\"item\":\"https:\/\/aem.hr\/\"},{\"@type\":\"ListItem\",\"position\":2,\"name\":\"Obavijest o drugoj radionici u sklopu projekta edukacije pru\u017eatelja elektroni\u010dkih medija &#8211; Rijeka\"}]},{\"@type\":\"WebSite\",\"@id\":\"https:\/\/aem.hr\/#website\",\"url\":\"https:\/\/aem.hr\/\",\"name\":\"Agencija za elektroni\u010dke medije\",\"description\":\"\",\"potentialAction\":[{\"@type\":\"SearchAction\",\"target\":{\"@type\":\"EntryPoint\",\"urlTemplate\":\"https:\/\/aem.hr\/?s={search_term_string}\"},\"query-input\":{\"@type\":\"PropertyValueSpecification\",\"valueRequired\":true,\"valueName\":\"search_term_string\"}}],\"inLanguage\":\"en-US\"},{\"@type\":\"Person\",\"@id\":\"https:\/\/aem.hr\/#\/schema\/person\/1983215934e140fd0b2d560d654b5760\",\"name\":\"Sanja Pan\u010di\u0107\",\"url\":\"https:\/\/aem.hr\/en\/blog\/author\/spancic\/\"}]}<\/script>\n<!-- \/ Yoast SEO plugin. -->","yoast_head_json":{"title":"Obavijest o drugoj radionici u sklopu projekta edukacije pru\u017eatelja elektroni\u010dkih medija - Rijeka - Agencija za elektroni\u010dke medije","robots":{"index":"index","follow":"follow","max-snippet":"max-snippet:-1","max-image-preview":"max-image-preview:large","max-video-preview":"max-video-preview:-1"},"canonical":"https:\/\/aem.hr\/en\/blog\/2019\/10\/01\/obavijest-o-drugoj-radionici-u-sklopu-projekta-edukacije-pruzatelja-elektronickih-medija-rijeka\/","og_locale":"en_US","og_type":"article","og_title":"Obavijest o drugoj radionici u sklopu projekta edukacije pru\u017eatelja elektroni\u010dkih medija - Rijeka - Agencija za elektroni\u010dke medije","og_description":"Prijave na sljede\u0107i link: https:\/\/forms.gle\/BdCbYwmHGWCH4Moa7","og_url":"https:\/\/aem.hr\/en\/blog\/2019\/10\/01\/obavijest-o-drugoj-radionici-u-sklopu-projekta-edukacije-pruzatelja-elektronickih-medija-rijeka\/","og_site_name":"Agencija za elektroni\u010dke medije","article_published_time":"2019-10-01T14:04:21+00:00","article_modified_time":"2019-10-02T07:09:22+00:00","og_image":[{"width":800,"height":532,"url":"https:\/\/aem.hr\/wp-content\/uploads\/2019\/02\/fountain-pen-ink-pen-business-document-writing.jpg","type":"image\/jpeg"}],"author":"Sanja Pan\u010di\u0107","twitter_card":"summary_large_image","twitter_misc":{"Written by":"Sanja Pan\u010di\u0107"},"schema":{"@context":"https:\/\/schema.org","@graph":[{"@type":"WebPage","@id":"https:\/\/aem.hr\/en\/blog\/2019\/10\/01\/obavijest-o-drugoj-radionici-u-sklopu-projekta-edukacije-pruzatelja-elektronickih-medija-rijeka\/","url":"https:\/\/aem.hr\/en\/blog\/2019\/10\/01\/obavijest-o-drugoj-radionici-u-sklopu-projekta-edukacije-pruzatelja-elektronickih-medija-rijeka\/","name":"Obavijest o drugoj radionici u sklopu projekta edukacije pru\u017eatelja elektroni\u010dkih medija - Rijeka - Agencija za elektroni\u010dke medije","isPartOf":{"@id":"https:\/\/aem.hr\/#website"},"primaryImageOfPage":{"@id":"https:\/\/aem.hr\/en\/blog\/2019\/10\/01\/obavijest-o-drugoj-radionici-u-sklopu-projekta-edukacije-pruzatelja-elektronickih-medija-rijeka\/#primaryimage"},"image":{"@id":"https:\/\/aem.hr\/en\/blog\/2019\/10\/01\/obavijest-o-drugoj-radionici-u-sklopu-projekta-edukacije-pruzatelja-elektronickih-medija-rijeka\/#primaryimage"},"thumbnailUrl":"https:\/\/aem.hr\/wp-content\/uploads\/2019\/02\/fountain-pen-ink-pen-business-document-writing.jpg","datePublished":"2019-10-01T14:04:21+00:00","dateModified":"2019-10-02T07:09:22+00:00","author":{"@id":"https:\/\/aem.hr\/#\/schema\/person\/1983215934e140fd0b2d560d654b5760"},"breadcrumb":{"@id":"https:\/\/aem.hr\/en\/blog\/2019\/10\/01\/obavijest-o-drugoj-radionici-u-sklopu-projekta-edukacije-pruzatelja-elektronickih-medija-rijeka\/#breadcrumb"},"inLanguage":"en-US","potentialAction":[{"@type":"ReadAction","target":["https:\/\/aem.hr\/en\/blog\/2019\/10\/01\/obavijest-o-drugoj-radionici-u-sklopu-projekta-edukacije-pruzatelja-elektronickih-medija-rijeka\/"]}]},{"@type":"ImageObject","inLanguage":"en-US","@id":"https:\/\/aem.hr\/en\/blog\/2019\/10\/01\/obavijest-o-drugoj-radionici-u-sklopu-projekta-edukacije-pruzatelja-elektronickih-medija-rijeka\/#primaryimage","url":"https:\/\/aem.hr\/wp-content\/uploads\/2019\/02\/fountain-pen-ink-pen-business-document-writing.jpg","contentUrl":"https:\/\/aem.hr\/wp-content\/uploads\/2019\/02\/fountain-pen-ink-pen-business-document-writing.jpg","width":800,"height":532},{"@type":"BreadcrumbList","@id":"https:\/\/aem.hr\/en\/blog\/2019\/10\/01\/obavijest-o-drugoj-radionici-u-sklopu-projekta-edukacije-pruzatelja-elektronickih-medija-rijeka\/#breadcrumb","itemListElement":[{"@type":"ListItem","position":1,"name":"Po\u010detna stranica","item":"https:\/\/aem.hr\/"},{"@type":"ListItem","position":2,"name":"Obavijest o drugoj radionici u sklopu projekta edukacije pru\u017eatelja elektroni\u010dkih medija &#8211; Rijeka"}]},{"@type":"WebSite","@id":"https:\/\/aem.hr\/#website","url":"https:\/\/aem.hr\/","name":"Agencija za elektroni\u010dke medije","description":"","potentialAction":[{"@type":"SearchAction","target":{"@type":"EntryPoint","urlTemplate":"https:\/\/aem.hr\/?s={search_term_string}"},"query-input":{"@type":"PropertyValueSpecification","valueRequired":true,"valueName":"search_term_string"}}],"inLanguage":"en-US"},{"@type":"Person","@id":"https:\/\/aem.hr\/#\/schema\/person\/1983215934e140fd0b2d560d654b5760","name":"Sanja Pan\u010di\u0107","url":"https:\/\/aem.hr\/en\/blog\/author\/spancic\/"}]}},"author_meta":{"display_name":"Sanja Pan\u010di\u0107","author_link":"https:\/\/aem.hr\/en\/blog\/author\/spancic\/"},"featured_img":"https:\/\/aem.hr\/wp-content\/uploads\/2019\/02\/fountain-pen-ink-pen-business-document-writing-300x200.jpg","coauthors":[],"tax_additional":{"categories":{"linked":["<a href=\"https:\/\/aem.hr\/en\/kategorija\/fond-za-pluralizam\/\" class=\"advgb-post-tax-term\">Fond za pluralizam<\/a>","<a href=\"https:\/\/aem.hr\/en\/kategorija\/vijesti\/\" class=\"advgb-post-tax-term\">Vijesti<\/a>"],"unlinked":["<span class=\"advgb-post-tax-term\">Fond za pluralizam<\/span>","<span class=\"advgb-post-tax-term\">Vijesti<\/span>"]}},"comment_count":"0","relative_dates":{"created":"Posted 7 years ago","modified":"Updated 7 years ago"},"absolute_dates":{"created":"Posted on 1. October 2019.","modified":"Updated on 2. October 2019."},"absolute_dates_time":{"created":"Posted on 1. October 2019. 16:04","modified":"Updated on 2. October 2019. 9:09"},"featured_img_caption":"","series_order":"","_links":{"self":[{"href":"https:\/\/aem.hr\/en\/wp-json\/wp\/v2\/posts\/5636","targetHints":{"allow":["GET"]}}],"collection":[{"href":"https:\/\/aem.hr\/en\/wp-json\/wp\/v2\/posts"}],"about":[{"href":"https:\/\/aem.hr\/en\/wp-json\/wp\/v2\/types\/post"}],"author":[{"embeddable":true,"href":"https:\/\/aem.hr\/en\/wp-json\/wp\/v2\/users\/23"}],"replies":[{"embeddable":true,"href":"https:\/\/aem.hr\/en\/wp-json\/wp\/v2\/comments?post=5636"}],"version-history":[{"count":3,"href":"https:\/\/aem.hr\/en\/wp-json\/wp\/v2\/posts\/5636\/revisions"}],"predecessor-version":[{"id":5645,"href":"https:\/\/aem.hr\/en\/wp-json\/wp\/v2\/posts\/5636\/revisions\/5645"}],"wp:featuredmedia":[{"embeddable":true,"href":"https:\/\/aem.hr\/en\/wp-json\/wp\/v2\/media\/4620"}],"wp:attachment":[{"href":"https:\/\/aem.hr\/en\/wp-json\/wp\/v2\/media?parent=5636"}],"wp:term":[{"taxonomy":"category","embeddable":true,"href":"https:\/\/aem.hr\/en\/wp-json\/wp\/v2\/categories?post=5636"},{"taxonomy":"post_tag","embeddable":true,"href":"https:\/\/aem.hr\/en\/wp-json\/wp\/v2\/tags?post=5636"}],"curies":[{"name":"wp","href":"https:\/\/api.w.org\/{rel}","templated":true}]}}