{"id":5885,"date":"2019-12-20T15:27:33","date_gmt":"2019-12-20T14:27:33","guid":{"rendered":"http:\/\/aem.hr\/?p=5885"},"modified":"2019-12-20T15:31:05","modified_gmt":"2019-12-20T14:31:05","slug":"upute-za-zavrsno-pravdanje-sredstava-fonda-za-poticanje-pluralizma-i-raznovrsnosti-elektronickih-medija-natjecaji-01-2018-01-2019-i-02-2019-za-2019-godinu","status":"publish","type":"post","link":"https:\/\/aem.hr\/en\/blog\/2019\/12\/20\/upute-za-zavrsno-pravdanje-sredstava-fonda-za-poticanje-pluralizma-i-raznovrsnosti-elektronickih-medija-natjecaji-01-2018-01-2019-i-02-2019-za-2019-godinu\/","title":{"rendered":"Upute za zavr\u0161no pravdanje sredstava Fonda za poticanje pluralizma i raznovrsnosti elektroni\u010dkih medija \u2013 natje\u010daji 01\/2018, 01\/2019 i 02\/2019 za 2019. godinu"},"content":{"rendered":"\n<p>Sukladno\njavnim natje\u010dajima 01\/2018, 01\/2019 i 02\/2019, za dodjelu sredstava Fonda za\npoticanje pluralizma i raznovrsnosti elektroni\u010dkih medija u 2019. godini,&nbsp;pozivamo\nkorisnike Fonda da preuzmu i prou\u010de upute za zavr\u0161no programsko i financijsko\npravdanje.<\/p>\n\n\n\n<p><strong>Rok\nza podno\u0161enje zavr\u0161nog pravdanja \u2013 programsko i financijsko &#8211; jest 29. velja\u010de\n2020. <\/strong><\/p>\n\n\n\n<p><strong>Do\n20. sije\u010dnja 2020. potrebno je ispuniti izvje\u0161\u0107e o programskoj\nrealizaciji&nbsp; za razdoblje od 1. listopada do 31. prosinca 2019. te time\ndovr\u0161iti izvje\u0161\u0107e o programskom pravdanju u PMU za cijelu 2019.<\/strong><\/p>\n\n\n\n<p>Sve pojedinosti vezano uz slanje snimki putem interneta, cjelokupni postupak pravdanja, rokove i pripremu potrebne dokumentacije, nalaze se u\u00a0uputama za zavr\u0161no pravdanje.<\/p>\n\n\n\n<p>Ispod mo\u017eete prona\u0107i i poja\u0161njenja i upute za financijsko pravdanje te\u00a0korisni\u010dki priru\u010dnik\u00a0za rad u PMU.<\/p>\n\n\n\n<div class=\"wp-block-file\"><a href=\"https:\/\/aem.hr\/wp-content\/uploads\/2019\/12\/UPUTE-ZA-ZAVR\u0160NO-PRAVDANJE-FONDA-2019_FOND-01-2018-01-2019-02-2019_FINAL-20122019.pdf\">Upute za zavr\u0161no pravdanje Fonda 2019 Fond 01\/18, 01\/19, 02\/19<\/a><a href=\"https:\/\/aem.hr\/wp-content\/uploads\/2019\/12\/UPUTE-ZA-ZAVR\u0160NO-PRAVDANJE-FONDA-2019_FOND-01-2018-01-2019-02-2019_FINAL-20122019.pdf\" class=\"wp-block-file__button\" download>Preuzimanje<\/a><\/div>\n\n\n\n<div class=\"wp-block-file\"><a href=\"https:\/\/aem.hr\/wp-content\/uploads\/2019\/12\/Korisni\u010dki-priru\u010dnik-za-kori\u0161tenje-aplikacije-za-pravdanje-putem-weba.pdf\">Korisni\u010dki priru\u010dnik za kori\u0161tenje aplikacije za pravdanje<\/a><a href=\"https:\/\/aem.hr\/wp-content\/uploads\/2019\/12\/Korisni\u010dki-priru\u010dnik-za-kori\u0161tenje-aplikacije-za-pravdanje-putem-weba.pdf\" class=\"wp-block-file__button\" download>Preuzimanje<\/a><\/div>\n\n\n\n<div class=\"wp-block-file\"><a href=\"https:\/\/aem.hr\/wp-content\/uploads\/2019\/12\/Pojasnjenja_Financijskog_pravdanja_Fondova_1_18_1_19_i_2_19_za_2019.pptx\">Poja\u0161njenja Financijskog pravdanja Fondova 1\/18 1\/19 i 2\/19 za 2019<\/a><a href=\"https:\/\/aem.hr\/wp-content\/uploads\/2019\/12\/Pojasnjenja_Financijskog_pravdanja_Fondova_1_18_1_19_i_2_19_za_2019.pptx\" class=\"wp-block-file__button\" download>Preuzimanje<\/a><\/div>\n\n\n\n<div class=\"wp-block-file\"><a href=\"https:\/\/aem.hr\/wp-content\/uploads\/2019\/12\/Vodi\u010d-za-predavanje-financijskog-pravdanja-Dr\u017eavne-potpore.pptx\">Vodi\u010d za predavanje financijskog pravdanja Dr\u017eavne potpore<\/a><a href=\"https:\/\/aem.hr\/wp-content\/uploads\/2019\/12\/Vodi\u010d-za-predavanje-financijskog-pravdanja-Dr\u017eavne-potpore.pptx\" class=\"wp-block-file__button\" download>Preuzimanje<\/a><\/div>\n\n\n\n<div class=\"wp-block-file\"><a href=\"https:\/\/aem.hr\/wp-content\/uploads\/2019\/12\/Vodi\u010d-za-predavanje-financijskog-pravdanja-potpore-male-vrijednosti.pptx\">Vodi\u010d za predavanje financijskog pravdanja potpore male vrijednosti<\/a><a href=\"https:\/\/aem.hr\/wp-content\/uploads\/2019\/12\/Vodi\u010d-za-predavanje-financijskog-pravdanja-potpore-male-vrijednosti.pptx\" class=\"wp-block-file__button\" download>Preuzimanje<\/a><\/div>\n","protected":false},"excerpt":{"rendered":"<p>Sukladno javnim natje\u010dajima 01\/2018, 01\/2019 i 02\/2019, za dodjelu sredstava Fonda za poticanje pluralizma i raznovrsnosti elektroni\u010dkih medija u 2019. godini,&nbsp;pozivamo korisnike Fonda da preuzmu i prou\u010de upute za zavr\u0161no programsko i financijsko pravdanje. Rok za podno\u0161enje zavr\u0161nog pravdanja \u2013 programsko i financijsko &#8211; jest 29. velja\u010de 2020. Do 20. sije\u010dnja 2020. potrebno je ispuniti [&hellip;]<\/p>\n","protected":false},"author":18,"featured_media":5527,"comment_status":"closed","ping_status":"closed","sticky":false,"template":"","format":"standard","meta":{"_acf_changed":false,"inline_featured_image":false,"advgb_blocks_editor_width":"full","advgb_blocks_columns_visual_guide":"","_links_to":"","_links_to_type":0,"footnotes":""},"categories":[89,5],"tags":[],"class_list":["post-5885","post","type-post","status-publish","format-standard","has-post-thumbnail","hentry","category-fond-za-pluralizam","category-vijesti"],"acf":[],"yoast_head":"<!-- This site is optimized with the Yoast SEO plugin v25.7 - https:\/\/yoast.com\/wordpress\/plugins\/seo\/ -->\n<title>Upute za zavr\u0161no pravdanje sredstava Fonda za poticanje pluralizma i raznovrsnosti elektroni\u010dkih medija \u2013 natje\u010daji 01\/2018, 01\/2019 i 02\/2019 za 2019. godinu - Agencija za elektroni\u010dke medije<\/title>\n<meta name=\"robots\" content=\"index, follow, max-snippet:-1, max-image-preview:large, max-video-preview:-1\" \/>\n<link rel=\"canonical\" href=\"https:\/\/aem.hr\/blog\/2019\/12\/20\/upute-za-zavrsno-pravdanje-sredstava-fonda-za-poticanje-pluralizma-i-raznovrsnosti-elektronickih-medija-natjecaji-01-2018-01-2019-i-02-2019-za-2019-godinu\/\" \/>\n<meta property=\"og:locale\" content=\"en_US\" \/>\n<meta property=\"og:type\" content=\"article\" \/>\n<meta property=\"og:title\" content=\"Upute za zavr\u0161no pravdanje sredstava Fonda za poticanje pluralizma i raznovrsnosti elektroni\u010dkih medija \u2013 natje\u010daji 01\/2018, 01\/2019 i 02\/2019 za 2019. godinu - Agencija za elektroni\u010dke medije\" \/>\n<meta property=\"og:description\" content=\"Sukladno javnim natje\u010dajima 01\/2018, 01\/2019 i 02\/2019, za dodjelu sredstava Fonda za poticanje pluralizma i raznovrsnosti elektroni\u010dkih medija u 2019. godini,&nbsp;pozivamo korisnike Fonda da preuzmu i prou\u010de upute za zavr\u0161no programsko i financijsko pravdanje. Rok za podno\u0161enje zavr\u0161nog pravdanja \u2013 programsko i financijsko &#8211; jest 29. velja\u010de 2020. Do 20. sije\u010dnja 2020. potrebno je ispuniti [&hellip;]\" \/>\n<meta property=\"og:url\" content=\"https:\/\/aem.hr\/blog\/2019\/12\/20\/upute-za-zavrsno-pravdanje-sredstava-fonda-za-poticanje-pluralizma-i-raznovrsnosti-elektronickih-medija-natjecaji-01-2018-01-2019-i-02-2019-za-2019-godinu\/\" \/>\n<meta property=\"og:site_name\" content=\"Agencija za elektroni\u010dke medije\" \/>\n<meta property=\"article:published_time\" content=\"2019-12-20T14:27:33+00:00\" \/>\n<meta property=\"article:modified_time\" content=\"2019-12-20T14:31:05+00:00\" \/>\n<meta property=\"og:image\" content=\"https:\/\/aem.hr\/wp-content\/uploads\/2019\/07\/pravdanje.jpg\" \/>\n\t<meta property=\"og:image:width\" content=\"1140\" \/>\n\t<meta property=\"og:image:height\" content=\"712\" \/>\n\t<meta property=\"og:image:type\" content=\"image\/jpeg\" \/>\n<meta name=\"author\" content=\"Matko Kirac\" \/>\n<meta name=\"twitter:card\" content=\"summary_large_image\" \/>\n<meta name=\"twitter:label1\" content=\"Written by\" \/>\n\t<meta name=\"twitter:data1\" content=\"Matko Kirac\" \/>\n\t<meta name=\"twitter:label2\" content=\"Est. reading time\" \/>\n\t<meta name=\"twitter:data2\" content=\"1 minute\" \/>\n<script type=\"application\/ld+json\" class=\"yoast-schema-graph\">{\"@context\":\"https:\/\/schema.org\",\"@graph\":[{\"@type\":\"WebPage\",\"@id\":\"https:\/\/aem.hr\/blog\/2019\/12\/20\/upute-za-zavrsno-pravdanje-sredstava-fonda-za-poticanje-pluralizma-i-raznovrsnosti-elektronickih-medija-natjecaji-01-2018-01-2019-i-02-2019-za-2019-godinu\/\",\"url\":\"https:\/\/aem.hr\/blog\/2019\/12\/20\/upute-za-zavrsno-pravdanje-sredstava-fonda-za-poticanje-pluralizma-i-raznovrsnosti-elektronickih-medija-natjecaji-01-2018-01-2019-i-02-2019-za-2019-godinu\/\",\"name\":\"Upute za zavr\u0161no pravdanje sredstava Fonda za poticanje pluralizma i raznovrsnosti elektroni\u010dkih medija \u2013 natje\u010daji 01\/2018, 01\/2019 i 02\/2019 za 2019. godinu - Agencija za elektroni\u010dke medije\",\"isPartOf\":{\"@id\":\"https:\/\/aem.hr\/#website\"},\"primaryImageOfPage\":{\"@id\":\"https:\/\/aem.hr\/blog\/2019\/12\/20\/upute-za-zavrsno-pravdanje-sredstava-fonda-za-poticanje-pluralizma-i-raznovrsnosti-elektronickih-medija-natjecaji-01-2018-01-2019-i-02-2019-za-2019-godinu\/#primaryimage\"},\"image\":{\"@id\":\"https:\/\/aem.hr\/blog\/2019\/12\/20\/upute-za-zavrsno-pravdanje-sredstava-fonda-za-poticanje-pluralizma-i-raznovrsnosti-elektronickih-medija-natjecaji-01-2018-01-2019-i-02-2019-za-2019-godinu\/#primaryimage\"},\"thumbnailUrl\":\"https:\/\/aem.hr\/wp-content\/uploads\/2019\/07\/pravdanje.jpg\",\"datePublished\":\"2019-12-20T14:27:33+00:00\",\"dateModified\":\"2019-12-20T14:31:05+00:00\",\"author\":{\"@id\":\"https:\/\/aem.hr\/#\/schema\/person\/c100d12574f2ef4fe03266d61bfc55e1\"},\"breadcrumb\":{\"@id\":\"https:\/\/aem.hr\/blog\/2019\/12\/20\/upute-za-zavrsno-pravdanje-sredstava-fonda-za-poticanje-pluralizma-i-raznovrsnosti-elektronickih-medija-natjecaji-01-2018-01-2019-i-02-2019-za-2019-godinu\/#breadcrumb\"},\"inLanguage\":\"en-US\",\"potentialAction\":[{\"@type\":\"ReadAction\",\"target\":[\"https:\/\/aem.hr\/blog\/2019\/12\/20\/upute-za-zavrsno-pravdanje-sredstava-fonda-za-poticanje-pluralizma-i-raznovrsnosti-elektronickih-medija-natjecaji-01-2018-01-2019-i-02-2019-za-2019-godinu\/\"]}]},{\"@type\":\"ImageObject\",\"inLanguage\":\"en-US\",\"@id\":\"https:\/\/aem.hr\/blog\/2019\/12\/20\/upute-za-zavrsno-pravdanje-sredstava-fonda-za-poticanje-pluralizma-i-raznovrsnosti-elektronickih-medija-natjecaji-01-2018-01-2019-i-02-2019-za-2019-godinu\/#primaryimage\",\"url\":\"https:\/\/aem.hr\/wp-content\/uploads\/2019\/07\/pravdanje.jpg\",\"contentUrl\":\"https:\/\/aem.hr\/wp-content\/uploads\/2019\/07\/pravdanje.jpg\",\"width\":1140,\"height\":712},{\"@type\":\"BreadcrumbList\",\"@id\":\"https:\/\/aem.hr\/blog\/2019\/12\/20\/upute-za-zavrsno-pravdanje-sredstava-fonda-za-poticanje-pluralizma-i-raznovrsnosti-elektronickih-medija-natjecaji-01-2018-01-2019-i-02-2019-za-2019-godinu\/#breadcrumb\",\"itemListElement\":[{\"@type\":\"ListItem\",\"position\":1,\"name\":\"Po\u010detna stranica\",\"item\":\"https:\/\/aem.hr\/\"},{\"@type\":\"ListItem\",\"position\":2,\"name\":\"Upute za zavr\u0161no pravdanje sredstava Fonda za poticanje pluralizma i raznovrsnosti elektroni\u010dkih medija \u2013 natje\u010daji 01\/2018, 01\/2019 i 02\/2019 za 2019. godinu\"}]},{\"@type\":\"WebSite\",\"@id\":\"https:\/\/aem.hr\/#website\",\"url\":\"https:\/\/aem.hr\/\",\"name\":\"Agencija za elektroni\u010dke medije\",\"description\":\"\",\"potentialAction\":[{\"@type\":\"SearchAction\",\"target\":{\"@type\":\"EntryPoint\",\"urlTemplate\":\"https:\/\/aem.hr\/?s={search_term_string}\"},\"query-input\":{\"@type\":\"PropertyValueSpecification\",\"valueRequired\":true,\"valueName\":\"search_term_string\"}}],\"inLanguage\":\"en-US\"},{\"@type\":\"Person\",\"@id\":\"https:\/\/aem.hr\/#\/schema\/person\/c100d12574f2ef4fe03266d61bfc55e1\",\"name\":\"Matko Kirac\",\"url\":\"https:\/\/aem.hr\/en\/blog\/author\/mkirac\/\"}]}<\/script>\n<!-- \/ Yoast SEO plugin. -->","yoast_head_json":{"title":"Upute za zavr\u0161no pravdanje sredstava Fonda za poticanje pluralizma i raznovrsnosti elektroni\u010dkih medija \u2013 natje\u010daji 01\/2018, 01\/2019 i 02\/2019 za 2019. godinu - Agencija za elektroni\u010dke medije","robots":{"index":"index","follow":"follow","max-snippet":"max-snippet:-1","max-image-preview":"max-image-preview:large","max-video-preview":"max-video-preview:-1"},"canonical":"https:\/\/aem.hr\/blog\/2019\/12\/20\/upute-za-zavrsno-pravdanje-sredstava-fonda-za-poticanje-pluralizma-i-raznovrsnosti-elektronickih-medija-natjecaji-01-2018-01-2019-i-02-2019-za-2019-godinu\/","og_locale":"en_US","og_type":"article","og_title":"Upute za zavr\u0161no pravdanje sredstava Fonda za poticanje pluralizma i raznovrsnosti elektroni\u010dkih medija \u2013 natje\u010daji 01\/2018, 01\/2019 i 02\/2019 za 2019. godinu - Agencija za elektroni\u010dke medije","og_description":"Sukladno javnim natje\u010dajima 01\/2018, 01\/2019 i 02\/2019, za dodjelu sredstava Fonda za poticanje pluralizma i raznovrsnosti elektroni\u010dkih medija u 2019. godini,&nbsp;pozivamo korisnike Fonda da preuzmu i prou\u010de upute za zavr\u0161no programsko i financijsko pravdanje. Rok za podno\u0161enje zavr\u0161nog pravdanja \u2013 programsko i financijsko &#8211; jest 29. velja\u010de 2020. Do 20. sije\u010dnja 2020. potrebno je ispuniti [&hellip;]","og_url":"https:\/\/aem.hr\/blog\/2019\/12\/20\/upute-za-zavrsno-pravdanje-sredstava-fonda-za-poticanje-pluralizma-i-raznovrsnosti-elektronickih-medija-natjecaji-01-2018-01-2019-i-02-2019-za-2019-godinu\/","og_site_name":"Agencija za elektroni\u010dke medije","article_published_time":"2019-12-20T14:27:33+00:00","article_modified_time":"2019-12-20T14:31:05+00:00","og_image":[{"width":1140,"height":712,"url":"https:\/\/aem.hr\/wp-content\/uploads\/2019\/07\/pravdanje.jpg","type":"image\/jpeg"}],"author":"Matko Kirac","twitter_card":"summary_large_image","twitter_misc":{"Written by":"Matko Kirac","Est. reading time":"1 minute"},"schema":{"@context":"https:\/\/schema.org","@graph":[{"@type":"WebPage","@id":"https:\/\/aem.hr\/blog\/2019\/12\/20\/upute-za-zavrsno-pravdanje-sredstava-fonda-za-poticanje-pluralizma-i-raznovrsnosti-elektronickih-medija-natjecaji-01-2018-01-2019-i-02-2019-za-2019-godinu\/","url":"https:\/\/aem.hr\/blog\/2019\/12\/20\/upute-za-zavrsno-pravdanje-sredstava-fonda-za-poticanje-pluralizma-i-raznovrsnosti-elektronickih-medija-natjecaji-01-2018-01-2019-i-02-2019-za-2019-godinu\/","name":"Upute za zavr\u0161no pravdanje sredstava Fonda za poticanje pluralizma i raznovrsnosti elektroni\u010dkih medija \u2013 natje\u010daji 01\/2018, 01\/2019 i 02\/2019 za 2019. godinu - Agencija za elektroni\u010dke medije","isPartOf":{"@id":"https:\/\/aem.hr\/#website"},"primaryImageOfPage":{"@id":"https:\/\/aem.hr\/blog\/2019\/12\/20\/upute-za-zavrsno-pravdanje-sredstava-fonda-za-poticanje-pluralizma-i-raznovrsnosti-elektronickih-medija-natjecaji-01-2018-01-2019-i-02-2019-za-2019-godinu\/#primaryimage"},"image":{"@id":"https:\/\/aem.hr\/blog\/2019\/12\/20\/upute-za-zavrsno-pravdanje-sredstava-fonda-za-poticanje-pluralizma-i-raznovrsnosti-elektronickih-medija-natjecaji-01-2018-01-2019-i-02-2019-za-2019-godinu\/#primaryimage"},"thumbnailUrl":"https:\/\/aem.hr\/wp-content\/uploads\/2019\/07\/pravdanje.jpg","datePublished":"2019-12-20T14:27:33+00:00","dateModified":"2019-12-20T14:31:05+00:00","author":{"@id":"https:\/\/aem.hr\/#\/schema\/person\/c100d12574f2ef4fe03266d61bfc55e1"},"breadcrumb":{"@id":"https:\/\/aem.hr\/blog\/2019\/12\/20\/upute-za-zavrsno-pravdanje-sredstava-fonda-za-poticanje-pluralizma-i-raznovrsnosti-elektronickih-medija-natjecaji-01-2018-01-2019-i-02-2019-za-2019-godinu\/#breadcrumb"},"inLanguage":"en-US","potentialAction":[{"@type":"ReadAction","target":["https:\/\/aem.hr\/blog\/2019\/12\/20\/upute-za-zavrsno-pravdanje-sredstava-fonda-za-poticanje-pluralizma-i-raznovrsnosti-elektronickih-medija-natjecaji-01-2018-01-2019-i-02-2019-za-2019-godinu\/"]}]},{"@type":"ImageObject","inLanguage":"en-US","@id":"https:\/\/aem.hr\/blog\/2019\/12\/20\/upute-za-zavrsno-pravdanje-sredstava-fonda-za-poticanje-pluralizma-i-raznovrsnosti-elektronickih-medija-natjecaji-01-2018-01-2019-i-02-2019-za-2019-godinu\/#primaryimage","url":"https:\/\/aem.hr\/wp-content\/uploads\/2019\/07\/pravdanje.jpg","contentUrl":"https:\/\/aem.hr\/wp-content\/uploads\/2019\/07\/pravdanje.jpg","width":1140,"height":712},{"@type":"BreadcrumbList","@id":"https:\/\/aem.hr\/blog\/2019\/12\/20\/upute-za-zavrsno-pravdanje-sredstava-fonda-za-poticanje-pluralizma-i-raznovrsnosti-elektronickih-medija-natjecaji-01-2018-01-2019-i-02-2019-za-2019-godinu\/#breadcrumb","itemListElement":[{"@type":"ListItem","position":1,"name":"Po\u010detna stranica","item":"https:\/\/aem.hr\/"},{"@type":"ListItem","position":2,"name":"Upute za zavr\u0161no pravdanje sredstava Fonda za poticanje pluralizma i raznovrsnosti elektroni\u010dkih medija \u2013 natje\u010daji 01\/2018, 01\/2019 i 02\/2019 za 2019. godinu"}]},{"@type":"WebSite","@id":"https:\/\/aem.hr\/#website","url":"https:\/\/aem.hr\/","name":"Agencija za elektroni\u010dke medije","description":"","potentialAction":[{"@type":"SearchAction","target":{"@type":"EntryPoint","urlTemplate":"https:\/\/aem.hr\/?s={search_term_string}"},"query-input":{"@type":"PropertyValueSpecification","valueRequired":true,"valueName":"search_term_string"}}],"inLanguage":"en-US"},{"@type":"Person","@id":"https:\/\/aem.hr\/#\/schema\/person\/c100d12574f2ef4fe03266d61bfc55e1","name":"Matko Kirac","url":"https:\/\/aem.hr\/en\/blog\/author\/mkirac\/"}]}},"author_meta":{"display_name":"Matko Kirac","author_link":"https:\/\/aem.hr\/en\/blog\/author\/mkirac\/"},"featured_img":"https:\/\/aem.hr\/wp-content\/uploads\/2019\/07\/pravdanje-300x187.jpg","coauthors":[],"tax_additional":{"categories":{"linked":["<a href=\"https:\/\/aem.hr\/en\/kategorija\/fond-za-pluralizam\/\" class=\"advgb-post-tax-term\">Fond za pluralizam<\/a>","<a href=\"https:\/\/aem.hr\/en\/kategorija\/vijesti\/\" class=\"advgb-post-tax-term\">Vijesti<\/a>"],"unlinked":["<span class=\"advgb-post-tax-term\">Fond za pluralizam<\/span>","<span class=\"advgb-post-tax-term\">Vijesti<\/span>"]}},"comment_count":"0","relative_dates":{"created":"Posted 6 years ago","modified":"Updated 6 years ago"},"absolute_dates":{"created":"Posted on 20. December 2019.","modified":"Updated on 20. December 2019."},"absolute_dates_time":{"created":"Posted on 20. December 2019. 15:27","modified":"Updated on 20. December 2019. 15:31"},"featured_img_caption":"","series_order":"","_links":{"self":[{"href":"https:\/\/aem.hr\/en\/wp-json\/wp\/v2\/posts\/5885","targetHints":{"allow":["GET"]}}],"collection":[{"href":"https:\/\/aem.hr\/en\/wp-json\/wp\/v2\/posts"}],"about":[{"href":"https:\/\/aem.hr\/en\/wp-json\/wp\/v2\/types\/post"}],"author":[{"embeddable":true,"href":"https:\/\/aem.hr\/en\/wp-json\/wp\/v2\/users\/18"}],"replies":[{"embeddable":true,"href":"https:\/\/aem.hr\/en\/wp-json\/wp\/v2\/comments?post=5885"}],"version-history":[{"count":4,"href":"https:\/\/aem.hr\/en\/wp-json\/wp\/v2\/posts\/5885\/revisions"}],"predecessor-version":[{"id":5894,"href":"https:\/\/aem.hr\/en\/wp-json\/wp\/v2\/posts\/5885\/revisions\/5894"}],"wp:featuredmedia":[{"embeddable":true,"href":"https:\/\/aem.hr\/en\/wp-json\/wp\/v2\/media\/5527"}],"wp:attachment":[{"href":"https:\/\/aem.hr\/en\/wp-json\/wp\/v2\/media?parent=5885"}],"wp:term":[{"taxonomy":"category","embeddable":true,"href":"https:\/\/aem.hr\/en\/wp-json\/wp\/v2\/categories?post=5885"},{"taxonomy":"post_tag","embeddable":true,"href":"https:\/\/aem.hr\/en\/wp-json\/wp\/v2\/tags?post=5885"}],"curies":[{"name":"wp","href":"https:\/\/api.w.org\/{rel}","templated":true}]}}