{"id":5916,"date":"2020-01-15T12:47:15","date_gmt":"2020-01-15T11:47:15","guid":{"rendered":"http:\/\/aem.hr\/?p=5916"},"modified":"2020-01-15T12:49:58","modified_gmt":"2020-01-15T11:49:58","slug":"obavijest-o-sestoj-radionici-u-sklopu-projekta-edukacije-pruzatelja-elektronickih-medija-osijek-2","status":"publish","type":"post","link":"https:\/\/aem.hr\/en\/blog\/2020\/01\/15\/obavijest-o-sestoj-radionici-u-sklopu-projekta-edukacije-pruzatelja-elektronickih-medija-osijek-2\/","title":{"rendered":"Obavijest o \u0161estoj radionici u sklopu projekta edukacije pru\u017eatelja elektroni\u010dkih medija \u2013 Osijek"},"content":{"rendered":"\n<div class=\"wp-block-file\"><a href=\"https:\/\/aem.hr\/wp-content\/uploads\/2020\/01\/Poziv-6.-radionica-Domovinski-rat-Osijek-25.-sije\u010dnja-2020.pdf\">Poziv 6. radionica Domovinski rat &#8211; Osijek 25. sije\u010dnja 2020.<\/a><a href=\"https:\/\/aem.hr\/wp-content\/uploads\/2020\/01\/Poziv-6.-radionica-Domovinski-rat-Osijek-25.-sije\u010dnja-2020.pdf\" class=\"wp-block-file__button\" download>Preuzmite<\/a><\/div>\n\n\n\n<div class=\"wp-block-file\"><a href=\"https:\/\/aem.hr\/wp-content\/uploads\/2020\/01\/Agenda-6.-radionice-Domovinski-rat-Osijek-25.-sije\u010dnja-2020.pdf\">Agenda 6. radionice Domovinski rat &#8211; Osijek 25. sije\u010dnja 2020.<\/a><a href=\"https:\/\/aem.hr\/wp-content\/uploads\/2020\/01\/Agenda-6.-radionice-Domovinski-rat-Osijek-25.-sije\u010dnja-2020.pdf\" class=\"wp-block-file__button\" download>Preuzmite<\/a><\/div>\n","protected":false},"excerpt":{"rendered":"","protected":false},"author":23,"featured_media":5590,"comment_status":"closed","ping_status":"closed","sticky":false,"template":"","format":"standard","meta":{"_acf_changed":false,"inline_featured_image":false,"advgb_blocks_editor_width":"","advgb_blocks_columns_visual_guide":"","_links_to":"","_links_to_type":0,"footnotes":""},"categories":[89,156,5],"tags":[],"class_list":["post-5916","post","type-post","status-publish","format-standard","has-post-thumbnail","hentry","category-fond-za-pluralizam","category-nekategorizirano","category-vijesti"],"acf":[],"yoast_head":"<!-- This site is optimized with the Yoast SEO plugin v25.7 - https:\/\/yoast.com\/wordpress\/plugins\/seo\/ -->\n<title>Obavijest o \u0161estoj radionici u sklopu projekta edukacije pru\u017eatelja elektroni\u010dkih medija \u2013 Osijek - Agencija za elektroni\u010dke medije<\/title>\n<meta name=\"robots\" content=\"index, follow, max-snippet:-1, max-image-preview:large, max-video-preview:-1\" \/>\n<link rel=\"canonical\" href=\"https:\/\/aem.hr\/blog\/2020\/01\/15\/obavijest-o-sestoj-radionici-u-sklopu-projekta-edukacije-pruzatelja-elektronickih-medija-osijek-2\/\" \/>\n<meta property=\"og:locale\" content=\"en_US\" \/>\n<meta property=\"og:type\" content=\"article\" \/>\n<meta property=\"og:title\" content=\"Obavijest o \u0161estoj radionici u sklopu projekta edukacije pru\u017eatelja elektroni\u010dkih medija \u2013 Osijek - Agencija za elektroni\u010dke medije\" \/>\n<meta property=\"og:url\" content=\"https:\/\/aem.hr\/blog\/2020\/01\/15\/obavijest-o-sestoj-radionici-u-sklopu-projekta-edukacije-pruzatelja-elektronickih-medija-osijek-2\/\" \/>\n<meta property=\"og:site_name\" content=\"Agencija za elektroni\u010dke medije\" \/>\n<meta property=\"article:published_time\" content=\"2020-01-15T11:47:15+00:00\" \/>\n<meta property=\"article:modified_time\" content=\"2020-01-15T11:49:58+00:00\" \/>\n<meta property=\"og:image\" content=\"https:\/\/aem.hr\/wp-content\/uploads\/2019\/09\/slika-radionice-683x1024.jpg\" \/>\n\t<meta property=\"og:image:width\" content=\"683\" \/>\n\t<meta property=\"og:image:height\" content=\"1024\" \/>\n\t<meta property=\"og:image:type\" content=\"image\/jpeg\" \/>\n<meta name=\"author\" content=\"Sanja Pan\u010di\u0107\" \/>\n<meta name=\"twitter:card\" content=\"summary_large_image\" \/>\n<meta name=\"twitter:label1\" content=\"Written by\" \/>\n\t<meta name=\"twitter:data1\" content=\"Sanja Pan\u010di\u0107\" \/>\n<script type=\"application\/ld+json\" class=\"yoast-schema-graph\">{\"@context\":\"https:\/\/schema.org\",\"@graph\":[{\"@type\":\"WebPage\",\"@id\":\"https:\/\/aem.hr\/blog\/2020\/01\/15\/obavijest-o-sestoj-radionici-u-sklopu-projekta-edukacije-pruzatelja-elektronickih-medija-osijek-2\/\",\"url\":\"https:\/\/aem.hr\/blog\/2020\/01\/15\/obavijest-o-sestoj-radionici-u-sklopu-projekta-edukacije-pruzatelja-elektronickih-medija-osijek-2\/\",\"name\":\"Obavijest o \u0161estoj radionici u sklopu projekta edukacije pru\u017eatelja elektroni\u010dkih medija \u2013 Osijek - Agencija za elektroni\u010dke medije\",\"isPartOf\":{\"@id\":\"https:\/\/aem.hr\/#website\"},\"primaryImageOfPage\":{\"@id\":\"https:\/\/aem.hr\/blog\/2020\/01\/15\/obavijest-o-sestoj-radionici-u-sklopu-projekta-edukacije-pruzatelja-elektronickih-medija-osijek-2\/#primaryimage\"},\"image\":{\"@id\":\"https:\/\/aem.hr\/blog\/2020\/01\/15\/obavijest-o-sestoj-radionici-u-sklopu-projekta-edukacije-pruzatelja-elektronickih-medija-osijek-2\/#primaryimage\"},\"thumbnailUrl\":\"https:\/\/aem.hr\/wp-content\/uploads\/2019\/09\/slika-radionice.jpg\",\"datePublished\":\"2020-01-15T11:47:15+00:00\",\"dateModified\":\"2020-01-15T11:49:58+00:00\",\"author\":{\"@id\":\"https:\/\/aem.hr\/#\/schema\/person\/1983215934e140fd0b2d560d654b5760\"},\"breadcrumb\":{\"@id\":\"https:\/\/aem.hr\/blog\/2020\/01\/15\/obavijest-o-sestoj-radionici-u-sklopu-projekta-edukacije-pruzatelja-elektronickih-medija-osijek-2\/#breadcrumb\"},\"inLanguage\":\"en-US\",\"potentialAction\":[{\"@type\":\"ReadAction\",\"target\":[\"https:\/\/aem.hr\/blog\/2020\/01\/15\/obavijest-o-sestoj-radionici-u-sklopu-projekta-edukacije-pruzatelja-elektronickih-medija-osijek-2\/\"]}]},{\"@type\":\"ImageObject\",\"inLanguage\":\"en-US\",\"@id\":\"https:\/\/aem.hr\/blog\/2020\/01\/15\/obavijest-o-sestoj-radionici-u-sklopu-projekta-edukacije-pruzatelja-elektronickih-medija-osijek-2\/#primaryimage\",\"url\":\"https:\/\/aem.hr\/wp-content\/uploads\/2019\/09\/slika-radionice.jpg\",\"contentUrl\":\"https:\/\/aem.hr\/wp-content\/uploads\/2019\/09\/slika-radionice.jpg\",\"width\":2667,\"height\":4000},{\"@type\":\"BreadcrumbList\",\"@id\":\"https:\/\/aem.hr\/blog\/2020\/01\/15\/obavijest-o-sestoj-radionici-u-sklopu-projekta-edukacije-pruzatelja-elektronickih-medija-osijek-2\/#breadcrumb\",\"itemListElement\":[{\"@type\":\"ListItem\",\"position\":1,\"name\":\"Po\u010detna stranica\",\"item\":\"https:\/\/aem.hr\/\"},{\"@type\":\"ListItem\",\"position\":2,\"name\":\"Obavijest o \u0161estoj radionici u sklopu projekta edukacije pru\u017eatelja elektroni\u010dkih medija \u2013 Osijek\"}]},{\"@type\":\"WebSite\",\"@id\":\"https:\/\/aem.hr\/#website\",\"url\":\"https:\/\/aem.hr\/\",\"name\":\"Agencija za elektroni\u010dke medije\",\"description\":\"\",\"potentialAction\":[{\"@type\":\"SearchAction\",\"target\":{\"@type\":\"EntryPoint\",\"urlTemplate\":\"https:\/\/aem.hr\/?s={search_term_string}\"},\"query-input\":{\"@type\":\"PropertyValueSpecification\",\"valueRequired\":true,\"valueName\":\"search_term_string\"}}],\"inLanguage\":\"en-US\"},{\"@type\":\"Person\",\"@id\":\"https:\/\/aem.hr\/#\/schema\/person\/1983215934e140fd0b2d560d654b5760\",\"name\":\"Sanja Pan\u010di\u0107\",\"url\":\"https:\/\/aem.hr\/en\/blog\/author\/spancic\/\"}]}<\/script>\n<!-- \/ Yoast SEO plugin. -->","yoast_head_json":{"title":"Obavijest o \u0161estoj radionici u sklopu projekta edukacije pru\u017eatelja elektroni\u010dkih medija \u2013 Osijek - Agencija za elektroni\u010dke medije","robots":{"index":"index","follow":"follow","max-snippet":"max-snippet:-1","max-image-preview":"max-image-preview:large","max-video-preview":"max-video-preview:-1"},"canonical":"https:\/\/aem.hr\/blog\/2020\/01\/15\/obavijest-o-sestoj-radionici-u-sklopu-projekta-edukacije-pruzatelja-elektronickih-medija-osijek-2\/","og_locale":"en_US","og_type":"article","og_title":"Obavijest o \u0161estoj radionici u sklopu projekta edukacije pru\u017eatelja elektroni\u010dkih medija \u2013 Osijek - Agencija za elektroni\u010dke medije","og_url":"https:\/\/aem.hr\/blog\/2020\/01\/15\/obavijest-o-sestoj-radionici-u-sklopu-projekta-edukacije-pruzatelja-elektronickih-medija-osijek-2\/","og_site_name":"Agencija za elektroni\u010dke medije","article_published_time":"2020-01-15T11:47:15+00:00","article_modified_time":"2020-01-15T11:49:58+00:00","og_image":[{"width":683,"height":1024,"url":"https:\/\/aem.hr\/wp-content\/uploads\/2019\/09\/slika-radionice-683x1024.jpg","type":"image\/jpeg"}],"author":"Sanja Pan\u010di\u0107","twitter_card":"summary_large_image","twitter_misc":{"Written by":"Sanja Pan\u010di\u0107"},"schema":{"@context":"https:\/\/schema.org","@graph":[{"@type":"WebPage","@id":"https:\/\/aem.hr\/blog\/2020\/01\/15\/obavijest-o-sestoj-radionici-u-sklopu-projekta-edukacije-pruzatelja-elektronickih-medija-osijek-2\/","url":"https:\/\/aem.hr\/blog\/2020\/01\/15\/obavijest-o-sestoj-radionici-u-sklopu-projekta-edukacije-pruzatelja-elektronickih-medija-osijek-2\/","name":"Obavijest o \u0161estoj radionici u sklopu projekta edukacije pru\u017eatelja elektroni\u010dkih medija \u2013 Osijek - Agencija za elektroni\u010dke medije","isPartOf":{"@id":"https:\/\/aem.hr\/#website"},"primaryImageOfPage":{"@id":"https:\/\/aem.hr\/blog\/2020\/01\/15\/obavijest-o-sestoj-radionici-u-sklopu-projekta-edukacije-pruzatelja-elektronickih-medija-osijek-2\/#primaryimage"},"image":{"@id":"https:\/\/aem.hr\/blog\/2020\/01\/15\/obavijest-o-sestoj-radionici-u-sklopu-projekta-edukacije-pruzatelja-elektronickih-medija-osijek-2\/#primaryimage"},"thumbnailUrl":"https:\/\/aem.hr\/wp-content\/uploads\/2019\/09\/slika-radionice.jpg","datePublished":"2020-01-15T11:47:15+00:00","dateModified":"2020-01-15T11:49:58+00:00","author":{"@id":"https:\/\/aem.hr\/#\/schema\/person\/1983215934e140fd0b2d560d654b5760"},"breadcrumb":{"@id":"https:\/\/aem.hr\/blog\/2020\/01\/15\/obavijest-o-sestoj-radionici-u-sklopu-projekta-edukacije-pruzatelja-elektronickih-medija-osijek-2\/#breadcrumb"},"inLanguage":"en-US","potentialAction":[{"@type":"ReadAction","target":["https:\/\/aem.hr\/blog\/2020\/01\/15\/obavijest-o-sestoj-radionici-u-sklopu-projekta-edukacije-pruzatelja-elektronickih-medija-osijek-2\/"]}]},{"@type":"ImageObject","inLanguage":"en-US","@id":"https:\/\/aem.hr\/blog\/2020\/01\/15\/obavijest-o-sestoj-radionici-u-sklopu-projekta-edukacije-pruzatelja-elektronickih-medija-osijek-2\/#primaryimage","url":"https:\/\/aem.hr\/wp-content\/uploads\/2019\/09\/slika-radionice.jpg","contentUrl":"https:\/\/aem.hr\/wp-content\/uploads\/2019\/09\/slika-radionice.jpg","width":2667,"height":4000},{"@type":"BreadcrumbList","@id":"https:\/\/aem.hr\/blog\/2020\/01\/15\/obavijest-o-sestoj-radionici-u-sklopu-projekta-edukacije-pruzatelja-elektronickih-medija-osijek-2\/#breadcrumb","itemListElement":[{"@type":"ListItem","position":1,"name":"Po\u010detna stranica","item":"https:\/\/aem.hr\/"},{"@type":"ListItem","position":2,"name":"Obavijest o \u0161estoj radionici u sklopu projekta edukacije pru\u017eatelja elektroni\u010dkih medija \u2013 Osijek"}]},{"@type":"WebSite","@id":"https:\/\/aem.hr\/#website","url":"https:\/\/aem.hr\/","name":"Agencija za elektroni\u010dke medije","description":"","potentialAction":[{"@type":"SearchAction","target":{"@type":"EntryPoint","urlTemplate":"https:\/\/aem.hr\/?s={search_term_string}"},"query-input":{"@type":"PropertyValueSpecification","valueRequired":true,"valueName":"search_term_string"}}],"inLanguage":"en-US"},{"@type":"Person","@id":"https:\/\/aem.hr\/#\/schema\/person\/1983215934e140fd0b2d560d654b5760","name":"Sanja Pan\u010di\u0107","url":"https:\/\/aem.hr\/en\/blog\/author\/spancic\/"}]}},"author_meta":{"display_name":"Sanja Pan\u010di\u0107","author_link":"https:\/\/aem.hr\/en\/blog\/author\/spancic\/"},"featured_img":"https:\/\/aem.hr\/wp-content\/uploads\/2019\/09\/slika-radionice-200x300.jpg","coauthors":[],"tax_additional":{"categories":{"linked":["<a href=\"https:\/\/aem.hr\/en\/kategorija\/fond-za-pluralizam\/\" class=\"advgb-post-tax-term\">Fond za pluralizam<\/a>","<a href=\"https:\/\/aem.hr\/en\/kategorija\/nekategorizirano\/\" class=\"advgb-post-tax-term\">Nekategorizirano<\/a>","<a href=\"https:\/\/aem.hr\/en\/kategorija\/vijesti\/\" class=\"advgb-post-tax-term\">Vijesti<\/a>"],"unlinked":["<span class=\"advgb-post-tax-term\">Fond za pluralizam<\/span>","<span class=\"advgb-post-tax-term\">Nekategorizirano<\/span>","<span class=\"advgb-post-tax-term\">Vijesti<\/span>"]}},"comment_count":"0","relative_dates":{"created":"Posted 6 years ago","modified":"Updated 6 years ago"},"absolute_dates":{"created":"Posted on 15. January 2020.","modified":"Updated on 15. January 2020."},"absolute_dates_time":{"created":"Posted on 15. January 2020. 12:47","modified":"Updated on 15. January 2020. 12:49"},"featured_img_caption":"","series_order":"","_links":{"self":[{"href":"https:\/\/aem.hr\/en\/wp-json\/wp\/v2\/posts\/5916","targetHints":{"allow":["GET"]}}],"collection":[{"href":"https:\/\/aem.hr\/en\/wp-json\/wp\/v2\/posts"}],"about":[{"href":"https:\/\/aem.hr\/en\/wp-json\/wp\/v2\/types\/post"}],"author":[{"embeddable":true,"href":"https:\/\/aem.hr\/en\/wp-json\/wp\/v2\/users\/23"}],"replies":[{"embeddable":true,"href":"https:\/\/aem.hr\/en\/wp-json\/wp\/v2\/comments?post=5916"}],"version-history":[{"count":2,"href":"https:\/\/aem.hr\/en\/wp-json\/wp\/v2\/posts\/5916\/revisions"}],"predecessor-version":[{"id":5920,"href":"https:\/\/aem.hr\/en\/wp-json\/wp\/v2\/posts\/5916\/revisions\/5920"}],"wp:featuredmedia":[{"embeddable":true,"href":"https:\/\/aem.hr\/en\/wp-json\/wp\/v2\/media\/5590"}],"wp:attachment":[{"href":"https:\/\/aem.hr\/en\/wp-json\/wp\/v2\/media?parent=5916"}],"wp:term":[{"taxonomy":"category","embeddable":true,"href":"https:\/\/aem.hr\/en\/wp-json\/wp\/v2\/categories?post=5916"},{"taxonomy":"post_tag","embeddable":true,"href":"https:\/\/aem.hr\/en\/wp-json\/wp\/v2\/tags?post=5916"}],"curies":[{"name":"wp","href":"https:\/\/api.w.org\/{rel}","templated":true}]}}