{"id":6050,"date":"2020-02-10T15:01:42","date_gmt":"2020-02-10T14:01:42","guid":{"rendered":"http:\/\/aem.hr\/?p=6050"},"modified":"2020-02-10T15:01:44","modified_gmt":"2020-02-10T14:01:44","slug":"obavijest-o-promjeni-mjesta-i-termina-odrzavanja-osme-radionice-u-sklopu-projekta-edukacije-pruzatelja-elektronickih-medija-split","status":"publish","type":"post","link":"https:\/\/aem.hr\/en\/blog\/2020\/02\/10\/obavijest-o-promjeni-mjesta-i-termina-odrzavanja-osme-radionice-u-sklopu-projekta-edukacije-pruzatelja-elektronickih-medija-split\/","title":{"rendered":"Obavijest o promjeni mjesta i termina odr\u017eavanja osme radionice u sklopu projekta edukacije pru\u017eatelja elektroni\u010dkih medija \u2013 Split"},"content":{"rendered":"\n<p>Obavje\u0161tavamo zainteresirane da je iz tehni\u010dkih razloga\nodgo\u0111ena Radionica u sklopu projekta edukacije pru\u017eatelja elektroni\u010dkih medija\nkoja se trebala odr\u017eati u Rijeci, 15. velja\u010de 2020. godine, na temu Kultura i\nba\u0161tina. Navedena Radionica bit \u0107e odr\u017eana u drugom terminu, o \u010demu \u0107ete biti\nnaknadno obavije\u0161teni. <\/p>\n\n\n\n<p>Umjesto toga, osma radionica bit \u0107e odr\u017eana u Splitu, u subotu\u00a0 22. velja\u010de 2020. godine na temu Odgoj i obrazovanje.\u00a0 Detalji su navedeni u Pozivu i Agendi. <\/p>\n\n\n\n<div class=\"wp-block-file\"><a href=\"https:\/\/aem.hr\/wp-content\/uploads\/2020\/02\/Poziv-8.-radionica-Odgoj-i-obrazovanje-Split-22.-velja\u010de-2020.pdf\">Poziv 8. radionica Odgoj i obrazovanje &#8211; Split, 22. velja\u010de 2020.<\/a><a href=\"https:\/\/aem.hr\/wp-content\/uploads\/2020\/02\/Poziv-8.-radionica-Odgoj-i-obrazovanje-Split-22.-velja\u010de-2020.pdf\" class=\"wp-block-file__button\" download>Preuzimanje<\/a><\/div>\n\n\n\n<div class=\"wp-block-file\"><a href=\"https:\/\/aem.hr\/wp-content\/uploads\/2020\/02\/Agenda-8.-radionice-Odgoj-i-obrazovanje-Split-22.-velja\u010de-2020.pdf\">Agenda 8. radionice Odgoj i obrazovanje &#8211; Split, 22. velja\u010de 2020.<\/a><a href=\"https:\/\/aem.hr\/wp-content\/uploads\/2020\/02\/Agenda-8.-radionice-Odgoj-i-obrazovanje-Split-22.-velja\u010de-2020.pdf\" class=\"wp-block-file__button\" download>Preuzimanje<\/a><\/div>\n","protected":false},"excerpt":{"rendered":"<p>Obavje\u0161tavamo zainteresirane da je iz tehni\u010dkih razloga odgo\u0111ena Radionica u sklopu projekta edukacije pru\u017eatelja elektroni\u010dkih medija koja se trebala odr\u017eati u Rijeci, 15. velja\u010de 2020. godine, na temu Kultura i ba\u0161tina. Navedena Radionica bit \u0107e odr\u017eana u drugom terminu, o \u010demu \u0107ete biti naknadno obavije\u0161teni. Umjesto toga, osma radionica bit \u0107e odr\u017eana u Splitu, u [&hellip;]<\/p>\n","protected":false},"author":18,"featured_media":4620,"comment_status":"closed","ping_status":"closed","sticky":false,"template":"","format":"standard","meta":{"_acf_changed":false,"inline_featured_image":false,"advgb_blocks_editor_width":"","advgb_blocks_columns_visual_guide":"","_links_to":"","_links_to_type":0,"footnotes":""},"categories":[89,5],"tags":[],"class_list":["post-6050","post","type-post","status-publish","format-standard","has-post-thumbnail","hentry","category-fond-za-pluralizam","category-vijesti"],"acf":[],"yoast_head":"<!-- This site is optimized with the Yoast SEO plugin v25.7 - https:\/\/yoast.com\/wordpress\/plugins\/seo\/ -->\n<title>Obavijest o promjeni mjesta i termina odr\u017eavanja osme radionice u sklopu projekta edukacije pru\u017eatelja elektroni\u010dkih medija \u2013 Split - Agencija za elektroni\u010dke medije<\/title>\n<meta name=\"robots\" content=\"index, follow, max-snippet:-1, max-image-preview:large, max-video-preview:-1\" \/>\n<link rel=\"canonical\" href=\"https:\/\/aem.hr\/blog\/2020\/02\/10\/obavijest-o-promjeni-mjesta-i-termina-odrzavanja-osme-radionice-u-sklopu-projekta-edukacije-pruzatelja-elektronickih-medija-split\/\" \/>\n<meta property=\"og:locale\" content=\"en_US\" \/>\n<meta property=\"og:type\" content=\"article\" \/>\n<meta property=\"og:title\" content=\"Obavijest o promjeni mjesta i termina odr\u017eavanja osme radionice u sklopu projekta edukacije pru\u017eatelja elektroni\u010dkih medija \u2013 Split - Agencija za elektroni\u010dke medije\" \/>\n<meta property=\"og:description\" content=\"Obavje\u0161tavamo zainteresirane da je iz tehni\u010dkih razloga odgo\u0111ena Radionica u sklopu projekta edukacije pru\u017eatelja elektroni\u010dkih medija koja se trebala odr\u017eati u Rijeci, 15. velja\u010de 2020. godine, na temu Kultura i ba\u0161tina. Navedena Radionica bit \u0107e odr\u017eana u drugom terminu, o \u010demu \u0107ete biti naknadno obavije\u0161teni. Umjesto toga, osma radionica bit \u0107e odr\u017eana u Splitu, u [&hellip;]\" \/>\n<meta property=\"og:url\" content=\"https:\/\/aem.hr\/blog\/2020\/02\/10\/obavijest-o-promjeni-mjesta-i-termina-odrzavanja-osme-radionice-u-sklopu-projekta-edukacije-pruzatelja-elektronickih-medija-split\/\" \/>\n<meta property=\"og:site_name\" content=\"Agencija za elektroni\u010dke medije\" \/>\n<meta property=\"article:published_time\" content=\"2020-02-10T14:01:42+00:00\" \/>\n<meta property=\"article:modified_time\" content=\"2020-02-10T14:01:44+00:00\" \/>\n<meta property=\"og:image\" content=\"https:\/\/aem.hr\/wp-content\/uploads\/2019\/02\/fountain-pen-ink-pen-business-document-writing.jpg\" \/>\n\t<meta property=\"og:image:width\" content=\"800\" \/>\n\t<meta property=\"og:image:height\" content=\"532\" \/>\n\t<meta property=\"og:image:type\" content=\"image\/jpeg\" \/>\n<meta name=\"author\" content=\"Matko Kirac\" \/>\n<meta name=\"twitter:card\" content=\"summary_large_image\" \/>\n<meta name=\"twitter:label1\" content=\"Written by\" \/>\n\t<meta name=\"twitter:data1\" content=\"Matko Kirac\" \/>\n\t<meta name=\"twitter:label2\" content=\"Est. reading time\" \/>\n\t<meta name=\"twitter:data2\" content=\"1 minute\" \/>\n<script type=\"application\/ld+json\" class=\"yoast-schema-graph\">{\"@context\":\"https:\/\/schema.org\",\"@graph\":[{\"@type\":\"WebPage\",\"@id\":\"https:\/\/aem.hr\/blog\/2020\/02\/10\/obavijest-o-promjeni-mjesta-i-termina-odrzavanja-osme-radionice-u-sklopu-projekta-edukacije-pruzatelja-elektronickih-medija-split\/\",\"url\":\"https:\/\/aem.hr\/blog\/2020\/02\/10\/obavijest-o-promjeni-mjesta-i-termina-odrzavanja-osme-radionice-u-sklopu-projekta-edukacije-pruzatelja-elektronickih-medija-split\/\",\"name\":\"Obavijest o promjeni mjesta i termina odr\u017eavanja osme radionice u sklopu projekta edukacije pru\u017eatelja elektroni\u010dkih medija \u2013 Split - Agencija za elektroni\u010dke medije\",\"isPartOf\":{\"@id\":\"https:\/\/aem.hr\/#website\"},\"primaryImageOfPage\":{\"@id\":\"https:\/\/aem.hr\/blog\/2020\/02\/10\/obavijest-o-promjeni-mjesta-i-termina-odrzavanja-osme-radionice-u-sklopu-projekta-edukacije-pruzatelja-elektronickih-medija-split\/#primaryimage\"},\"image\":{\"@id\":\"https:\/\/aem.hr\/blog\/2020\/02\/10\/obavijest-o-promjeni-mjesta-i-termina-odrzavanja-osme-radionice-u-sklopu-projekta-edukacije-pruzatelja-elektronickih-medija-split\/#primaryimage\"},\"thumbnailUrl\":\"https:\/\/aem.hr\/wp-content\/uploads\/2019\/02\/fountain-pen-ink-pen-business-document-writing.jpg\",\"datePublished\":\"2020-02-10T14:01:42+00:00\",\"dateModified\":\"2020-02-10T14:01:44+00:00\",\"author\":{\"@id\":\"https:\/\/aem.hr\/#\/schema\/person\/c100d12574f2ef4fe03266d61bfc55e1\"},\"breadcrumb\":{\"@id\":\"https:\/\/aem.hr\/blog\/2020\/02\/10\/obavijest-o-promjeni-mjesta-i-termina-odrzavanja-osme-radionice-u-sklopu-projekta-edukacije-pruzatelja-elektronickih-medija-split\/#breadcrumb\"},\"inLanguage\":\"en-US\",\"potentialAction\":[{\"@type\":\"ReadAction\",\"target\":[\"https:\/\/aem.hr\/blog\/2020\/02\/10\/obavijest-o-promjeni-mjesta-i-termina-odrzavanja-osme-radionice-u-sklopu-projekta-edukacije-pruzatelja-elektronickih-medija-split\/\"]}]},{\"@type\":\"ImageObject\",\"inLanguage\":\"en-US\",\"@id\":\"https:\/\/aem.hr\/blog\/2020\/02\/10\/obavijest-o-promjeni-mjesta-i-termina-odrzavanja-osme-radionice-u-sklopu-projekta-edukacije-pruzatelja-elektronickih-medija-split\/#primaryimage\",\"url\":\"https:\/\/aem.hr\/wp-content\/uploads\/2019\/02\/fountain-pen-ink-pen-business-document-writing.jpg\",\"contentUrl\":\"https:\/\/aem.hr\/wp-content\/uploads\/2019\/02\/fountain-pen-ink-pen-business-document-writing.jpg\",\"width\":800,\"height\":532},{\"@type\":\"BreadcrumbList\",\"@id\":\"https:\/\/aem.hr\/blog\/2020\/02\/10\/obavijest-o-promjeni-mjesta-i-termina-odrzavanja-osme-radionice-u-sklopu-projekta-edukacije-pruzatelja-elektronickih-medija-split\/#breadcrumb\",\"itemListElement\":[{\"@type\":\"ListItem\",\"position\":1,\"name\":\"Po\u010detna stranica\",\"item\":\"https:\/\/aem.hr\/\"},{\"@type\":\"ListItem\",\"position\":2,\"name\":\"Obavijest o promjeni mjesta i termina odr\u017eavanja osme radionice u sklopu projekta edukacije pru\u017eatelja elektroni\u010dkih medija \u2013 Split\"}]},{\"@type\":\"WebSite\",\"@id\":\"https:\/\/aem.hr\/#website\",\"url\":\"https:\/\/aem.hr\/\",\"name\":\"Agencija za elektroni\u010dke medije\",\"description\":\"\",\"potentialAction\":[{\"@type\":\"SearchAction\",\"target\":{\"@type\":\"EntryPoint\",\"urlTemplate\":\"https:\/\/aem.hr\/?s={search_term_string}\"},\"query-input\":{\"@type\":\"PropertyValueSpecification\",\"valueRequired\":true,\"valueName\":\"search_term_string\"}}],\"inLanguage\":\"en-US\"},{\"@type\":\"Person\",\"@id\":\"https:\/\/aem.hr\/#\/schema\/person\/c100d12574f2ef4fe03266d61bfc55e1\",\"name\":\"Matko Kirac\",\"url\":\"https:\/\/aem.hr\/en\/blog\/author\/mkirac\/\"}]}<\/script>\n<!-- \/ Yoast SEO plugin. -->","yoast_head_json":{"title":"Obavijest o promjeni mjesta i termina odr\u017eavanja osme radionice u sklopu projekta edukacije pru\u017eatelja elektroni\u010dkih medija \u2013 Split - Agencija za elektroni\u010dke medije","robots":{"index":"index","follow":"follow","max-snippet":"max-snippet:-1","max-image-preview":"max-image-preview:large","max-video-preview":"max-video-preview:-1"},"canonical":"https:\/\/aem.hr\/blog\/2020\/02\/10\/obavijest-o-promjeni-mjesta-i-termina-odrzavanja-osme-radionice-u-sklopu-projekta-edukacije-pruzatelja-elektronickih-medija-split\/","og_locale":"en_US","og_type":"article","og_title":"Obavijest o promjeni mjesta i termina odr\u017eavanja osme radionice u sklopu projekta edukacije pru\u017eatelja elektroni\u010dkih medija \u2013 Split - Agencija za elektroni\u010dke medije","og_description":"Obavje\u0161tavamo zainteresirane da je iz tehni\u010dkih razloga odgo\u0111ena Radionica u sklopu projekta edukacije pru\u017eatelja elektroni\u010dkih medija koja se trebala odr\u017eati u Rijeci, 15. velja\u010de 2020. godine, na temu Kultura i ba\u0161tina. Navedena Radionica bit \u0107e odr\u017eana u drugom terminu, o \u010demu \u0107ete biti naknadno obavije\u0161teni. Umjesto toga, osma radionica bit \u0107e odr\u017eana u Splitu, u [&hellip;]","og_url":"https:\/\/aem.hr\/blog\/2020\/02\/10\/obavijest-o-promjeni-mjesta-i-termina-odrzavanja-osme-radionice-u-sklopu-projekta-edukacije-pruzatelja-elektronickih-medija-split\/","og_site_name":"Agencija za elektroni\u010dke medije","article_published_time":"2020-02-10T14:01:42+00:00","article_modified_time":"2020-02-10T14:01:44+00:00","og_image":[{"width":800,"height":532,"url":"https:\/\/aem.hr\/wp-content\/uploads\/2019\/02\/fountain-pen-ink-pen-business-document-writing.jpg","type":"image\/jpeg"}],"author":"Matko Kirac","twitter_card":"summary_large_image","twitter_misc":{"Written by":"Matko Kirac","Est. reading time":"1 minute"},"schema":{"@context":"https:\/\/schema.org","@graph":[{"@type":"WebPage","@id":"https:\/\/aem.hr\/blog\/2020\/02\/10\/obavijest-o-promjeni-mjesta-i-termina-odrzavanja-osme-radionice-u-sklopu-projekta-edukacije-pruzatelja-elektronickih-medija-split\/","url":"https:\/\/aem.hr\/blog\/2020\/02\/10\/obavijest-o-promjeni-mjesta-i-termina-odrzavanja-osme-radionice-u-sklopu-projekta-edukacije-pruzatelja-elektronickih-medija-split\/","name":"Obavijest o promjeni mjesta i termina odr\u017eavanja osme radionice u sklopu projekta edukacije pru\u017eatelja elektroni\u010dkih medija \u2013 Split - Agencija za elektroni\u010dke medije","isPartOf":{"@id":"https:\/\/aem.hr\/#website"},"primaryImageOfPage":{"@id":"https:\/\/aem.hr\/blog\/2020\/02\/10\/obavijest-o-promjeni-mjesta-i-termina-odrzavanja-osme-radionice-u-sklopu-projekta-edukacije-pruzatelja-elektronickih-medija-split\/#primaryimage"},"image":{"@id":"https:\/\/aem.hr\/blog\/2020\/02\/10\/obavijest-o-promjeni-mjesta-i-termina-odrzavanja-osme-radionice-u-sklopu-projekta-edukacije-pruzatelja-elektronickih-medija-split\/#primaryimage"},"thumbnailUrl":"https:\/\/aem.hr\/wp-content\/uploads\/2019\/02\/fountain-pen-ink-pen-business-document-writing.jpg","datePublished":"2020-02-10T14:01:42+00:00","dateModified":"2020-02-10T14:01:44+00:00","author":{"@id":"https:\/\/aem.hr\/#\/schema\/person\/c100d12574f2ef4fe03266d61bfc55e1"},"breadcrumb":{"@id":"https:\/\/aem.hr\/blog\/2020\/02\/10\/obavijest-o-promjeni-mjesta-i-termina-odrzavanja-osme-radionice-u-sklopu-projekta-edukacije-pruzatelja-elektronickih-medija-split\/#breadcrumb"},"inLanguage":"en-US","potentialAction":[{"@type":"ReadAction","target":["https:\/\/aem.hr\/blog\/2020\/02\/10\/obavijest-o-promjeni-mjesta-i-termina-odrzavanja-osme-radionice-u-sklopu-projekta-edukacije-pruzatelja-elektronickih-medija-split\/"]}]},{"@type":"ImageObject","inLanguage":"en-US","@id":"https:\/\/aem.hr\/blog\/2020\/02\/10\/obavijest-o-promjeni-mjesta-i-termina-odrzavanja-osme-radionice-u-sklopu-projekta-edukacije-pruzatelja-elektronickih-medija-split\/#primaryimage","url":"https:\/\/aem.hr\/wp-content\/uploads\/2019\/02\/fountain-pen-ink-pen-business-document-writing.jpg","contentUrl":"https:\/\/aem.hr\/wp-content\/uploads\/2019\/02\/fountain-pen-ink-pen-business-document-writing.jpg","width":800,"height":532},{"@type":"BreadcrumbList","@id":"https:\/\/aem.hr\/blog\/2020\/02\/10\/obavijest-o-promjeni-mjesta-i-termina-odrzavanja-osme-radionice-u-sklopu-projekta-edukacije-pruzatelja-elektronickih-medija-split\/#breadcrumb","itemListElement":[{"@type":"ListItem","position":1,"name":"Po\u010detna stranica","item":"https:\/\/aem.hr\/"},{"@type":"ListItem","position":2,"name":"Obavijest o promjeni mjesta i termina odr\u017eavanja osme radionice u sklopu projekta edukacije pru\u017eatelja elektroni\u010dkih medija \u2013 Split"}]},{"@type":"WebSite","@id":"https:\/\/aem.hr\/#website","url":"https:\/\/aem.hr\/","name":"Agencija za elektroni\u010dke medije","description":"","potentialAction":[{"@type":"SearchAction","target":{"@type":"EntryPoint","urlTemplate":"https:\/\/aem.hr\/?s={search_term_string}"},"query-input":{"@type":"PropertyValueSpecification","valueRequired":true,"valueName":"search_term_string"}}],"inLanguage":"en-US"},{"@type":"Person","@id":"https:\/\/aem.hr\/#\/schema\/person\/c100d12574f2ef4fe03266d61bfc55e1","name":"Matko Kirac","url":"https:\/\/aem.hr\/en\/blog\/author\/mkirac\/"}]}},"author_meta":{"display_name":"Matko Kirac","author_link":"https:\/\/aem.hr\/en\/blog\/author\/mkirac\/"},"featured_img":"https:\/\/aem.hr\/wp-content\/uploads\/2019\/02\/fountain-pen-ink-pen-business-document-writing-300x200.jpg","coauthors":[],"tax_additional":{"categories":{"linked":["<a href=\"https:\/\/aem.hr\/en\/kategorija\/fond-za-pluralizam\/\" class=\"advgb-post-tax-term\">Fond za pluralizam<\/a>","<a href=\"https:\/\/aem.hr\/en\/kategorija\/vijesti\/\" class=\"advgb-post-tax-term\">Vijesti<\/a>"],"unlinked":["<span class=\"advgb-post-tax-term\">Fond za pluralizam<\/span>","<span class=\"advgb-post-tax-term\">Vijesti<\/span>"]}},"comment_count":"0","relative_dates":{"created":"Posted 6 years ago","modified":"Updated 6 years ago"},"absolute_dates":{"created":"Posted on 10. February 2020.","modified":"Updated on 10. February 2020."},"absolute_dates_time":{"created":"Posted on 10. February 2020. 15:01","modified":"Updated on 10. February 2020. 15:01"},"featured_img_caption":"","series_order":"","_links":{"self":[{"href":"https:\/\/aem.hr\/en\/wp-json\/wp\/v2\/posts\/6050","targetHints":{"allow":["GET"]}}],"collection":[{"href":"https:\/\/aem.hr\/en\/wp-json\/wp\/v2\/posts"}],"about":[{"href":"https:\/\/aem.hr\/en\/wp-json\/wp\/v2\/types\/post"}],"author":[{"embeddable":true,"href":"https:\/\/aem.hr\/en\/wp-json\/wp\/v2\/users\/18"}],"replies":[{"embeddable":true,"href":"https:\/\/aem.hr\/en\/wp-json\/wp\/v2\/comments?post=6050"}],"version-history":[{"count":1,"href":"https:\/\/aem.hr\/en\/wp-json\/wp\/v2\/posts\/6050\/revisions"}],"predecessor-version":[{"id":6053,"href":"https:\/\/aem.hr\/en\/wp-json\/wp\/v2\/posts\/6050\/revisions\/6053"}],"wp:featuredmedia":[{"embeddable":true,"href":"https:\/\/aem.hr\/en\/wp-json\/wp\/v2\/media\/4620"}],"wp:attachment":[{"href":"https:\/\/aem.hr\/en\/wp-json\/wp\/v2\/media?parent=6050"}],"wp:term":[{"taxonomy":"category","embeddable":true,"href":"https:\/\/aem.hr\/en\/wp-json\/wp\/v2\/categories?post=6050"},{"taxonomy":"post_tag","embeddable":true,"href":"https:\/\/aem.hr\/en\/wp-json\/wp\/v2\/tags?post=6050"}],"curies":[{"name":"wp","href":"https:\/\/api.w.org\/{rel}","templated":true}]}}