{"id":6103,"date":"2020-02-25T15:20:38","date_gmt":"2020-02-25T14:20:38","guid":{"rendered":"http:\/\/aem.hr\/?p=6103"},"modified":"2020-02-26T11:56:18","modified_gmt":"2020-02-26T10:56:18","slug":"portal-zene-i-mediji-potpisan-sporazum-o-suradnji-izmedu-agencije-za-elektronicke-medije-i-sredisnjeg-drzavnog-ureda-za-razvoj-digitalnog-drustva","status":"publish","type":"post","link":"https:\/\/aem.hr\/en\/blog\/2020\/02\/25\/portal-zene-i-mediji-potpisan-sporazum-o-suradnji-izmedu-agencije-za-elektronicke-medije-i-sredisnjeg-drzavnog-ureda-za-razvoj-digitalnog-drustva\/","title":{"rendered":"Portal \u017dene i mediji: Potpisan Sporazum o suradnji izme\u0111u Agencije za elektroni\u010dke medije i Sredi\u0161njeg dr\u017eavnog ureda za razvoj digitalnog dru\u0161tva"},"content":{"rendered":"\n<p>U prostorijama Agencije za elektroni\u010dke medije danas je\npotpisan Sporazum o suradnji na portalu <em>\u017dene i mediji <\/em>sa Sredi\u0161njim\nuredom za razvoj digitalnog dru\u0161tva. Sporazum su potpisali Josip Popovac,\nravnatelj Agencije i predsjednik Vije\u0107a za elektroni\u010dke medije te Bernard\nGr\u0161i\u0107, dr\u017eavni tajnik u Sredi\u0161njem dr\u017eavnom uredu za razvoj digitalnog dru\u0161tva.\n<\/p>\n\n\n\n<p>Portal <a href=\"http:\/\/www.zeneimediji.hr\">www.zeneimediji.hr<\/a> dio je istoimenog projekta kojim\nAgencija i Vije\u0107e za elektroni\u010dke medije nastoje pridonijeti osvje\u0161\u0107ivanju\njavnosti i medija o spomenutoj tematici uklju\u010divanjem svih klju\u010dnih dionika. <\/p>\n\n\n\n<p>Ovom je prigodom Josip Popovac po\u017eelio Sredi\u0161njem dr\u017eavnom\nuredu za razvoj digitalnog dru\u0161tva srda\u010dnu dobrodo\u0161licu u krug partnera na\nportalu <em>\u017dene i mediji<\/em> istaknuv\u0161i novu dimenziju suradnje dvije\npartnerske institucije \u2013 zajedni\u010dki rad na jednoj od najaktualnijih tema\ndana\u0161njice \u2013 polo\u017eaju \u017eena u suvremenom dru\u0161tvu. \u201eVelika posje\u0107enost portala <em>\u017dene\ni mediji <\/em>ukazuje na va\u017enost ove teme i odli\u010dnu suradnju sa svim dionicima i\npartnerima u projektu. Portal je od po\u010detka prepoznao va\u017enost tema digitalnog\nosna\u017eivanja djevoj\u010dica i \u017eena te su do sada objavljeni brojni \u010dlanci s ovom\ntematikom. Pored toga, u va\u017enu dokumentaciju vezanu uz osna\u017eivanje polo\u017eaja\n\u017eena u dru\u0161tvu uvr\u0161tena je &nbsp;i ona vezana\nuz digitalno podru\u010dje.&nbsp;Suradnjom sa Sredi\u0161njim dr\u017eavnim uredom za razvoj\ndigitalnog dru\u0161tva ta \u0107e dimenzija teme kojom se bavimo dobiti dodatan\nnaglasak\u201c, kazao je Popovac. <\/p>\n\n\n\n<p>Dr\u017eavni tajnik Bernard Gr\u0161i\u0107 istaknuo je va\u017enost aktivnog\nsudjelovanja \u017eena u oblikovanju suvremenog dru\u0161tva. &#8220;\u017dene \u010dine vi\u0161e od\npolovice europskog stanovni\u0161tva, ali samo oko 17% ICT \u010dine \u017eene. Aktivno\nsudjelovanje \u017eena klju\u010dno je za oblikovanje odr\u017eivog, po\u0161tenog i pravednog\ndigitalnog gospodarstva i dru\u0161tva. U tom ozra\u010dju, \u017eelim istaknuti kako\nSredi\u0161nji dr\u017eavni ured za razvoj digitalnog dru\u0161tva podr\u017eava inicijativu\nosna\u017eivanja i informiranja \u017eena te pou\u010davanja i podizanja svijesti svih\ngra\u0111ana, javnih osoba, kreatora javnih politika, civilnog dru\u0161tva i posebno\nmedija o pitanjima polo\u017eaja \u017eena u dru\u0161tvu. SDURDD u skladu s obvezama koje proizlaze\niz Deklaracije o posve\u0107enosti pitanju \u017eena u digitalnom svijetu, provodi\nkampanju kojom se \u017eeli posti\u0107i ravnopravniji polo\u017eaj \u017eena u IKT industriji.\nDrago mi je da se na ovakav na\u010din nastavlja kvalitetna suradnja izme\u0111u\nSredi\u0161njeg dr\u017eavnog ureda za razvoj digitalnog dru\u0161tva i Agencije za\nelektroni\u010dke medije&#8221;, rekao je izme\u0111u ostaloga Gr\u0161i\u0107. <\/p>\n\n\n\n<p>Sredi\u0161nji dr\u017eavni ured za razvoj digitalnog dru\u0161tva dvanaesta\nje partnerska organizacija u ovom projektu. Ostali partneri projekta su Pravobraniteljica\nza ravnopravnost spolova, Pu\u010dka pravobraniteljica, Ured za ravnopravnost\nspolova, Ministarstvo za demografiju, obitelj, mlade i socijalnu politiku,\nSredi\u0161nji dr\u017eavni ured za sport, Hrvatski olimpijski odbor, Hrvatska udruga\nposlodavaca, Hrvatsko dru\u0161tvo dramskih umjetnika, Udruga B.a.B.e., \u017denska soba\n\u2013 Centar za seksualna prava, Caritas te druge organizacije i pojedinci.<\/p>\n\n\n\n<p>Do sada je u sklopu projekta <em>\u017dene i mediji<\/em> u suradnji s Hrvatskim olimpijskim odborom i Uredom za ravnopravnost spolova Republike Hrvatske, pod pokroviteljstvom Sredi\u0161njeg dr\u017eavnog ureda za \u0161port pokrenuta kampanja\u00a0<em>Za ve\u0107u vidljivost \u017eenskog sporta u elektroni\u010dkim medijima\u00a0<\/em>koja je uklju\u010divala radijske i televizijske spotove namijenjene podizanju razine svijesti o va\u017enosti \u017eenskog sporta i njegovoj podzastupljenosti u medijima, izra\u0111ena je\u00a0<em>Analiza medijskog tretmana rodnog nasilja u Hrvatskoj na trima nacionalnim televizijama\u00a0<\/em>te\u00a0<em>Preporuke za bolje pra\u0107enje \u017eenskog sporta u elektroni\u010dkim medijima.\u00a0<\/em>Facebook profil\u00a0<em>\u017dene i mediji\u00a0<\/em>pokrenut je prije dvije godine te broji oko \u010detiri tisu\u0107e pratitelja. Projekt \u017dene i mediji ima i ve\u017enu me\u0111unarodnu dimenziju, s obzirom da je zapo\u010deo u sklopu aktivnosti radne skupine\u00a0<em>\u017dene i rod\u00a0<\/em>Mediteranske mre\u017ee regulatornih tijela (MNRA). Me\u0111utim, zna\u010dajno je prerastao taj okvir i danas je primjer i uzor drugim regulatorima u pristupu tematici polo\u017eaja \u017eena u dru\u0161tvu. <\/p>\n\n\n\n<p>_<\/p>\n\n\n\n<figure class=\"wp-block-gallery columns-3 is-cropped wp-block-gallery-1\"><ul class=\"blocks-gallery-grid\"><li class=\"blocks-gallery-item\"><figure><img loading=\"lazy\" decoding=\"async\" width=\"960\" height=\"720\" src=\"https:\/\/aem.hr\/wp-content\/uploads\/2020\/02\/IMG_0357.png\" alt=\"\" data-id=\"6111\" data-full-url=\"https:\/\/aem.hr\/wp-content\/uploads\/2020\/02\/IMG_0357.png\" data-link=\"http:\/\/aem.hr\/vijesti\/portal-zene-i-mediji-potpisan-sporazum-o-suradnji-izmedu-agencije-za-elektronicke-medije-i-sredisnjeg-drzavnog-ureda-za-razvoj-digitalnog-drustva\/attachment\/img_0357\/\" class=\"wp-image-6111\" srcset=\"https:\/\/aem.hr\/wp-content\/uploads\/2020\/02\/IMG_0357.png 960w, https:\/\/aem.hr\/wp-content\/uploads\/2020\/02\/IMG_0357-300x225.png 300w, https:\/\/aem.hr\/wp-content\/uploads\/2020\/02\/IMG_0357-768x576.png 768w, https:\/\/aem.hr\/wp-content\/uploads\/2020\/02\/IMG_0357-200x150.png 200w\" sizes=\"auto, (max-width: 960px) 100vw, 960px\" \/><\/figure><\/li><li class=\"blocks-gallery-item\"><figure><img loading=\"lazy\" decoding=\"async\" width=\"960\" height=\"720\" src=\"https:\/\/aem.hr\/wp-content\/uploads\/2020\/02\/IMG_0366.png\" alt=\"\" data-id=\"6110\" data-full-url=\"https:\/\/aem.hr\/wp-content\/uploads\/2020\/02\/IMG_0366.png\" data-link=\"http:\/\/aem.hr\/vijesti\/portal-zene-i-mediji-potpisan-sporazum-o-suradnji-izmedu-agencije-za-elektronicke-medije-i-sredisnjeg-drzavnog-ureda-za-razvoj-digitalnog-drustva\/attachment\/img_0366\/\" class=\"wp-image-6110\" srcset=\"https:\/\/aem.hr\/wp-content\/uploads\/2020\/02\/IMG_0366.png 960w, https:\/\/aem.hr\/wp-content\/uploads\/2020\/02\/IMG_0366-300x225.png 300w, https:\/\/aem.hr\/wp-content\/uploads\/2020\/02\/IMG_0366-768x576.png 768w, https:\/\/aem.hr\/wp-content\/uploads\/2020\/02\/IMG_0366-200x150.png 200w\" sizes=\"auto, (max-width: 960px) 100vw, 960px\" \/><\/figure><\/li><li class=\"blocks-gallery-item\"><figure><img loading=\"lazy\" decoding=\"async\" width=\"960\" height=\"720\" src=\"https:\/\/aem.hr\/wp-content\/uploads\/2020\/02\/IMG_0363.png\" alt=\"\" data-id=\"6109\" data-full-url=\"https:\/\/aem.hr\/wp-content\/uploads\/2020\/02\/IMG_0363.png\" data-link=\"http:\/\/aem.hr\/vijesti\/portal-zene-i-mediji-potpisan-sporazum-o-suradnji-izmedu-agencije-za-elektronicke-medije-i-sredisnjeg-drzavnog-ureda-za-razvoj-digitalnog-drustva\/attachment\/img_0363\/\" class=\"wp-image-6109 is-layout-flex wp-block-gallery-is-layout-flex\" srcset=\"https:\/\/aem.hr\/wp-content\/uploads\/2020\/02\/IMG_0363.png 960w, https:\/\/aem.hr\/wp-content\/uploads\/2020\/02\/IMG_0363-300x225.png 300w, https:\/\/aem.hr\/wp-content\/uploads\/2020\/02\/IMG_0363-768x576.png 768w, https:\/\/aem.hr\/wp-content\/uploads\/2020\/02\/IMG_0363-200x150.png 200w\" sizes=\"auto, (max-width: 960px) 100vw, 960px\" \/><\/figure><\/li><\/ul><\/figure>\n","protected":false},"excerpt":{"rendered":"<p>U prostorijama Agencije za elektroni\u010dke medije danas je potpisan Sporazum o suradnji na portalu \u017dene i mediji sa Sredi\u0161njim uredom za razvoj digitalnog dru\u0161tva. Sporazum su potpisali Josip Popovac, ravnatelj Agencije i predsjednik Vije\u0107a za elektroni\u010dke medije te Bernard Gr\u0161i\u0107, dr\u017eavni tajnik u Sredi\u0161njem dr\u017eavnom uredu za razvoj digitalnog dru\u0161tva. Portal www.zeneimediji.hr dio je istoimenog [&hellip;]<\/p>\n","protected":false},"author":18,"featured_media":6112,"comment_status":"closed","ping_status":"closed","sticky":false,"template":"","format":"standard","meta":{"_acf_changed":false,"inline_featured_image":false,"advgb_blocks_editor_width":"","advgb_blocks_columns_visual_guide":"","_links_to":"","_links_to_type":0,"footnotes":""},"categories":[5],"tags":[],"class_list":["post-6103","post","type-post","status-publish","format-standard","has-post-thumbnail","hentry","category-vijesti"],"acf":[],"yoast_head":"<!-- This site is optimized with the Yoast SEO plugin v25.7 - https:\/\/yoast.com\/wordpress\/plugins\/seo\/ -->\n<title>Portal \u017dene i mediji: Potpisan Sporazum o suradnji izme\u0111u Agencije za elektroni\u010dke medije i Sredi\u0161njeg dr\u017eavnog ureda za razvoj digitalnog dru\u0161tva - Agencija za elektroni\u010dke medije<\/title>\n<meta name=\"robots\" content=\"index, follow, max-snippet:-1, max-image-preview:large, max-video-preview:-1\" \/>\n<link rel=\"canonical\" href=\"https:\/\/aem.hr\/blog\/2020\/02\/25\/portal-zene-i-mediji-potpisan-sporazum-o-suradnji-izmedu-agencije-za-elektronicke-medije-i-sredisnjeg-drzavnog-ureda-za-razvoj-digitalnog-drustva\/\" \/>\n<meta property=\"og:locale\" content=\"en_US\" \/>\n<meta property=\"og:type\" content=\"article\" \/>\n<meta property=\"og:title\" content=\"Portal \u017dene i mediji: Potpisan Sporazum o suradnji izme\u0111u Agencije za elektroni\u010dke medije i Sredi\u0161njeg dr\u017eavnog ureda za razvoj digitalnog dru\u0161tva - Agencija za elektroni\u010dke medije\" \/>\n<meta property=\"og:description\" content=\"U prostorijama Agencije za elektroni\u010dke medije danas je potpisan Sporazum o suradnji na portalu \u017dene i mediji sa Sredi\u0161njim uredom za razvoj digitalnog dru\u0161tva. Sporazum su potpisali Josip Popovac, ravnatelj Agencije i predsjednik Vije\u0107a za elektroni\u010dke medije te Bernard Gr\u0161i\u0107, dr\u017eavni tajnik u Sredi\u0161njem dr\u017eavnom uredu za razvoj digitalnog dru\u0161tva. Portal www.zeneimediji.hr dio je istoimenog [&hellip;]\" \/>\n<meta property=\"og:url\" content=\"https:\/\/aem.hr\/blog\/2020\/02\/25\/portal-zene-i-mediji-potpisan-sporazum-o-suradnji-izmedu-agencije-za-elektronicke-medije-i-sredisnjeg-drzavnog-ureda-za-razvoj-digitalnog-drustva\/\" \/>\n<meta property=\"og:site_name\" content=\"Agencija za elektroni\u010dke medije\" \/>\n<meta property=\"article:published_time\" content=\"2020-02-25T14:20:38+00:00\" \/>\n<meta property=\"article:modified_time\" content=\"2020-02-26T10:56:18+00:00\" \/>\n<meta property=\"og:image\" content=\"https:\/\/aem.hr\/wp-content\/uploads\/2020\/02\/IMG_0361.png\" \/>\n\t<meta property=\"og:image:width\" content=\"960\" \/>\n\t<meta property=\"og:image:height\" content=\"720\" \/>\n\t<meta property=\"og:image:type\" content=\"image\/png\" \/>\n<meta name=\"author\" content=\"Matko Kirac\" \/>\n<meta name=\"twitter:card\" content=\"summary_large_image\" \/>\n<meta name=\"twitter:label1\" content=\"Written by\" \/>\n\t<meta name=\"twitter:data1\" content=\"Matko Kirac\" \/>\n\t<meta name=\"twitter:label2\" content=\"Est. reading time\" \/>\n\t<meta name=\"twitter:data2\" content=\"3 minutes\" \/>\n<script type=\"application\/ld+json\" class=\"yoast-schema-graph\">{\"@context\":\"https:\/\/schema.org\",\"@graph\":[{\"@type\":\"WebPage\",\"@id\":\"https:\/\/aem.hr\/blog\/2020\/02\/25\/portal-zene-i-mediji-potpisan-sporazum-o-suradnji-izmedu-agencije-za-elektronicke-medije-i-sredisnjeg-drzavnog-ureda-za-razvoj-digitalnog-drustva\/\",\"url\":\"https:\/\/aem.hr\/blog\/2020\/02\/25\/portal-zene-i-mediji-potpisan-sporazum-o-suradnji-izmedu-agencije-za-elektronicke-medije-i-sredisnjeg-drzavnog-ureda-za-razvoj-digitalnog-drustva\/\",\"name\":\"Portal \u017dene i mediji: Potpisan Sporazum o suradnji izme\u0111u Agencije za elektroni\u010dke medije i Sredi\u0161njeg dr\u017eavnog ureda za razvoj digitalnog dru\u0161tva - Agencija za elektroni\u010dke medije\",\"isPartOf\":{\"@id\":\"https:\/\/aem.hr\/#website\"},\"primaryImageOfPage\":{\"@id\":\"https:\/\/aem.hr\/blog\/2020\/02\/25\/portal-zene-i-mediji-potpisan-sporazum-o-suradnji-izmedu-agencije-za-elektronicke-medije-i-sredisnjeg-drzavnog-ureda-za-razvoj-digitalnog-drustva\/#primaryimage\"},\"image\":{\"@id\":\"https:\/\/aem.hr\/blog\/2020\/02\/25\/portal-zene-i-mediji-potpisan-sporazum-o-suradnji-izmedu-agencije-za-elektronicke-medije-i-sredisnjeg-drzavnog-ureda-za-razvoj-digitalnog-drustva\/#primaryimage\"},\"thumbnailUrl\":\"https:\/\/aem.hr\/wp-content\/uploads\/2020\/02\/IMG_0361.png\",\"datePublished\":\"2020-02-25T14:20:38+00:00\",\"dateModified\":\"2020-02-26T10:56:18+00:00\",\"author\":{\"@id\":\"https:\/\/aem.hr\/#\/schema\/person\/c100d12574f2ef4fe03266d61bfc55e1\"},\"breadcrumb\":{\"@id\":\"https:\/\/aem.hr\/blog\/2020\/02\/25\/portal-zene-i-mediji-potpisan-sporazum-o-suradnji-izmedu-agencije-za-elektronicke-medije-i-sredisnjeg-drzavnog-ureda-za-razvoj-digitalnog-drustva\/#breadcrumb\"},\"inLanguage\":\"en-US\",\"potentialAction\":[{\"@type\":\"ReadAction\",\"target\":[\"https:\/\/aem.hr\/blog\/2020\/02\/25\/portal-zene-i-mediji-potpisan-sporazum-o-suradnji-izmedu-agencije-za-elektronicke-medije-i-sredisnjeg-drzavnog-ureda-za-razvoj-digitalnog-drustva\/\"]}]},{\"@type\":\"ImageObject\",\"inLanguage\":\"en-US\",\"@id\":\"https:\/\/aem.hr\/blog\/2020\/02\/25\/portal-zene-i-mediji-potpisan-sporazum-o-suradnji-izmedu-agencije-za-elektronicke-medije-i-sredisnjeg-drzavnog-ureda-za-razvoj-digitalnog-drustva\/#primaryimage\",\"url\":\"https:\/\/aem.hr\/wp-content\/uploads\/2020\/02\/IMG_0361.png\",\"contentUrl\":\"https:\/\/aem.hr\/wp-content\/uploads\/2020\/02\/IMG_0361.png\",\"width\":960,\"height\":720},{\"@type\":\"BreadcrumbList\",\"@id\":\"https:\/\/aem.hr\/blog\/2020\/02\/25\/portal-zene-i-mediji-potpisan-sporazum-o-suradnji-izmedu-agencije-za-elektronicke-medije-i-sredisnjeg-drzavnog-ureda-za-razvoj-digitalnog-drustva\/#breadcrumb\",\"itemListElement\":[{\"@type\":\"ListItem\",\"position\":1,\"name\":\"Po\u010detna stranica\",\"item\":\"https:\/\/aem.hr\/\"},{\"@type\":\"ListItem\",\"position\":2,\"name\":\"Portal \u017dene i mediji: Potpisan Sporazum o suradnji izme\u0111u Agencije za elektroni\u010dke medije i Sredi\u0161njeg dr\u017eavnog ureda za razvoj digitalnog dru\u0161tva\"}]},{\"@type\":\"WebSite\",\"@id\":\"https:\/\/aem.hr\/#website\",\"url\":\"https:\/\/aem.hr\/\",\"name\":\"Agencija za elektroni\u010dke medije\",\"description\":\"\",\"potentialAction\":[{\"@type\":\"SearchAction\",\"target\":{\"@type\":\"EntryPoint\",\"urlTemplate\":\"https:\/\/aem.hr\/?s={search_term_string}\"},\"query-input\":{\"@type\":\"PropertyValueSpecification\",\"valueRequired\":true,\"valueName\":\"search_term_string\"}}],\"inLanguage\":\"en-US\"},{\"@type\":\"Person\",\"@id\":\"https:\/\/aem.hr\/#\/schema\/person\/c100d12574f2ef4fe03266d61bfc55e1\",\"name\":\"Matko Kirac\",\"url\":\"https:\/\/aem.hr\/en\/blog\/author\/mkirac\/\"}]}<\/script>\n<!-- \/ Yoast SEO plugin. -->","yoast_head_json":{"title":"Portal \u017dene i mediji: Potpisan Sporazum o suradnji izme\u0111u Agencije za elektroni\u010dke medije i Sredi\u0161njeg dr\u017eavnog ureda za razvoj digitalnog dru\u0161tva - Agencija za elektroni\u010dke medije","robots":{"index":"index","follow":"follow","max-snippet":"max-snippet:-1","max-image-preview":"max-image-preview:large","max-video-preview":"max-video-preview:-1"},"canonical":"https:\/\/aem.hr\/blog\/2020\/02\/25\/portal-zene-i-mediji-potpisan-sporazum-o-suradnji-izmedu-agencije-za-elektronicke-medije-i-sredisnjeg-drzavnog-ureda-za-razvoj-digitalnog-drustva\/","og_locale":"en_US","og_type":"article","og_title":"Portal \u017dene i mediji: Potpisan Sporazum o suradnji izme\u0111u Agencije za elektroni\u010dke medije i Sredi\u0161njeg dr\u017eavnog ureda za razvoj digitalnog dru\u0161tva - Agencija za elektroni\u010dke medije","og_description":"U prostorijama Agencije za elektroni\u010dke medije danas je potpisan Sporazum o suradnji na portalu \u017dene i mediji sa Sredi\u0161njim uredom za razvoj digitalnog dru\u0161tva. Sporazum su potpisali Josip Popovac, ravnatelj Agencije i predsjednik Vije\u0107a za elektroni\u010dke medije te Bernard Gr\u0161i\u0107, dr\u017eavni tajnik u Sredi\u0161njem dr\u017eavnom uredu za razvoj digitalnog dru\u0161tva. Portal www.zeneimediji.hr dio je istoimenog [&hellip;]","og_url":"https:\/\/aem.hr\/blog\/2020\/02\/25\/portal-zene-i-mediji-potpisan-sporazum-o-suradnji-izmedu-agencije-za-elektronicke-medije-i-sredisnjeg-drzavnog-ureda-za-razvoj-digitalnog-drustva\/","og_site_name":"Agencija za elektroni\u010dke medije","article_published_time":"2020-02-25T14:20:38+00:00","article_modified_time":"2020-02-26T10:56:18+00:00","og_image":[{"width":960,"height":720,"url":"https:\/\/aem.hr\/wp-content\/uploads\/2020\/02\/IMG_0361.png","type":"image\/png"}],"author":"Matko Kirac","twitter_card":"summary_large_image","twitter_misc":{"Written by":"Matko Kirac","Est. reading time":"3 minutes"},"schema":{"@context":"https:\/\/schema.org","@graph":[{"@type":"WebPage","@id":"https:\/\/aem.hr\/blog\/2020\/02\/25\/portal-zene-i-mediji-potpisan-sporazum-o-suradnji-izmedu-agencije-za-elektronicke-medije-i-sredisnjeg-drzavnog-ureda-za-razvoj-digitalnog-drustva\/","url":"https:\/\/aem.hr\/blog\/2020\/02\/25\/portal-zene-i-mediji-potpisan-sporazum-o-suradnji-izmedu-agencije-za-elektronicke-medije-i-sredisnjeg-drzavnog-ureda-za-razvoj-digitalnog-drustva\/","name":"Portal \u017dene i mediji: Potpisan Sporazum o suradnji izme\u0111u Agencije za elektroni\u010dke medije i Sredi\u0161njeg dr\u017eavnog ureda za razvoj digitalnog dru\u0161tva - Agencija za elektroni\u010dke medije","isPartOf":{"@id":"https:\/\/aem.hr\/#website"},"primaryImageOfPage":{"@id":"https:\/\/aem.hr\/blog\/2020\/02\/25\/portal-zene-i-mediji-potpisan-sporazum-o-suradnji-izmedu-agencije-za-elektronicke-medije-i-sredisnjeg-drzavnog-ureda-za-razvoj-digitalnog-drustva\/#primaryimage"},"image":{"@id":"https:\/\/aem.hr\/blog\/2020\/02\/25\/portal-zene-i-mediji-potpisan-sporazum-o-suradnji-izmedu-agencije-za-elektronicke-medije-i-sredisnjeg-drzavnog-ureda-za-razvoj-digitalnog-drustva\/#primaryimage"},"thumbnailUrl":"https:\/\/aem.hr\/wp-content\/uploads\/2020\/02\/IMG_0361.png","datePublished":"2020-02-25T14:20:38+00:00","dateModified":"2020-02-26T10:56:18+00:00","author":{"@id":"https:\/\/aem.hr\/#\/schema\/person\/c100d12574f2ef4fe03266d61bfc55e1"},"breadcrumb":{"@id":"https:\/\/aem.hr\/blog\/2020\/02\/25\/portal-zene-i-mediji-potpisan-sporazum-o-suradnji-izmedu-agencije-za-elektronicke-medije-i-sredisnjeg-drzavnog-ureda-za-razvoj-digitalnog-drustva\/#breadcrumb"},"inLanguage":"en-US","potentialAction":[{"@type":"ReadAction","target":["https:\/\/aem.hr\/blog\/2020\/02\/25\/portal-zene-i-mediji-potpisan-sporazum-o-suradnji-izmedu-agencije-za-elektronicke-medije-i-sredisnjeg-drzavnog-ureda-za-razvoj-digitalnog-drustva\/"]}]},{"@type":"ImageObject","inLanguage":"en-US","@id":"https:\/\/aem.hr\/blog\/2020\/02\/25\/portal-zene-i-mediji-potpisan-sporazum-o-suradnji-izmedu-agencije-za-elektronicke-medije-i-sredisnjeg-drzavnog-ureda-za-razvoj-digitalnog-drustva\/#primaryimage","url":"https:\/\/aem.hr\/wp-content\/uploads\/2020\/02\/IMG_0361.png","contentUrl":"https:\/\/aem.hr\/wp-content\/uploads\/2020\/02\/IMG_0361.png","width":960,"height":720},{"@type":"BreadcrumbList","@id":"https:\/\/aem.hr\/blog\/2020\/02\/25\/portal-zene-i-mediji-potpisan-sporazum-o-suradnji-izmedu-agencije-za-elektronicke-medije-i-sredisnjeg-drzavnog-ureda-za-razvoj-digitalnog-drustva\/#breadcrumb","itemListElement":[{"@type":"ListItem","position":1,"name":"Po\u010detna stranica","item":"https:\/\/aem.hr\/"},{"@type":"ListItem","position":2,"name":"Portal \u017dene i mediji: Potpisan Sporazum o suradnji izme\u0111u Agencije za elektroni\u010dke medije i Sredi\u0161njeg dr\u017eavnog ureda za razvoj digitalnog dru\u0161tva"}]},{"@type":"WebSite","@id":"https:\/\/aem.hr\/#website","url":"https:\/\/aem.hr\/","name":"Agencija za elektroni\u010dke medije","description":"","potentialAction":[{"@type":"SearchAction","target":{"@type":"EntryPoint","urlTemplate":"https:\/\/aem.hr\/?s={search_term_string}"},"query-input":{"@type":"PropertyValueSpecification","valueRequired":true,"valueName":"search_term_string"}}],"inLanguage":"en-US"},{"@type":"Person","@id":"https:\/\/aem.hr\/#\/schema\/person\/c100d12574f2ef4fe03266d61bfc55e1","name":"Matko Kirac","url":"https:\/\/aem.hr\/en\/blog\/author\/mkirac\/"}]}},"author_meta":{"display_name":"Matko Kirac","author_link":"https:\/\/aem.hr\/en\/blog\/author\/mkirac\/"},"featured_img":"https:\/\/aem.hr\/wp-content\/uploads\/2020\/02\/IMG_0361-300x225.png","coauthors":[],"tax_additional":{"categories":{"linked":["<a href=\"https:\/\/aem.hr\/en\/kategorija\/vijesti\/\" class=\"advgb-post-tax-term\">Vijesti<\/a>"],"unlinked":["<span class=\"advgb-post-tax-term\">Vijesti<\/span>"]}},"comment_count":"0","relative_dates":{"created":"Posted 6 years ago","modified":"Updated 6 years ago"},"absolute_dates":{"created":"Posted on 25. February 2020.","modified":"Updated on 26. February 2020."},"absolute_dates_time":{"created":"Posted on 25. February 2020. 15:20","modified":"Updated on 26. February 2020. 11:56"},"featured_img_caption":"","series_order":"","_links":{"self":[{"href":"https:\/\/aem.hr\/en\/wp-json\/wp\/v2\/posts\/6103","targetHints":{"allow":["GET"]}}],"collection":[{"href":"https:\/\/aem.hr\/en\/wp-json\/wp\/v2\/posts"}],"about":[{"href":"https:\/\/aem.hr\/en\/wp-json\/wp\/v2\/types\/post"}],"author":[{"embeddable":true,"href":"https:\/\/aem.hr\/en\/wp-json\/wp\/v2\/users\/18"}],"replies":[{"embeddable":true,"href":"https:\/\/aem.hr\/en\/wp-json\/wp\/v2\/comments?post=6103"}],"version-history":[{"count":3,"href":"https:\/\/aem.hr\/en\/wp-json\/wp\/v2\/posts\/6103\/revisions"}],"predecessor-version":[{"id":6114,"href":"https:\/\/aem.hr\/en\/wp-json\/wp\/v2\/posts\/6103\/revisions\/6114"}],"wp:featuredmedia":[{"embeddable":true,"href":"https:\/\/aem.hr\/en\/wp-json\/wp\/v2\/media\/6112"}],"wp:attachment":[{"href":"https:\/\/aem.hr\/en\/wp-json\/wp\/v2\/media?parent=6103"}],"wp:term":[{"taxonomy":"category","embeddable":true,"href":"https:\/\/aem.hr\/en\/wp-json\/wp\/v2\/categories?post=6103"},{"taxonomy":"post_tag","embeddable":true,"href":"https:\/\/aem.hr\/en\/wp-json\/wp\/v2\/tags?post=6103"}],"curies":[{"name":"wp","href":"https:\/\/api.w.org\/{rel}","templated":true}]}}